{"id":414667,"date":"2025-09-24T19:10:18","date_gmt":"2025-09-24T19:10:18","guid":{"rendered":"https:\/\/www.europesays.com\/fr\/414667\/"},"modified":"2025-09-24T19:10:18","modified_gmt":"2025-09-24T19:10:18","slug":"de-la-lituanie-a-la-norvege-les-incursions-russes-mettent-lotan-a-lepreuve-dans-le-ciel-europeen-liberation","status":"publish","type":"post","link":"https:\/\/www.europesays.com\/fr\/414667\/","title":{"rendered":"De la Lituanie \u00e0 la Norv\u00e8ge, les incursions russes mettent l\u2019Otan \u00e0 l\u2019\u00e9preuve dans le ciel europ\u00e9en \u2013 Lib\u00e9ration"},"content":{"rendered":"<p class=\"sc-cPiKLX AiZTS text-element\">Depuis 2022, si ce n\u2019est 2014, la Russie a entrepris de brouiller la fronti\u00e8re qui s\u00e9pare guerre et paix dans ses relations avec les Occidentaux. La menace est mont\u00e9e insidieusement, franchissant peu \u00e0 peu des paliers alarmants. Aux <a href=\"https:\/\/www.liberation.fr\/international\/europe\/en-europe-comme-un-relent-de-guerre-froide-derriere-les-sabotages-20241215_M6T7SVV5VBFXZFZRHKRRGRRLSY\/\" target=\"_blank\" rel=\"nofollow noopener\" title=\"https:\/\/www.liberation.fr\/international\/europe\/en-europe-comme-un-relent-de-guerre-froide-derriere-les-sabotages-20241215_M6T7SVV5VBFXZFZRHKRRGRRLSY\/\">op\u00e9rations clandestines de d\u00e9stabilisation<\/a> des soci\u00e9t\u00e9s europ\u00e9ennes, qui se sont multipli\u00e9es sous la forme d\u2019incendies de centres commerciaux ou de <a href=\"https:\/\/www.liberation.fr\/societe\/ingerences-etrangeres-peu-de-pays-en-europe-echappent-a-ce-phenomene-20250915_YJQKSZJN55AYDDKXHCZNFRZ52A\/\" target=\"_blank\" rel=\"nofollow noopener\" title=\"https:\/\/www.liberation.fr\/societe\/ingerences-etrangeres-peu-de-pays-en-europe-echappent-a-ce-phenomene-20250915_YJQKSZJN55AYDDKXHCZNFRZ52A\/\">graffitis inqui\u00e9tants<\/a>, ont succ\u00e9d\u00e9 les provocations ouvertes et militaires. Depuis le mois d\u2019ao\u00fbt, au moins cinq pays \u2013 qui comptent tous parmi les plus ardents d\u00e9fenseurs de l\u2019Ukraine \u2013 ont d\u00fb faire face \u00e0 des incursions russes dans leur espace a\u00e9rien. <\/p>\n","protected":false},"excerpt":{"rendered":"Depuis 2022, si ce n\u2019est 2014, la Russie a entrepris de brouiller la fronti\u00e8re qui s\u00e9pare guerre et&hellip;\n","protected":false},"author":2,"featured_media":414668,"comment_status":"","ping_status":"","sticky":false,"template":"","format":"standard","meta":{"footnotes":""},"categories":[1591],"tags":[11,145,554,1909,1887,2050,12,673,136,2437,4868,1885,1886,132],"class_list":{"0":"post-414667","1":"post","2":"type-post","3":"status-publish","4":"format-standard","5":"has-post-thumbnail","7":"category-russie","8":"tag-actualites","9":"tag-danemark","10":"tag-defense","11":"tag-estonie","12":"tag-federation-de-russie","13":"tag-lituanie","14":"tag-news","15":"tag-norvege","16":"tag-otan","17":"tag-pologne","18":"tag-roumanie","19":"tag-russia","20":"tag-russian-federation","21":"tag-russie"},"share_on_mastodon":{"url":"https:\/\/pubeurope.com\/@fr\/115260858304591645","error":""},"_links":{"self":[{"href":"https:\/\/www.europesays.com\/fr\/wp-json\/wp\/v2\/posts\/414667","targetHints":{"allow":["GET"]}}],"collection":[{"href":"https:\/\/www.europesays.com\/fr\/wp-json\/wp\/v2\/posts"}],"about":[{"href":"https:\/\/www.europesays.com\/fr\/wp-json\/wp\/v2\/types\/post"}],"author":[{"embeddable":true,"href":"https:\/\/www.europesays.com\/fr\/wp-json\/wp\/v2\/users\/2"}],"replies":[{"embeddable":true,"href":"https:\/\/www.europesays.com\/fr\/wp-json\/wp\/v2\/comments?post=414667"}],"version-history":[{"count":0,"href":"https:\/\/www.europesays.com\/fr\/wp-json\/wp\/v2\/posts\/414667\/revisions"}],"wp:featuredmedia":[{"embeddable":true,"href":"https:\/\/www.europesays.com\/fr\/wp-json\/wp\/v2\/media\/414668"}],"wp:attachment":[{"href":"https:\/\/www.europesays.com\/fr\/wp-json\/wp\/v2\/media?parent=414667"}],"wp:term":[{"taxonomy":"category","embeddable":true,"href":"https:\/\/www.europesays.com\/fr\/wp-json\/wp\/v2\/categories?post=414667"},{"taxonomy":"post_tag","embeddable":true,"href":"https:\/\/www.europesays.com\/fr\/wp-json\/wp\/v2\/tags?post=414667"}],"curies":[{"name":"wp","href":"https:\/\/api.w.org\/{rel}","templated":true}]}}