{"id":41467,"date":"2025-04-21T12:18:09","date_gmt":"2025-04-21T12:18:09","guid":{"rendered":"https:\/\/www.europesays.com\/fr\/41467\/"},"modified":"2025-04-21T12:18:09","modified_gmt":"2025-04-21T12:18:09","slug":"les-reactions-a-lyon-et-dans-le-rhone","status":"publish","type":"post","link":"https:\/\/www.europesays.com\/fr\/41467\/","title":{"rendered":"les r\u00e9actions \u00e0 Lyon et dans le Rh\u00f4ne"},"content":{"rendered":"<p>        &#13;<br \/>\n        <a href=\"https:\/\/www.europesays.com\/fr\/wp-content\/uploads\/2025\/04\/image-1743413192.jpg\" title=\"Le p\u00e8re Christian Delorme. Photo Jo\u00ebl Philippon\" class=\"chocolat-image GA-tracking\" data-ga_type=\"click\" data-ga_category=\"D\u00e9tail\" data-ga_action=\"zoomer\" data-ga_label=\"agrandir image\">&#13;<br \/>\n            <img loading=\"lazy\" decoding=\"async\" src=\"https:\/\/www.europesays.com\/fr\/wp-content\/uploads\/2025\/04\/image-1743413192.jpg\" alt=\"Le p\u00e8re Christian Delorme. Photo Jo\u00ebl Philippon\"\/>&#13;<br \/>\n        <\/a>&#13;<br \/>\n                Le p\u00e8re Christian Delorme. Photo Jo\u00ebl Philippon&#13;<\/p>\n<p>\u00ab\u00a0Ce matin, nous sommes tous un peu sid\u00e9r\u00e9s, on le voyait encore \u00e0 Saint-Pierre hier pour c\u00e9l\u00e9brer. Mais en m\u00eame temps, c&rsquo;est plut\u00f4t un signe de b\u00e9n\u00e9diction, nous a confi\u00e9 Christian Delorme, pr\u00eatre du dioc\u00e8se de Lyon. Il a servi et aim\u00e9 jusqu\u2019au bout, c\u2019est sans doute ce qu\u2019il voulait. Alors, il y a des larmes et de l\u2019\u00e9merveillement de le voir partir aujourd\u2019hui.\u00a0\u00bb<\/p>\n<p>Le pr\u00eatre ajoute\u00a0: \u00ab\u00a0J\u2019appr\u00e9ciais beaucoup le pape Fran\u00e7ois, j\u2019\u00e9tais en accord avec lui. Pour moi, c&rsquo;\u00e9tait le pape des migrants. Ce matin, il y a \u00e9videmment de la tristesse, mais c\u2019est aussi une action de gr\u00e2ce\u00a0\u00bb.<\/p>\n","protected":false},"excerpt":{"rendered":"&#13; &#13; &#13; &#13; Le p\u00e8re Christian Delorme. Photo Jo\u00ebl Philippon&#13; \u00ab\u00a0Ce matin, nous sommes tous un peu&hellip;\n","protected":false},"author":2,"featured_media":41468,"comment_status":"","ping_status":"","sticky":false,"template":"","format":"standard","meta":{"footnotes":""},"categories":[1889],"tags":[1111,11,2430,3152,2757,3153,3154,3155,3156,1777,674,107,1011,27,2428,1391,12,5889,25,2429],"class_list":{"0":"post-41467","1":"post","2":"type-post","3":"status-publish","4":"format-standard","5":"has-post-thumbnail","7":"category-lyon","8":"tag-actu","9":"tag-actualites","10":"tag-auvergne-rhone-alpes","11":"tag-edition-est-lyonnais","12":"tag-edition-lyon-villeurbanne","13":"tag-edition-ouest-lyonnais","14":"tag-edition-sud-lyonnais","15":"tag-edition-tarare","16":"tag-edition-villefranche","17":"tag-eu","18":"tag-europe","19":"tag-fil-info","20":"tag-fr","21":"tag-france","22":"tag-lyon","23":"tag-necrologie","24":"tag-news","25":"tag-religion-croyance","26":"tag-republique-francaise","27":"tag-rhone"},"share_on_mastodon":{"url":"https:\/\/pubeurope.com\/@fr\/114375917877611150","error":""},"_links":{"self":[{"href":"https:\/\/www.europesays.com\/fr\/wp-json\/wp\/v2\/posts\/41467","targetHints":{"allow":["GET"]}}],"collection":[{"href":"https:\/\/www.europesays.com\/fr\/wp-json\/wp\/v2\/posts"}],"about":[{"href":"https:\/\/www.europesays.com\/fr\/wp-json\/wp\/v2\/types\/post"}],"author":[{"embeddable":true,"href":"https:\/\/www.europesays.com\/fr\/wp-json\/wp\/v2\/users\/2"}],"replies":[{"embeddable":true,"href":"https:\/\/www.europesays.com\/fr\/wp-json\/wp\/v2\/comments?post=41467"}],"version-history":[{"count":0,"href":"https:\/\/www.europesays.com\/fr\/wp-json\/wp\/v2\/posts\/41467\/revisions"}],"wp:featuredmedia":[{"embeddable":true,"href":"https:\/\/www.europesays.com\/fr\/wp-json\/wp\/v2\/media\/41468"}],"wp:attachment":[{"href":"https:\/\/www.europesays.com\/fr\/wp-json\/wp\/v2\/media?parent=41467"}],"wp:term":[{"taxonomy":"category","embeddable":true,"href":"https:\/\/www.europesays.com\/fr\/wp-json\/wp\/v2\/categories?post=41467"},{"taxonomy":"post_tag","embeddable":true,"href":"https:\/\/www.europesays.com\/fr\/wp-json\/wp\/v2\/tags?post=41467"}],"curies":[{"name":"wp","href":"https:\/\/api.w.org\/{rel}","templated":true}]}}