{"id":414677,"date":"2025-09-24T19:15:14","date_gmt":"2025-09-24T19:15:14","guid":{"rendered":"https:\/\/www.europesays.com\/fr\/414677\/"},"modified":"2025-09-24T19:15:14","modified_gmt":"2025-09-24T19:15:14","slug":"a-quoi-faut-il-sattendre-en-france-liberation","status":"publish","type":"post","link":"https:\/\/www.europesays.com\/fr\/414677\/","title":{"rendered":"\u00e0 quoi faut-il s\u2019attendre en France\u00a0? \u2013 Lib\u00e9ration"},"content":{"rendered":"<p class=\"sc-cPiKLX AiZTS text-element\">Dans le nord des Philippines, le supertyphon Ragasa, ses rafales de vents \u00e0 plus de 200 km\/h, ses pluies torrentielles et son <a href=\"https:\/\/www.liberation.fr\/international\/asie-pacifique\/un-potentiel-de-destruction-eleve-hongkong-et-le-sud-de-la-chine-se-preparent-a-une-tempete-dune-force-majeure-20250923_AMWJIWDU4VAZ7FVIO7EO6XEHEU\/\" target=\"_blank\" rel=\"noreferrer noopener\" title=\"https:\/\/www.liberation.fr\/international\/asie-pacifique\/un-potentiel-de-destruction-eleve-hongkong-et-le-sud-de-la-chine-se-preparent-a-une-tempete-dune-force-majeure-20250923_AMWJIWDU4VAZ7FVIO7EO6XEHEU\/\">\u00abpotentiel de destruction \u00e9lev\u00e9\u00bb<\/a> continue de tout ravager sur son passage <a href=\"https:\/\/www.liberation.fr\/international\/asie-pacifique\/evacuations-mises-a-labri-et-annulations-de-vols-les-philippines-taiwan-et-la-chine-aux-prises-avec-le-typhon-ragasa-20250922_ZIY7W5YXGZAQ7DNYIBMDX2BKEU\/\" target=\"_blank\" rel=\"noreferrer noopener\" title=\"https:\/\/www.liberation.fr\/international\/asie-pacifique\/evacuations-mises-a-labri-et-annulations-de-vols-les-philippines-taiwan-et-la-chine-aux-prises-avec-le-typhon-ragasa-20250922_ZIY7W5YXGZAQ7DNYIBMDX2BKEU\/\">depuis dimanche<\/a>. Ce mercredi 24 septembre au matin, Hongkong a ainsi \u00e9t\u00e9 plac\u00e9 en alerte maximale. <\/p>\n<p class=\"sc-cPiKLX AiZTS text-element\">Au large de l\u2019Atlantique du Nord, une autre temp\u00eate \u2013 baptis\u00e9e Gabrielle \u2013 est elle aussi particuli\u00e8rement scrut\u00e9e. Le ph\u00e9nom\u00e8ne, cinqui\u00e8me cyclone le plus puissant enregistr\u00e9 cette saison avec un vent maximum de 222 km\/h, se trouve actuellement au large des Bermudes, \u00e0 l\u2019est des Etats-Unis. <\/p>\n<p class=\"sc-cPiKLX AiZTS text-element\">Et d\u2019ici \u00e0 la fin de semaine, Gabrielle poursuivra sa course \u00e0 travers l\u2019Atlantique et pourrait, <a href=\"https:\/\/www.nhc.noaa.gov\/refresh\/graphics_at2+shtml\/240833.shtml?wwCone#contents\" target=\"_blank\" rel=\"noreferrer noopener\" title=\"https:\/\/www.nhc.noaa.gov\/refresh\/graphics_at2+shtml\/240833.shtml?wwCone#contents\">selon plusieurs <\/a><a href=\"https:\/\/www.nhc.noaa.gov\/refresh\/graphics_at2+shtml\/240833.shtml?wwCone#contents\" target=\"_blank\" rel=\"noreferrer noopener\" title=\"https:\/\/www.nhc.noaa.gov\/refresh\/graphics_at2+shtml\/240833.shtml?wwCone#contents\">pr\u00e9visions<\/a>, atteindre l\u2019Europe. D\u2019apr\u00e8s les sc\u00e9narios les plus probables, l\u2019ouragan devrait s\u2019abattre jeudi sur les A\u00e7ores, archipel au milieu de l\u2019Atlantique. Corentin Perrot, pr\u00e9visionniste \u00e0 M\u00e9t\u00e9o-France contact\u00e9 par Lib\u00e9ration, se veut rassurant :<b> <\/b>m\u00eame si le ph\u00e9nom\u00e8ne sera toujours \u00e0 surveiller, Gabrielle \u00abaura \u00e0 ce stade largement perdu en intensit\u00e9\u00bb. L\u2019ouragan \u00abperd en effet ses caract\u00e9ristiques de temp\u00eate tropicale au fur et \u00e0 mesure de sa progression dans l\u2019Atlantique\u00bb. Ce mercredi, le service m\u00e9t\u00e9orologique am\u00e9ricain l\u2019a notamment d\u00e9j\u00e0 r\u00e9trograd\u00e9e en cat\u00e9gorie 3, sur une \u00e9chelle de 5, pointe le m\u00e9t\u00e9orologue. <\/p>\n<p class=\"sc-cPiKLX AiZTS text-element\">Puis, apr\u00e8s avoir pass\u00e9 les A\u00e7ores, Gabrielle devrait encore perdre en puissance, jusqu\u2019\u00e0 perdre son statut d\u2019ouragan pour celui de \u00abd\u00e9pression classique\u00bb, explique Corentin Perrot. \u00abEntre samedi et dimanche, lorsque Gabrielle touchera le large du Portugal et certaines parties de l\u2019Espagne, les pr\u00e9cipitations seront donc tr\u00e8s limit\u00e9es et les coups de vents notables, mais pas exceptionnelles\u00bb, poursuit-il. <\/p>\n<blockquote class=\"twitter-tweet\">\n<p lang=\"fr\" dir=\"ltr\">L&rsquo;<a href=\"https:\/\/twitter.com\/hashtag\/ouragan?src=hash&amp;ref_src=twsrc%5Etfw\" target=\"_blank\" rel=\"noopener\">#ouragan<\/a> <a href=\"https:\/\/twitter.com\/hashtag\/Gabrielle?src=hash&amp;ref_src=twsrc%5Etfw\" target=\"_blank\" rel=\"noopener\">#Gabrielle<\/a> situ\u00e9 au large des Bermudes remontera en fin de semaine vers l&rsquo;Europe. Bien que certains mod\u00e8les m\u00e9t\u00e9orologiques n&rsquo;excluent pas une trajectoire jusqu&rsquo;en France, il est plus probable qu&rsquo;il s&rsquo;affaiblisse au large des A\u00e7ores, provoquant un redoux chez nous  \ud83c\udf21\ufe0f <a href=\"https:\/\/t.co\/WXuVzFtDn1\">pic.twitter.com\/WXuVzFtDn1<\/a><\/p>\n<p>\u2014 La Cha\u00eene M\u00e9t\u00e9o (@lachainemeteo) <a href=\"https:\/\/twitter.com\/lachainemeteo\/status\/1970057308479611344?ref_src=twsrc%5Etfw\" target=\"_blank\" rel=\"noopener\">September 22, 2025<\/a><\/p><\/blockquote>\n<p class=\"sc-cPiKLX AiZTS text-element\">L\u2019Hexagone sera, lui, totalement \u00e9pargn\u00e9 par le ph\u00e9nom\u00e8ne m\u00e9t\u00e9o, assure le pr\u00e9visionniste chez M\u00e9t\u00e9o-France, qui ajoute que \u00abGabrielle ne frappera pas de plein fouet nos c\u00f4tes\u00bb. Seule cons\u00e9quence possible, qui reste cependant \u00e0 affiner lors des prochains jours : \u00abEn se positionnant au large du Portugal, l\u2019ex-ouragan Gabrielle pourrait nous apporter de l\u2019air chaud et un peu de douceur, puisqu\u2019il rentrerait en interaction avec la <a href=\"https:\/\/connexion.liberation.fr\/autorefresh?referer=https%3a%2f%2fwww.liberation.fr%2fenvironnement%2fclimat%2ftemperatures-glaciales-et-risques-de-neige-en-plaine-une-goutte-froide-annoncee-en-france-pour-la-fin-de-semaine-20250204_NKTXVR473BC5RLX7NRIQOD5AAY%2f\" target=\"_blank\" rel=\"noreferrer noopener\" title=\"https:\/\/connexion.liberation.fr\/autorefresh?referer=https%3a%2f%2fwww.liberation.fr%2fenvironnement%2fclimat%2ftemperatures-glaciales-et-risques-de-neige-en-plaine-une-goutte-froide-annoncee-en-france-pour-la-fin-de-semaine-20250204_NKTXVR473BC5RLX7NRIQOD5AAY%2f\">goutte froide<\/a> qui stationne actuellement au-dessus de la France.\u00bb Un sc\u00e9nario qui correspond par ailleurs aux pr\u00e9visions m\u00e9t\u00e9o des prochains jours, qui annoncent un redoux d\u2019ici \u00e0 la fin de semaine sur une large partie de la France. <\/p>\n<p><script async src=\"https:\/\/platform.twitter.com\/widgets.js\" charset=\"utf-8\"><\/script><\/p>\n","protected":false},"excerpt":{"rendered":"Dans le nord des Philippines, le supertyphon Ragasa, ses rafales de vents \u00e0 plus de 200 km\/h, ses&hellip;\n","protected":false},"author":2,"featured_media":414678,"comment_status":"","ping_status":"","sticky":false,"template":"","format":"standard","meta":{"footnotes":""},"categories":[1586],"tags":[11,1777,674,1011,27,17410,12,25],"class_list":{"0":"post-414677","1":"post","2":"type-post","3":"status-publish","4":"format-standard","5":"has-post-thumbnail","7":"category-europe","8":"tag-actualites","9":"tag-eu","10":"tag-europe","11":"tag-fr","12":"tag-france","13":"tag-intemperies-inondations-crues","14":"tag-news","15":"tag-republique-francaise"},"share_on_mastodon":{"url":"https:\/\/pubeurope.com\/@fr\/115260878063394291","error":""},"_links":{"self":[{"href":"https:\/\/www.europesays.com\/fr\/wp-json\/wp\/v2\/posts\/414677","targetHints":{"allow":["GET"]}}],"collection":[{"href":"https:\/\/www.europesays.com\/fr\/wp-json\/wp\/v2\/posts"}],"about":[{"href":"https:\/\/www.europesays.com\/fr\/wp-json\/wp\/v2\/types\/post"}],"author":[{"embeddable":true,"href":"https:\/\/www.europesays.com\/fr\/wp-json\/wp\/v2\/users\/2"}],"replies":[{"embeddable":true,"href":"https:\/\/www.europesays.com\/fr\/wp-json\/wp\/v2\/comments?post=414677"}],"version-history":[{"count":0,"href":"https:\/\/www.europesays.com\/fr\/wp-json\/wp\/v2\/posts\/414677\/revisions"}],"wp:featuredmedia":[{"embeddable":true,"href":"https:\/\/www.europesays.com\/fr\/wp-json\/wp\/v2\/media\/414678"}],"wp:attachment":[{"href":"https:\/\/www.europesays.com\/fr\/wp-json\/wp\/v2\/media?parent=414677"}],"wp:term":[{"taxonomy":"category","embeddable":true,"href":"https:\/\/www.europesays.com\/fr\/wp-json\/wp\/v2\/categories?post=414677"},{"taxonomy":"post_tag","embeddable":true,"href":"https:\/\/www.europesays.com\/fr\/wp-json\/wp\/v2\/tags?post=414677"}],"curies":[{"name":"wp","href":"https:\/\/api.w.org\/{rel}","templated":true}]}}