{"id":414681,"date":"2025-09-24T19:17:12","date_gmt":"2025-09-24T19:17:12","guid":{"rendered":"https:\/\/www.europesays.com\/fr\/414681\/"},"modified":"2025-09-24T19:17:12","modified_gmt":"2025-09-24T19:17:12","slug":"a-la-veille-de-la-decision-du-tribunal-un-faisceau-dindices-suffisant-pour-une-condamnation-liberation","status":"publish","type":"post","link":"https:\/\/www.europesays.com\/fr\/414681\/","title":{"rendered":"\u00e0 la veille de la d\u00e9cision du tribunal, un \u00abfaisceau d\u2019indices\u00bb suffisant pour une condamnation\u00a0? \u2013 Lib\u00e9ration"},"content":{"rendered":"<p class=\"sc-cPiKLX AiZTS text-element\">Corrompu, malfaiteur ou innocent ? Nicolas Sarkozy, 70 ans, sera fix\u00e9 ce jeudi 25 septembre au matin sur son sort. En cas de condamnation, l\u2019ex-locataire de l\u2019Elys\u00e9e risque jusqu\u2019\u00e0 dix ans de prison. En cause, le potentiel ou \u00e9ventuel financement de sa campagne pr\u00e9sidentielle en 2007 par le r\u00e9gime libyen de Mouammar Kadhafi. Il est formellement poursuivi pour \u00abcorruption\u00bb, \u00abassociation de malfaiteurs\u00bb, \u00abfinancement ill\u00e9gal de campagne \u00e9lectorale\u00bb et \u00abrecel de d\u00e9tournement de fonds publics\u00bb (ceux de la Libye). Dans son r\u00e9quisitoire, le Parquet national financier (PNF) avait r\u00e9clam\u00e9 fin mars sept ans de prison contre l\u2019ex-chef d\u2019Etat, instigateur selon lui d\u2019un \u00abpacte de corruption faustien avec un des dictateurs les plus infr\u00e9quentables de ces trente derni\u00e8res ann\u00e9es\u00bb. Les procureurs n\u2019ont pas requis de mandat de d\u00e9p\u00f4t mais vu la s\u00e9v\u00e9rit\u00e9 des peines requises, le tribunal peut opter pour en d\u00e9livrer un, diff\u00e9r\u00e9 ou pas, assorti ou non de l\u2019ex\u00e9cution provisoire. <\/p>\n","protected":false},"excerpt":{"rendered":"Corrompu, malfaiteur ou innocent ? Nicolas Sarkozy, 70 ans, sera fix\u00e9 ce jeudi 25 septembre au matin sur&hellip;\n","protected":false},"author":2,"featured_media":414682,"comment_status":"","ping_status":"","sticky":false,"template":"","format":"standard","meta":{"footnotes":""},"categories":[2],"tags":[11,1011,27,4367,54484,12,3091,25,5062],"class_list":{"0":"post-414681","1":"post","2":"type-post","3":"status-publish","4":"format-standard","5":"has-post-thumbnail","7":"category-actualites","8":"tag-actualites","9":"tag-fr","10":"tag-france","11":"tag-libye","12":"tag-mouammar-al-kadhafi","13":"tag-news","14":"tag-nicolas-sarkozy","15":"tag-republique-francaise","16":"tag-sarkozy-face-a-la-justice"},"share_on_mastodon":{"url":"https:\/\/pubeurope.com\/@fr\/115260886025347373","error":""},"_links":{"self":[{"href":"https:\/\/www.europesays.com\/fr\/wp-json\/wp\/v2\/posts\/414681","targetHints":{"allow":["GET"]}}],"collection":[{"href":"https:\/\/www.europesays.com\/fr\/wp-json\/wp\/v2\/posts"}],"about":[{"href":"https:\/\/www.europesays.com\/fr\/wp-json\/wp\/v2\/types\/post"}],"author":[{"embeddable":true,"href":"https:\/\/www.europesays.com\/fr\/wp-json\/wp\/v2\/users\/2"}],"replies":[{"embeddable":true,"href":"https:\/\/www.europesays.com\/fr\/wp-json\/wp\/v2\/comments?post=414681"}],"version-history":[{"count":0,"href":"https:\/\/www.europesays.com\/fr\/wp-json\/wp\/v2\/posts\/414681\/revisions"}],"wp:featuredmedia":[{"embeddable":true,"href":"https:\/\/www.europesays.com\/fr\/wp-json\/wp\/v2\/media\/414682"}],"wp:attachment":[{"href":"https:\/\/www.europesays.com\/fr\/wp-json\/wp\/v2\/media?parent=414681"}],"wp:term":[{"taxonomy":"category","embeddable":true,"href":"https:\/\/www.europesays.com\/fr\/wp-json\/wp\/v2\/categories?post=414681"},{"taxonomy":"post_tag","embeddable":true,"href":"https:\/\/www.europesays.com\/fr\/wp-json\/wp\/v2\/tags?post=414681"}],"curies":[{"name":"wp","href":"https:\/\/api.w.org\/{rel}","templated":true}]}}