{"id":414685,"date":"2025-09-24T19:19:27","date_gmt":"2025-09-24T19:19:27","guid":{"rendered":"https:\/\/www.europesays.com\/fr\/414685\/"},"modified":"2025-09-24T19:19:27","modified_gmt":"2025-09-24T19:19:27","slug":"avion-de-combat-europeen-scaf-la-france-prete-a-developper-seule-le-programme","status":"publish","type":"post","link":"https:\/\/www.europesays.com\/fr\/414685\/","title":{"rendered":"Avion de combat europ\u00e9en Scaf : la France pr\u00eate \u00e0 d\u00e9velopper \u00ab\u00a0seule\u00a0\u00bb le programme"},"content":{"rendered":"<ul class=\"jsx-862013697 ArticleChapo__List\">\n<li class=\"jsx-862013697 ArticleChapo__List_Item flex\">La France est pr\u00eate \u00e0 d\u00e9velopper \u00ab\u00a0seule\u00a0\u00bb un futur avion de combat si les discussions avec l&rsquo;Allemagne et l&rsquo;Espagne sur le programme de Syst\u00e8me de combat a\u00e9rien futur \u00e9chouent.<\/li>\n<li class=\"jsx-862013697 ArticleChapo__List_Item flex\">C&rsquo;est ce qu&rsquo;a affirm\u00e9 ce mercredi un responsable fran\u00e7ais.<\/li>\n<li class=\"jsx-862013697 ArticleChapo__List_Item flex\">Cette prise de position rejoint celle exprim\u00e9e la veille par Dassault Aviation, chef de file industriel du projet pour la France.<\/li>\n<\/ul>\n<p><a href=\"https:\/\/www.tf1info.fr\/actualite\/ukraine-guerre-l-europe-union-mise-au-defi-par-president-etats-unis-americain-donald-trump-13886\/\" rel=\"noopener\" class=\"jsx-484472199 Link jsx-1428418400 jsx-554215408\" target=\"_blank\"><\/p>\n<p style=\"font-weight:400\" class=\"jsx-1837267516\">Suivez la couverture compl\u00e8te<\/p>\n<p style=\"font-weight:800\" class=\"jsx-1837267516\">R\u00e9armement : l&rsquo;Europe mise au d\u00e9fi<\/p>\n<p><\/a><\/p>\n<p data-module=\"article-paragraph\" class=\"jsx-3046738180 Paragraph\">Le <a href=\"https:\/\/www.tf1info.fr\/high-tech\/video-futur-avion-de-combat-europeen-airbus-dassault-en-quoi-le-scaf-qui-remplacera-le-rafale-sera-t-il-revolutionnaire-2239201.html\" target=\"_blank\" rel=\"noopener\">Syst\u00e8me de combat a\u00e9rien futur (Scaf) <\/a>a du plomb dans l&rsquo;aile. La France est pr\u00eate \u00e0 d\u00e9velopper \u00ab\u00a0seule\u00a0\u00bb un futur avion de combat si les discussions avec l&rsquo;Allemagne et l&rsquo;Espagne sur le programme relatif au Scaf \u00e9chouent, a affirm\u00e9 \u00e0 l&rsquo;AFP ce mercredi 24 septembre un responsable fran\u00e7ais, sous couvert d&rsquo;anonymat, \u00e0 un moment o\u00f9 la France attend la nomination d&rsquo;un nouveau ministre des Arm\u00e9es.<\/p>\n<p data-module=\"article-paragraph\" class=\"jsx-3046738180 Paragraph Paragraph__End\">\u00ab\u00a0Si on ne parvient effectivement pas \u00e0 trouver d&rsquo;accord sur une r\u00e9organisation du programme, la France saura faire un avion de chasse seule, ce qui ne veut pas dire en franco-fran\u00e7ais\u00a0\u00bb, a confi\u00e9 ce responsable, alors que Berlin et Madrid consid\u00e8rent le projet europ\u00e9en en panne.<\/p>\n<p>Dassault capable de construire \u00ab\u00a0tout seul de A \u00e0 Z\u00a0\u00bb<\/p>\n<p data-module=\"article-paragraph\" class=\"jsx-3046738180 Paragraph\">Cette prise de position rejoint celle exprim\u00e9e la veille par Dassault Aviation, chef de file industriel du projet pour la France. Dassault est capable de construire \u00ab\u00a0tout seul de A \u00e0 Z\u00a0\u00bb le futur avion de combat europ\u00e9en, a d\u00e9clar\u00e9 mardi le PDG du groupe \u00c9ric Trappier.\u00a0<\/p>\n<p data-module=\"article-paragraph\" class=\"jsx-3046738180 Paragraph Paragraph__End\">\u00ab\u00a0La France dispose aujourd&rsquo;hui en propre, de mani\u00e8re souveraine, de toute l&rsquo;expertise, des comp\u00e9tences, du tissu industriel et du r\u00e9seau europ\u00e9en pour \u00eatre en capacit\u00e9 de d\u00e9velopper, de produire, puis de maintenir cet avion\u00a0\u00bb, a ajout\u00e9 le responsable \u00e0 l&rsquo;AFP. Ces consid\u00e9rations sont dues, selon cette source, au \u00ab\u00a0besoin imp\u00e9rieux\u00a0\u00bb de respecter le calendrier pr\u00e9vu et d&rsquo;assurer la mission de dissuasion nucl\u00e9aire fran\u00e7aise, actuellement men\u00e9e par <a href=\"https:\/\/www.tf1info.fr\/international\/video-drones-russes-au-coeur-de-la-mission-des-rafale-francais-charges-de-surveiller-le-ciel-polonais-2395186.html\" target=\"_blank\" rel=\"noopener\">les avions Rafale<\/a>.<\/p>\n<p>Un programme \u00e9valu\u00e9 \u00e0 pr\u00e8s de 100 milliards d&rsquo;euros<\/p>\n<p data-module=\"article-paragraph\" class=\"jsx-3046738180 Paragraph\">Lanc\u00e9 en 2017 par Angela Merkel et Emmanuel Macron comme un \u00e9tendard de la coop\u00e9ration de d\u00e9fense entre les deux pays, avant d&rsquo;\u00eatre rejoint par l&rsquo;Espagne, le projet de Syst\u00e8me de combat a\u00e9rien futur vise \u00e0 remplacer \u00e0 l&rsquo;horizon 2040 les Rafale fran\u00e7ais et Eurofighter allemands et espagnols. Mais <a href=\"https:\/\/www.tf1info.fr\/economie\/avion-de-combat-europe-2040-un-accord-trouve-entre-les-industriels-2239152.html\" target=\"_blank\" rel=\"noopener\">ce programme industriel<\/a>, \u00e9valu\u00e9 par les experts \u00e0 pr\u00e8s de 100 milliards d&rsquo;euros, est ponctu\u00e9 de tensions entre industriels de chaque pays.<\/p>\n<p data-module=\"article-paragraph\" class=\"jsx-3046738180 Paragraph Paragraph__End\">Les discussions sur la r\u00e9partition de la charge de travail et la gouvernance du programme entre industriels repr\u00e9sentant chaque pays (Dassault pour la France, Airbus pour l&rsquo;Allemagne et l&rsquo;Espagne), qui sont les sources de tensions r\u00e9currentes depuis le lancement du programme en 2017, sont actuellement bloqu\u00e9es. Dassault r\u00e9clame plus d&rsquo;autonomie dans son r\u00f4le de ma\u00eetre d&rsquo;\u0153uvre industriel, pour lequel il a \u00e9t\u00e9 d\u00e9sign\u00e9 par les trois \u00c9tats.<\/p>\n<p><a href=\"https:\/\/www.tf1info.fr\/economie\/video-reportage-tf1-dans-les-coulisses-de-la-fabrication-de-l-avion-rafale-ce-fleuron-de-l-industrie-francaise-de-defense-2377052.html\" rel=\"noopener\" class=\"jsx-3308031228 Link flex\" target=\"_blank\"><img decoding=\"async\" src=\"https:\/\/www.europesays.com\/fr\/wp-content\/uploads\/2025\/09\/cap-jt-20h-tf1-avion-rafale-de-dassault-aviation-2d99e2-0@1x.jpeg\" alt=\"TF1\" loading=\"lazy\" importance=\"low\" fetchpriority=\"low\" class=\"\" aria-hidden=\"true\"\/><\/p>\n<p class=\"jsx-3657663356 ReadMoreArticle__Title\">Lire aussi<\/p>\n<p class=\"jsx-3657663356\">Dans les coulisses de la fabrication du Rafale, ce fleuron de l&rsquo;industrie fran\u00e7aise de d\u00e9fense<\/p>\n<p><\/a><\/p>\n<p data-module=\"article-paragraph\" class=\"jsx-3046738180 Paragraph Paragraph__End\">Les tensions s&rsquo;exacerbent alors que le projet doit entrer en \u00ab\u00a0phase 2&Prime;en 2026 avec la construction d&rsquo;un d\u00e9monstrateur, sorte de pr\u00e9-prototype destin\u00e9 \u00e0 \u00e9valuer les technologies retenues et qui doit voler \u00e0 l&rsquo;horizon 2029. Elle requiert pr\u00e8s de cinq milliards d&rsquo;euros d&rsquo;investissement.\u00a0<\/p>\n<p>\u00ab\u00a0Nous n&rsquo;avan\u00e7ons pas dans ce projet\u00a0\u00bb, regrette Friedrich Merz<\/p>\n<p data-module=\"article-paragraph\" class=\"jsx-3046738180 Paragraph Paragraph__End\">Lors d&rsquo;une visite \u00e0 Madrid la semaine derni\u00e8re, <a href=\"https:\/\/www.tf1info.fr\/international\/guerre-en-ukraine-russie-le-chancelier-allemand-friedrich-merz-sur-lci-vladimir-poutine-veut-restaurer-l-union-sovietique-2391620.html\" target=\"_blank\" rel=\"noopener\">le chancelier allemand Friedrich Merz<\/a> a d\u00e9clar\u00e9 que l&rsquo;Allemagne et l&rsquo;Espagne voulaient \u00ab\u00a0essayer d&rsquo;arriver \u00e0 une solution d&rsquo;ici fin 2025\u00a0\u00bb. \u00ab\u00a0Nous partageons le m\u00eame avis : la situation actuelle n&rsquo;est pas satisfaisante. Nous n&rsquo;avan\u00e7ons pas dans ce projet\u00a0\u00bb, a d\u00e9clar\u00e9 le chancelier allemand aux c\u00f4t\u00e9s de son homologue espagnol.<\/p>\n<p><a href=\"https:\/\/www.tf1info.fr\/international\/defense-europeenne-pourquoi-est-elle-si-difficile-a-mettre-en-place-2351327.html\" rel=\"noopener\" class=\"jsx-3308031228 Link flex\" target=\"_blank\"><img decoding=\"async\" src=\"https:\/\/www.europesays.com\/fr\/wp-content\/uploads\/2025\/04\/union-europeenne-illustration-accbf5-0@1x.jpeg\" alt=\"ILLUSTRATION\" loading=\"lazy\" importance=\"low\" fetchpriority=\"low\" class=\"\" aria-hidden=\"true\"\/><\/p>\n<p class=\"jsx-3657663356 ReadMoreArticle__Title\">Lire aussi<\/p>\n<p class=\"jsx-3657663356\">D\u00e9fense europ\u00e9enne : pourquoi est-elle si difficile \u00e0 mettre en place ?<\/p>\n<p><\/a><\/p>\n<p data-module=\"article-paragraph\" class=\"jsx-3046738180 Paragraph Paragraph__End\">En cas d&rsquo;\u00e9chec du Scaf, la France devrait financer seule le d\u00e9veloppement de l&rsquo;avion, dit de sixi\u00e8me g\u00e9n\u00e9ration. Nombre d&rsquo;observateurs doutent qu&rsquo;elle en ait les moyens alors que ses finances publiques sont au plus mal et qu&rsquo;elle doit d\u00e9j\u00e0 financer sa remont\u00e9e en puissance militaire face \u00e0 la menace pos\u00e9e par la Russie. Mais pour \u00c9ric Trappier, \u00ab\u00a0faire un avion de combat et faire une arme, c&rsquo;est une volont\u00e9 politique\u00a0\u00bb.<\/p>\n<p>J.C avec AFP<\/p>\n","protected":false},"excerpt":{"rendered":"La France est pr\u00eate \u00e0 d\u00e9velopper \u00ab\u00a0seule\u00a0\u00bb un futur avion de combat si les discussions avec l&rsquo;Allemagne et&hellip;\n","protected":false},"author":2,"featured_media":414686,"comment_status":"","ping_status":"","sticky":false,"template":"","format":"standard","meta":{"footnotes":""},"categories":[4],"tags":[1111,11,672,1921,13143,123,674,1011,27,1922,12,1919,25,133,1920],"class_list":{"0":"post-414685","1":"post","2":"type-post","3":"status-publish","4":"format-standard","5":"has-post-thumbnail","7":"category-france","8":"tag-actu","9":"tag-actualites","10":"tag-allemagne","11":"tag-article-video","12":"tag-avion-secteur-aerien","13":"tag-espagne","14":"tag-europe","15":"tag-fr","16":"tag-france","17":"tag-info","18":"tag-news","19":"tag-rearmement-leurope-mise-au-defi","20":"tag-republique-francaise","21":"tag-video","22":"tag-video-international"},"share_on_mastodon":{"url":"https:\/\/pubeurope.com\/@fr\/115260894494414806","error":""},"_links":{"self":[{"href":"https:\/\/www.europesays.com\/fr\/wp-json\/wp\/v2\/posts\/414685","targetHints":{"allow":["GET"]}}],"collection":[{"href":"https:\/\/www.europesays.com\/fr\/wp-json\/wp\/v2\/posts"}],"about":[{"href":"https:\/\/www.europesays.com\/fr\/wp-json\/wp\/v2\/types\/post"}],"author":[{"embeddable":true,"href":"https:\/\/www.europesays.com\/fr\/wp-json\/wp\/v2\/users\/2"}],"replies":[{"embeddable":true,"href":"https:\/\/www.europesays.com\/fr\/wp-json\/wp\/v2\/comments?post=414685"}],"version-history":[{"count":0,"href":"https:\/\/www.europesays.com\/fr\/wp-json\/wp\/v2\/posts\/414685\/revisions"}],"wp:featuredmedia":[{"embeddable":true,"href":"https:\/\/www.europesays.com\/fr\/wp-json\/wp\/v2\/media\/414686"}],"wp:attachment":[{"href":"https:\/\/www.europesays.com\/fr\/wp-json\/wp\/v2\/media?parent=414685"}],"wp:term":[{"taxonomy":"category","embeddable":true,"href":"https:\/\/www.europesays.com\/fr\/wp-json\/wp\/v2\/categories?post=414685"},{"taxonomy":"post_tag","embeddable":true,"href":"https:\/\/www.europesays.com\/fr\/wp-json\/wp\/v2\/tags?post=414685"}],"curies":[{"name":"wp","href":"https:\/\/api.w.org\/{rel}","templated":true}]}}