{"id":414693,"date":"2025-09-24T19:26:10","date_gmt":"2025-09-24T19:26:10","guid":{"rendered":"https:\/\/www.europesays.com\/fr\/414693\/"},"modified":"2025-09-24T19:26:10","modified_gmt":"2025-09-24T19:26:10","slug":"exclu-lors-du-classique-om-psg-de-zerbi-connait-sa-sanction","status":"publish","type":"post","link":"https:\/\/www.europesays.com\/fr\/414693\/","title":{"rendered":"exclu lors du Classique OM-PSG, De Zerbi conna\u00eet sa sanction"},"content":{"rendered":"<p>L\u2019entra\u00eeneur de l\u2019Olympique de Marseille avait re\u00e7u un carton rouge dans le temps additionnel du choc remport\u00e9 par son \u00e9quipe au Stade V\u00e9lodrome.<\/p>\n<p class=\"fig-paragraph\"><a href=\"http:\/\/www.lefigaro.fr\/sports\/football\/ligue-1\/c-etait-un-reve-de-battre-le-psg-de-zerbi-aux-anges-apres-le-succes-de-l-om-20250922\" data-fig-type=\"NewsFlash\" data-gtm-custom-categorie=\"navigation\" data-gtm-custom-action=\"crossclick\" data-gtm-custom-label=\"Contextuel\" data-gtm-event=\"customEventSPE\" data-fig-domain=\"LEFIGARO\" target=\"_blank\" rel=\"noopener\">Roberto De Zerbi<\/a>\u00a0peut souffler. Suite \u00e0 son carton rouge re\u00e7u en fin de match lors du Classique OM-PSG,<a href=\"http:\/\/www.lefigaro.fr\/sports\/football\/ligue-1\/ligue-1-les-marseillais-s-offrent-le-classique-face-au-psg-dans-un-velodrome-en-feu-20250922\" data-fig-type=\"NewsFlash\" data-gtm-custom-categorie=\"navigation\" data-gtm-custom-action=\"crossclick\" data-gtm-custom-label=\"Contextuel\" data-gtm-event=\"customEventSPE\" data-fig-domain=\"LEFIGARO\" target=\"_blank\" rel=\"noopener\">\u00a0remport\u00e9 par les Marseillais lundi au Stade V\u00e9lodrome<\/a>, l\u2019entra\u00eeneur italien voyait son cas \u00eatre \u00e9tudi\u00e9 ce mercredi par la commission de discipline de la Ligue de football professionnel.<\/p>\n<p class=\"fig-paragraph\">Une commission qui a sanctionn\u00e9 \u00abRDZ\u00bb d\u2019un match ferme de suspension, assorti d\u2019un autre avec sursis. Le coach de l\u2019OM sera donc priv\u00e9 de banc de touche, de vestiaires d\u2019arbitres et de toutes fonctions officielles vendredi \u00e0 Strasbourg, lors de la 6e journ\u00e9e de Ligue 1.<\/p>\n<p>                                    <a class=\"fig-a11y-skip a11y-hidden\" href=\"#fig-a11y-skip-main-inarticle\"><br \/>\n        Passer la publicit\u00e9<br \/>\n    <\/a><\/p>\n<p>Double faute<\/p>\n<p class=\"fig-paragraph\">\u00c0 la 90e minute du choc entre Marseillais et Parisiens, De Zerbi s\u2019\u00e9tait emport\u00e9 contre l\u2019arbitre central J\u00e9r\u00f4me Brisard apr\u00e8s, selon lui, une faute non siffl\u00e9e d\u2019Achraf Hakimi sur son attaquant Robinio Vaz. Il avait d\u2019abord \u00e9cop\u00e9 d\u2019un carton jaune avant que Mr Brisard ne sorte le rouge suite \u00e0 des protestations virulentes du Transalpin, tr\u00e8s \u00e9nerv\u00e9.<\/p>\n<p class=\"fig-paragraph\">Exclu, l\u2019ancien entra\u00eeneur de Brighton avait suivi la fin du match au premier rang de la tribune, passant ses derni\u00e8res consignes \u00e0 son staff positionn\u00e9 juste devant lui. Or, c\u2019est interdit par les textes du r\u00e8glement disciplinaire de la LFP, un technicien expuls\u00e9 n\u2019ayant pas le droit de \u00abcommuniquer directement ou indirectement avec toute personne pr\u00e9sente sur la feuille de match. Il doit se positionner a minima au 8e rang \u00e0 partir du dernier rang du banc de touche.\u00bb<\/p>\n<p class=\"fig-paragraph\"><strong>Les autres d\u00e9cisions de la commission de discipline ce mercredi\u00a0:\u00a0<\/strong><\/p>\n<ul class=\"fig-list\">\n<li>Fredrik Oppegard (AJ Auxerre): un match ferme et un avec sursis<\/li>\n<li>Enzo Basilio (AS Nancy-Lorraine): deux matchs fermes<\/li>\n<li>Julien Laporte (Montpellier H\u00e9rault SC): deux matchs fermes*<\/li>\n<li>Yoann Salmier (Clermont Foot 63): deux matchs fermes<\/li>\n<li>Opa Sangant\u00e9 (USL Dunkerque): un match ferme et un avec sursis<\/li>\n<li>Malang Gomes (Le Mans FC): un match ferme<\/li>\n<li>Harold Voyer (Le Mans FC): un match ferme<\/li>\n<li>Christophe Lollichon (USL Dunkerque): deux matchs fermes<\/li>\n<li>Fermeture pour deux matchs de la tribune Quimper \u00e0 Brest pour usage d\u2019engins pyrotechniques<\/li>\n<\/ul>\n","protected":false},"excerpt":{"rendered":"L\u2019entra\u00eeneur de l\u2019Olympique de Marseille avait re\u00e7u un carton rouge dans le temps additionnel du choc remport\u00e9 par&hellip;\n","protected":false},"author":2,"featured_media":414694,"comment_status":"","ping_status":"","sticky":false,"template":"","format":"standard","meta":{"footnotes":""},"categories":[1412],"tags":[1451,1452,1453,1454,1455,1011,27,1176,91,60],"class_list":{"0":"post-414693","1":"post","2":"type-post","3":"status-publish","4":"format-standard","5":"has-post-thumbnail","7":"category-f1","8":"tag-f1","9":"tag-formula-1","10":"tag-formula1","11":"tag-formule-1","12":"tag-formule1","13":"tag-fr","14":"tag-france","15":"tag-olympique-de-marseille","16":"tag-paris-saint-germain","17":"tag-sports"},"share_on_mastodon":{"url":"https:\/\/pubeurope.com\/@fr\/115260921222503534","error":""},"_links":{"self":[{"href":"https:\/\/www.europesays.com\/fr\/wp-json\/wp\/v2\/posts\/414693","targetHints":{"allow":["GET"]}}],"collection":[{"href":"https:\/\/www.europesays.com\/fr\/wp-json\/wp\/v2\/posts"}],"about":[{"href":"https:\/\/www.europesays.com\/fr\/wp-json\/wp\/v2\/types\/post"}],"author":[{"embeddable":true,"href":"https:\/\/www.europesays.com\/fr\/wp-json\/wp\/v2\/users\/2"}],"replies":[{"embeddable":true,"href":"https:\/\/www.europesays.com\/fr\/wp-json\/wp\/v2\/comments?post=414693"}],"version-history":[{"count":0,"href":"https:\/\/www.europesays.com\/fr\/wp-json\/wp\/v2\/posts\/414693\/revisions"}],"wp:featuredmedia":[{"embeddable":true,"href":"https:\/\/www.europesays.com\/fr\/wp-json\/wp\/v2\/media\/414694"}],"wp:attachment":[{"href":"https:\/\/www.europesays.com\/fr\/wp-json\/wp\/v2\/media?parent=414693"}],"wp:term":[{"taxonomy":"category","embeddable":true,"href":"https:\/\/www.europesays.com\/fr\/wp-json\/wp\/v2\/categories?post=414693"},{"taxonomy":"post_tag","embeddable":true,"href":"https:\/\/www.europesays.com\/fr\/wp-json\/wp\/v2\/tags?post=414693"}],"curies":[{"name":"wp","href":"https:\/\/api.w.org\/{rel}","templated":true}]}}