{"id":414695,"date":"2025-09-24T19:27:13","date_gmt":"2025-09-24T19:27:13","guid":{"rendered":"https:\/\/www.europesays.com\/fr\/414695\/"},"modified":"2025-09-24T19:27:13","modified_gmt":"2025-09-24T19:27:13","slug":"drome-a-valence-les-cyclistes-pedalent-entre-les-ameliorations-et-les-difficultes-le-dauphine-libere","status":"publish","type":"post","link":"https:\/\/www.europesays.com\/fr\/414695\/","title":{"rendered":"Dr\u00f4me. \u00c0 Valence, les cyclistes p\u00e9dalent entre les am\u00e9liorations et les difficult\u00e9s &#8211; Le Dauphin\u00e9 Lib\u00e9r\u00e9"},"content":{"rendered":"<ol>\n<li><a href=\"https:\/\/news.google.com\/rss\/articles\/CBMiswFBVV95cUxNWEJSajBuRWNuNFlpcXlPT09qaFJIREZKc2xIQl9XVHFBM1prd3FlYk9tVm9UaUM5LXo0aU9JN3BZdVlvdkVRV3JwbHpiY01XM2hHbjBmS202SnljM2EteWVmRmkxRXNOVWxPZzNpb08xMXNvcTBCdzhoSGl3RDllSklHdUFWX1FLT2FzNXNsVkdpMkVEUjNuNHJnTkc0UUtUdTcyNF9HRFNjeEV2UmhVZVRIOA?oc=5\" target=\"_blank\" rel=\"noopener\">Dr\u00f4me. \u00c0 Valence, les cyclistes p\u00e9dalent entre les am\u00e9liorations et les difficult\u00e9s<\/a>&nbsp;&nbsp;Le Dauphin\u00e9 Lib\u00e9r\u00e9<\/li>\n<li><a href=\"https:\/\/news.google.com\/rss\/articles\/CBMikgJBVV95cUxPb2lDSU92LS1mT0pzOC1ZVEJ2YkN2LTN0YmZVdU1SUnJvZi1QdFZuYjhfUHEtd0ctOWZrM2lYNFhxLUNiYVJxaGJxZG96UzZMZUROZDFubkd6cGxCaWpfOW1aaFRTRDRyZm5seEZaOXNyRjRJM09nTExka1liMDA1YnJGcU5FeFdaMHlBM2g4ekJkamlxb0VOVFY5cU42QUx0VmZTM3B1WDN6VVZtX0Rwd2swN2stTFI4NGZRZ205YmZuM2hxQS1TQnVxa0dKRjhuRDhpalBMbElLVHNtaTVfQ1ZoZGZseFFVWUNSNUNYNHlHUGhOVUw0YzNpQzM4ODdWbXA1VXhWZlB6M0pTalpmcHd3?oc=5\" target=\"_blank\" rel=\"noopener\">La pratique cycliste quotidienne plut\u00f4t favorable : selon le Barom\u00e8tre v\u00e9lo 2025, Caen p\u00e9dale dur<\/a>&nbsp;&nbsp;Ouest-France<\/li>\n<li><a href=\"https:\/\/news.google.com\/rss\/articles\/CBMilgFBVV95cUxQRTQ0MTFISUVnY1NVSVlvY2o5dHdWaHVyS05pbFRzYVNBSVNLcW1ycVZ0XzkwUXVGTTlnVEloeVFMT1pjNC1kMnBaWXNDMkZiQTJWbEpJcVFEb0ZYTU5XcEFhZWtxc3BsOXBQb240djhDMUFSNUpNbU1JMFkybTNVZWF0ZEx3MkJOcERNOEZsMlVhVGNKZlE?oc=5\" target=\"_blank\" rel=\"noopener\">Transport. Que retenir du Barom\u00e8tre v\u00e9lo en Nord-Is\u00e8re ?<\/a>&nbsp;&nbsp;Le Dauphin\u00e9 Lib\u00e9r\u00e9<\/li>\n<li><a href=\"https:\/\/news.google.com\/rss\/articles\/CBMi5wFBVV95cUxPekJjdnc2Tld0RXlmR0NZbzA5OGU1M3FHS1RjRzhHWVNaNTBMMm9UMDhlaUxhcEcyaVhHb0lfVU9HcWgwemtMejd5cHEycm5FWGdVTXJOQVBXOUNMcFJ5RTBlMVhsZlNHM2xaMTY4ZkdRTzVCMkE1Qm1Lel8wOXlmSVV2aGNtT2lVUzhvMXhKVFlMMHVMM2dtLU5PaEJONjFhdFhBaTFGcUJRbmlrM044YmRPZU5GMEVXU01uQWstcDFlbk1fVjJtRkRkLXhGRGhFcEFVMUU2Z09CcTE5OG1nQUlKaUZHSVU?oc=5\" target=\"_blank\" rel=\"noopener\">Palmar\u00e8s du Barom\u00e8tre v\u00e9lo : la ville d&rsquo;Aix-en-Provence reste en queue de peloton du classement<\/a>&nbsp;&nbsp;La Provence<\/li>\n<li><a href=\"https:\/\/news.google.com\/rss\/articles\/CBMirAFBVV95cUxQVWplLWltUHVnV0tuR0ZkQW0wZjUzNUxyUklkcEtmZXVnUEVkdWpNUXVPaFJrc3RtcHJ0enFFTUNuRzNXcmduZktOdl9YSnVzcW8wTXlvQVNicWtVR0E3UGtfRGtNOTVpWVdhTl8tdll3X1FUUG1wMklaTzkybVRMWGhfR3hqY1JzVmZUQlR4WGZCSjFHRzROZHF6YmFmV09KSVh6YVVjR3JaV0xB?oc=5\" target=\"_blank\" rel=\"noopener\">Avec ses kilom\u00e8tres de pistes cyclables, la ville bien lotie<\/a>&nbsp;&nbsp;Midi Libre<\/li>\n<\/ol>\n","protected":false},"excerpt":{"rendered":"Dr\u00f4me. \u00c0 Valence, les cyclistes p\u00e9dalent entre les am\u00e9liorations et les difficult\u00e9s&nbsp;&nbsp;Le Dauphin\u00e9 Lib\u00e9r\u00e9 La pratique cycliste quotidienne&hellip;\n","protected":false},"author":2,"featured_media":414696,"comment_status":"","ping_status":"","sticky":false,"template":"","format":"standard","meta":{"footnotes":""},"categories":[1411],"tags":[3542,1154,207,2730,2735,1011,27,60,2803,2733,2734],"class_list":{"0":"post-414695","1":"post","2":"type-post","3":"status-publish","4":"format-standard","5":"has-post-thumbnail","7":"category-cyclisme","8":"tag-circulation","9":"tag-cycling","10":"tag-cyclisme","11":"tag-drome","12":"tag-edition-valence-rhone-crussol-vallee-de-la-drome","13":"tag-fr","14":"tag-france","15":"tag-sports","16":"tag-transport","17":"tag-valence","18":"tag-valence-bassin"},"share_on_mastodon":{"url":"https:\/\/pubeurope.com\/@fr\/115260925212358033","error":""},"_links":{"self":[{"href":"https:\/\/www.europesays.com\/fr\/wp-json\/wp\/v2\/posts\/414695","targetHints":{"allow":["GET"]}}],"collection":[{"href":"https:\/\/www.europesays.com\/fr\/wp-json\/wp\/v2\/posts"}],"about":[{"href":"https:\/\/www.europesays.com\/fr\/wp-json\/wp\/v2\/types\/post"}],"author":[{"embeddable":true,"href":"https:\/\/www.europesays.com\/fr\/wp-json\/wp\/v2\/users\/2"}],"replies":[{"embeddable":true,"href":"https:\/\/www.europesays.com\/fr\/wp-json\/wp\/v2\/comments?post=414695"}],"version-history":[{"count":0,"href":"https:\/\/www.europesays.com\/fr\/wp-json\/wp\/v2\/posts\/414695\/revisions"}],"wp:featuredmedia":[{"embeddable":true,"href":"https:\/\/www.europesays.com\/fr\/wp-json\/wp\/v2\/media\/414696"}],"wp:attachment":[{"href":"https:\/\/www.europesays.com\/fr\/wp-json\/wp\/v2\/media?parent=414695"}],"wp:term":[{"taxonomy":"category","embeddable":true,"href":"https:\/\/www.europesays.com\/fr\/wp-json\/wp\/v2\/categories?post=414695"},{"taxonomy":"post_tag","embeddable":true,"href":"https:\/\/www.europesays.com\/fr\/wp-json\/wp\/v2\/tags?post=414695"}],"curies":[{"name":"wp","href":"https:\/\/api.w.org\/{rel}","templated":true}]}}