{"id":414700,"date":"2025-09-24T19:30:12","date_gmt":"2025-09-24T19:30:12","guid":{"rendered":"https:\/\/www.europesays.com\/fr\/414700\/"},"modified":"2025-09-24T19:30:12","modified_gmt":"2025-09-24T19:30:12","slug":"philippe-geluck-va-installer-20-statues-du-chat-au-parc-de-la-tete-dor-de-lyon-pendant-5-mois","status":"publish","type":"post","link":"https:\/\/www.europesays.com\/fr\/414700\/","title":{"rendered":"Philippe Geluck va installer 20 statues du Chat au parc de la T\u00eate d&rsquo;Or de Lyon pendant 5 mois"},"content":{"rendered":"<p>Le Chat\u00a0prend la pose\u00a0! Pour la premi\u00e8re fois, notre\u00a0<strong>matou de\u00a0BD pr\u00e9f\u00e9r\u00e9<\/strong>\u00a0s\u2019expose en plein air dans des \u0153uvres gigantesques \u00e0 Lyon. D\u00e8s le 3 octobre et\u00a0<strong>jusqu&rsquo;au 1er mars 2026<\/strong>, ce sont\u00a0<strong>20 statues en bronze du\u00a0<\/strong><strong>Chat<\/strong><strong>\u00a0de Geluck de 2,7\u00a0m\u00e8tres de haut<\/strong>\u00a0qui seront expos\u00e9es au coeur du parc de la T\u00eate d&rsquo;Or. \u00c0 savoir qu&rsquo;auparavant les chats prennaient la pause \u00e0 Paris sur la plus belle avenue du monde, puis ensuite \u00e0 Bordeaux, \u00e0 Caen, \u00e0 Gen\u00e8ve&#8230; Les statues poursuivent leur road-trip et viennent passer 5 mois \u00e0 Lyon.\u00a0<\/p>\n<p>&#13;<\/p>\n<blockquote class=\"instagram-media\" data-instgrm-permalink=\"https:\/\/www.instagram.com\/p\/CM1dS_on83n\/?utm_source=ig_embed&amp;utm_campaign=loading\" data-instgrm-version=\"14\" style=\"background: #FFF; border: 0; border-radius: 3px; box-shadow: 0 0 1px 0 rgba(0,0,0,0.5),0 1px 10px 0 rgba(0,0,0,0.15); margin: 1px; max-width: 540px; min-width: 326px; padding: 0; width: calc(100% - 2px);\"><p>&#13;<br \/>\n&#13;\n<\/p><\/blockquote>\n<p>&#13;<br \/>\n&#13;<br \/>\n<b>20 statues tous les 20 m\u00e8tres<\/b>&#13;<\/p>\n<p class=\"p1\">\u00ab\u00a0\u2009\u00c0 travers ces vingt pi\u00e8ces, j\u2019esp\u00e8re apporter au public de la joie, du rire et une certaine po\u00e9sie surr\u00e9aliste que nous affectionnons en Belgique\u00a0\u2009\u00bb, confie le dessinateur. Et quel plaisir que de retrouver notre cher b\u00e9d\u00e9iste belge chez nous\u00a0! L\u2019homme aux multiples casquettes n\u2019est pas seulement dessinateur, il est aussi<strong>\u00a0humoriste, com\u00e9dien, chroniqueur et\u2026 sculpteur<\/strong>, depuis plus de 25 ans. \u00ab\u00a0J\u2019ai mis en volume\u00a0<strong>Le Chat<\/strong><strong>\u00a0en 1988 pour la premi\u00e8re fois<\/strong>, dans de la terre glaise. Cette terre est ensuite moul\u00e9e, on en fait une cire puis un bronze.\u00a0\u00bb<\/p>\n<p>&#13;<\/p>\n<blockquote class=\"instagram-media\" data-instgrm-captioned=\"\" data-instgrm-permalink=\"https:\/\/www.instagram.com\/p\/CSbTd6gqXz8\/?utm_source=ig_embed&amp;utm_campaign=loading\" data-instgrm-version=\"14\" style=\"background: #FFF; border: 0; border-radius: 3px; box-shadow: 0 0 1px 0 rgba(0,0,0,0.5),0 1px 10px 0 rgba(0,0,0,0.15); margin: 1px; max-width: 540px; min-width: 326px; padding: 0; width: calc(100% - 2px);\"><p>&#13;<br \/>\n&#13;\n<\/p><\/blockquote>\n<p>&#13;<br \/>\n&#13;<\/p>\n<p class=\"p1\">En travaillant sur l\u2019ouverture du\u00a0<strong>Mus\u00e9e du Chat et du dessin d\u2019humour \u00e0 Bruxelles<\/strong>, Geluck a pris la d\u00e9cision \u00ab\u00a0d\u2019envoyer son personnage se balader\u00a0\u00bb en attendant l\u2019inauguration pr\u00e9vue pour 2027. Ni une, ni deux, le voil\u00e0 bient\u00f4t dans le <a href=\"https:\/\/www.lebonbon.fr\/lyon\/news\/parc-de-la-tete-d-or-lyon-plus-grand-parc-urbain-france\/\" rel=\"nofollow noopener\" target=\"_blank\">plus grand parc urbain de France<\/a> pour cinq mois d\u2019expo en plein air\u00a0: l&rsquo;occasion de red\u00e9couvrir son travail et de red\u00e9couvrir<strong>\u00a0Le Chat\u00a0jouant de la fl\u00fbte, en tutu de ballet, en train d\u2019\u00e9craser une voiture<\/strong>\u2026\u00a0<\/p>\n<p>&#13;<\/p>\n<blockquote class=\"instagram-media\" data-instgrm-captioned=\"\" data-instgrm-permalink=\"https:\/\/www.instagram.com\/reel\/CcxgN1eqMw-\/?utm_source=ig_embed&amp;utm_campaign=loading\" data-instgrm-version=\"14\" style=\"background: #FFF; border: 0; border-radius: 3px; box-shadow: 0 0 1px 0 rgba(0,0,0,0.5),0 1px 10px 0 rgba(0,0,0,0.15); margin: 1px; max-width: 540px; min-width: 326px; padding: 0; width: calc(100% - 2px);\"><p>&#13;<br \/>\n&#13;\n<\/p><\/blockquote>\n<p>&#13;<br \/>\n&#13;<\/p>\n<p class=\"p1\">A d\u00e9couvrir d\u00e8s octobre\u00a0!\u00a0<\/p>\n<p><script async src=\"\/\/www.instagram.com\/embed.js\"><\/script><\/p>\n","protected":false},"excerpt":{"rendered":"Le Chat\u00a0prend la pose\u00a0! Pour la premi\u00e8re fois, notre\u00a0matou de\u00a0BD pr\u00e9f\u00e9r\u00e9\u00a0s\u2019expose en plein air dans des \u0153uvres gigantesques&hellip;\n","protected":false},"author":2,"featured_media":414701,"comment_status":"","ping_status":"","sticky":false,"template":"","format":"standard","meta":{"footnotes":""},"categories":[1358],"tags":[1348,1384,1385,1386,58,59,1011,27],"class_list":{"0":"post-414700","1":"post","2":"type-post","3":"status-publish","4":"format-standard","5":"has-post-thumbnail","7":"category-arts-et-design","8":"tag-arts","9":"tag-arts-and-design","10":"tag-arts-et-design","11":"tag-design","12":"tag-divertissement","13":"tag-entertainment","14":"tag-fr","15":"tag-france"},"share_on_mastodon":{"url":"https:\/\/pubeurope.com\/@fr\/115260936953758253","error":""},"_links":{"self":[{"href":"https:\/\/www.europesays.com\/fr\/wp-json\/wp\/v2\/posts\/414700","targetHints":{"allow":["GET"]}}],"collection":[{"href":"https:\/\/www.europesays.com\/fr\/wp-json\/wp\/v2\/posts"}],"about":[{"href":"https:\/\/www.europesays.com\/fr\/wp-json\/wp\/v2\/types\/post"}],"author":[{"embeddable":true,"href":"https:\/\/www.europesays.com\/fr\/wp-json\/wp\/v2\/users\/2"}],"replies":[{"embeddable":true,"href":"https:\/\/www.europesays.com\/fr\/wp-json\/wp\/v2\/comments?post=414700"}],"version-history":[{"count":0,"href":"https:\/\/www.europesays.com\/fr\/wp-json\/wp\/v2\/posts\/414700\/revisions"}],"wp:featuredmedia":[{"embeddable":true,"href":"https:\/\/www.europesays.com\/fr\/wp-json\/wp\/v2\/media\/414701"}],"wp:attachment":[{"href":"https:\/\/www.europesays.com\/fr\/wp-json\/wp\/v2\/media?parent=414700"}],"wp:term":[{"taxonomy":"category","embeddable":true,"href":"https:\/\/www.europesays.com\/fr\/wp-json\/wp\/v2\/categories?post=414700"},{"taxonomy":"post_tag","embeddable":true,"href":"https:\/\/www.europesays.com\/fr\/wp-json\/wp\/v2\/tags?post=414700"}],"curies":[{"name":"wp","href":"https:\/\/api.w.org\/{rel}","templated":true}]}}