{"id":414708,"date":"2025-09-24T19:34:24","date_gmt":"2025-09-24T19:34:24","guid":{"rendered":"https:\/\/www.europesays.com\/fr\/414708\/"},"modified":"2025-09-24T19:34:24","modified_gmt":"2025-09-24T19:34:24","slug":"je-ne-sais-pas-pourquoi-ils-ne-lont-pas-fait","status":"publish","type":"post","link":"https:\/\/www.europesays.com\/fr\/414708\/","title":{"rendered":"\u201cJe ne sais pas pourquoi ils ne l&rsquo;ont pas fait\u201d"},"content":{"rendered":"<p><strong>Qui d\u2019autre que Christian Clavier pouvait se coiffer du<br \/>\ncasque ail\u00e9 d\u2019Ast\u00e9rix ?<\/strong> Plusieurs acteurs, nous<br \/>\ndirez-vous, tant il a \u00e9t\u00e9, doubl\u00e9 par <strong>Roger Carel<\/strong>,<br \/>\nau d\u00e9part, dans les dessins anim\u00e9s de notre enfance, puis incarn\u00e9<br \/>\nau cin\u00e9ma par plusieurs autres interpr\u00e8tes. Mais, le premier \u00e0<br \/>\nporter la moustache blonde fournie du Gaulois, c\u2019est Christian<br \/>\nClavier. <strong>Un r\u00f4le taill\u00e9 sur mesure pour le membre du<br \/>\nSplendid et grand pote de G\u00e9rard Depardieu incarnant \u00e0 ses c\u00f4t\u00e9s<br \/>\nOb\u00e9lix.<\/strong> Forc\u00e9ment. Pourtant, plus de 20 ans apr\u00e8s,<br \/>\nChristian Clavier vide son sac sur la saga cin\u00e9matographique culte,<br \/>\nadapt\u00e9 de la BD \u00e9ponyme, pour cette raison particuli\u00e8re\u2026<\/p>\n<p>Christian Clavier : le com\u00e9dien azimut\u00e9 du Splendid<\/p>\n<p>Au d\u00e9but, Christian Clavier ne roule pas sa bosse en solo. Il<br \/>\n\u00e9volue dans le collectif du Splendid. Joyeuse troupe de gais lurons<br \/>\nqui \u00e9cument les <strong>caf\u00e9s-th\u00e9\u00e2tres<\/strong> avec ses<br \/>\nrepr\u00e9sentations. <strong>Une de leur pi\u00e8ce, Amours, coquillages<br \/>\net crustac\u00e9s, conna\u00eet son petit succ\u00e8s.<\/strong> Elle est<br \/>\nensuite transpos\u00e9e sur grand \u00e9cran avec les m\u00eames com\u00e9diens sous la<br \/>\nhoulette de <strong>Patrice Leconte<\/strong>, cin\u00e9aste. <strong>Il<br \/>\ns\u2019agit des Bronz\u00e9s, <a href=\"https:\/\/www.melty.fr\/people\/a-72-ans-christian-clavier-sans-tabou-sur-sa-vie-intime-un-ras-le-bol-2168256.html\" target=\"_blank\" rel=\"noopener\"><br \/>\nfilm culte et interg\u00e9n\u00e9rationnel s\u2019il en est<\/a>.<\/strong><\/p>\n<p>Les ann\u00e9es passant, chaque membre du Splendid entame une<br \/>\ncarri\u00e8re solo en parall\u00e8le. <strong>Christian Clavier, de son c\u00f4t\u00e9,<br \/>\ncom\u00e9dien azimut\u00e9 de la bande, tire son \u00e9pingle du jeu en devenant<br \/>\nle taulier de la com\u00e9die fran\u00e7aise.<\/strong> En 2025, cela fait 50<br \/>\nans qu\u2019il fait rire le public dans des com\u00e9dies embl\u00e9matiques du<br \/>\n<strong>patrimoine fran\u00e7ais<\/strong> : Les<br \/>\nBronz\u00e9s, donc, mais aussi Le P\u00e8re-No\u00ebl est une<br \/>\nordure, <a href=\"https:\/\/www.melty.fr\/people\/des-annees-apres-christian-clavier-furax-fustige-les-visiteurs-le-film-est-foutu-2264379.html\" target=\"_blank\" rel=\"noopener\"><br \/>\nPapy fait de la r\u00e9sistance ou Les Visiteurs et<br \/>\nAst\u00e9rix<\/a>.<\/p>\n<p>Il \u00e9tait l\u2019interpr\u00e8te id\u00e9al pour incarner Ast\u00e9rix au cin\u00e9<\/p>\n<p><strong>De fait, au cin\u00e9ma, Christian Clavier a incarn\u00e9 le<br \/>\nc\u00e9l\u00e8bre petit Gaulois dans deux aventures.<\/strong> En 1999,<br \/>\nd\u2019abord, dans Ast\u00e9rix et Ob\u00e9lix contre C\u00e9sar,<br \/>\nstarter de la saga cin\u00e9matographique \u00e0 venir. Puis, trois<br \/>\nans apr\u00e8s, dans le chef-d\u2019\u0153uvre sign\u00e9 <strong>Alain<br \/>\nChabat<\/strong>, Ast\u00e9rix et Ob\u00e9lix &#8211; Mission Cl\u00e9op\u00e2tre.<br \/>\n<strong>Classique du genre, adaptation d\u00e9cal\u00e9e de l\u00a0\u00bb\u0153uvre originale<br \/>\nde Goscinny et Uderzo remix\u00e9 \u00e0 l\u2019humour des Nuls.<\/strong><br \/>\nImparable, intemporel et inimitable !<\/p>\n<p>R\u00e9cemment, Christian Clavier a pass\u00e9 une t\u00eate dans <strong>Le<br \/>\nVid\u00e9oclub<\/strong>, interview-concept chez <strong>Konbini<\/strong><br \/>\ninspir\u00e9 de l\u2019entreprise de distribution de films am\u00e9ricaine,<br \/>\n<strong>Criterion<\/strong>. \u201cJe trouve qu\u2019il y a des sc\u00e9narios<br \/>\nmeilleurs que celui-l\u00e0 [\u2026]\u201d, lance Clavier en faisant<br \/>\nr\u00e9f\u00e9rence \u00e0 Ast\u00e9rix et Ob\u00e9lix &#8211; Au service de Sa Majest\u00e9.<br \/>\n<strong>\u00c9pisode o\u00f9 il ne joue pas le h\u00e9ros, remplac\u00e9 alors par un<br \/>\nEdouard Baer totalement \u00e0 c\u00f4t\u00e9 de ses pompes.<\/strong> Car Clavier<br \/>\n\u00e9tait id\u00e9al pour <strong>Ast\u00e9rix<\/strong>.<\/p>\n<p>Christian Clavier, son gros coup de<br \/>\ngueule sur Ast\u00e9rix<\/p>\n<p>Car, en plus de l\u2019avoir jou\u00e9 en live deux fois \u00e0<br \/>\nl\u2019\u00e9cran, le com\u00e9dien l\u2019a aussi doubl\u00e9 dans le <strong>film<br \/>\nd\u2019animation<\/strong> Ast\u00e9rix &#8211; Le Secret de la potion<br \/>\nmagique en 2018. Il succ\u00e8de ainsi \u00e0 la voix de Roger Carel,<br \/>\ndoubleur du c\u00e9l\u00e8bre Gaulois. Ce dernier, surnomm\u00e9 \u2018Le Pape du<br \/>\ndoublage\u2019 ou \u2018L\u2019Homme aux 1000 voix\u2019 d\u00e9c\u00e9dera deux ans plus tard.<br \/>\n<strong>D\u2019ailleurs, Clavier, dans son entretien fleuve donn\u00e9 \u00e0<br \/>\nKonbini, explique qu\u2019il va \u00e0 nouveau pr\u00eater sa tessiture \u00e0 Ast\u00e9rix<br \/>\n\u201cl\u2019ann\u00e9e prochaine\u201d.<\/strong><\/p>\n<p>\u201cC\u2019est tr\u00e8s difficile les Ast\u00e9rix \u00e0 r\u00e9ussir&#8230;\u201d, lance<br \/>\nl\u2019interpr\u00e8te de Mission Cl\u00e9op\u00e2tre. Avant<br \/>\nd\u2019ajouter : \u201cDonc, Chabat a vraiment r\u00e9ussi un chef-d\u2019\u0153uvre<br \/>\nlui. <strong>Claude Zidi<\/strong> [cin\u00e9aste, NDLR], le<br \/>\npremier [film, en 99,]\u00a0a \u00e9t\u00e9 tr\u00e8s respectueux de la<br \/>\nBD. Et je dirais que le couple avec G\u00e9rard [Depardieu]<br \/>\n\u00e9tait exceptionnel dans nos contraires [&#8230;]\u201d La<br \/>\njournaliste du m\u00e9dia en ligne intervient : \u201c<strong>Il devait y<br \/>\navoir, il me semble, un Ast\u00e9rix par G\u00e9rard Jugnot\u2026<\/strong>\u201d<br \/>\nChristian Clavier, lui, change un peu de ton : \u201cOui, qui \u00e9tait<br \/>\nformidable [sur le papier]. Un tr\u00e8s tr\u00e8s bon sc\u00e9nario qui<br \/>\nse passait en Espagne, en Hispanie. Et \u00e7a, je l\u2019aurais refait<br \/>\n[&#8230;] Et le film de G\u00e9rard, il \u00e9tait tr\u00e8s bien [comme<br \/>\nprojet]. <strong>Je ne sais pas pourquoi il ne l\u2019ont pas<br \/>\nfait.<\/strong> Je peux pas vous dire \u00e7a. Pour moi, je me suis dit :<br \/>\nl\u2019aventure est termin\u00e9e.\u201d Jusqu\u2019au prochain long-m\u00e9trage<br \/>\nd\u2019animation, par Toutatis !<\/p>\n","protected":false},"excerpt":{"rendered":"Qui d\u2019autre que Christian Clavier pouvait se coiffer du casque ail\u00e9 d\u2019Ast\u00e9rix ? Plusieurs acteurs, nous direz-vous, tant&hellip;\n","protected":false},"author":2,"featured_media":414709,"comment_status":"","ping_status":"","sticky":false,"template":"","format":"standard","meta":{"footnotes":""},"categories":[1354],"tags":[905,2203,58,59,1346,1011,27,1360],"class_list":{"0":"post-414708","1":"post","2":"type-post","3":"status-publish","4":"format-standard","5":"has-post-thumbnail","7":"category-films","8":"tag-a-la-une-melty","9":"tag-christian-clavier","10":"tag-divertissement","11":"tag-entertainment","12":"tag-films","13":"tag-fr","14":"tag-france","15":"tag-movies"},"share_on_mastodon":{"url":"https:\/\/pubeurope.com\/@fr\/115260954771402961","error":""},"_links":{"self":[{"href":"https:\/\/www.europesays.com\/fr\/wp-json\/wp\/v2\/posts\/414708","targetHints":{"allow":["GET"]}}],"collection":[{"href":"https:\/\/www.europesays.com\/fr\/wp-json\/wp\/v2\/posts"}],"about":[{"href":"https:\/\/www.europesays.com\/fr\/wp-json\/wp\/v2\/types\/post"}],"author":[{"embeddable":true,"href":"https:\/\/www.europesays.com\/fr\/wp-json\/wp\/v2\/users\/2"}],"replies":[{"embeddable":true,"href":"https:\/\/www.europesays.com\/fr\/wp-json\/wp\/v2\/comments?post=414708"}],"version-history":[{"count":0,"href":"https:\/\/www.europesays.com\/fr\/wp-json\/wp\/v2\/posts\/414708\/revisions"}],"wp:featuredmedia":[{"embeddable":true,"href":"https:\/\/www.europesays.com\/fr\/wp-json\/wp\/v2\/media\/414709"}],"wp:attachment":[{"href":"https:\/\/www.europesays.com\/fr\/wp-json\/wp\/v2\/media?parent=414708"}],"wp:term":[{"taxonomy":"category","embeddable":true,"href":"https:\/\/www.europesays.com\/fr\/wp-json\/wp\/v2\/categories?post=414708"},{"taxonomy":"post_tag","embeddable":true,"href":"https:\/\/www.europesays.com\/fr\/wp-json\/wp\/v2\/tags?post=414708"}],"curies":[{"name":"wp","href":"https:\/\/api.w.org\/{rel}","templated":true}]}}