{"id":414721,"date":"2025-09-24T19:41:11","date_gmt":"2025-09-24T19:41:11","guid":{"rendered":"https:\/\/www.europesays.com\/fr\/414721\/"},"modified":"2025-09-24T19:41:11","modified_gmt":"2025-09-24T19:41:11","slug":"marion-marechal-sautonomise-du-rn-pour-mieux-defendre-lunion-des-droites","status":"publish","type":"post","link":"https:\/\/www.europesays.com\/fr\/414721\/","title":{"rendered":"Marion Mar\u00e9chal s\u2019autonomise du RN pour mieux d\u00e9fendre l\u2019union des droites"},"content":{"rendered":"<p><strong>D\u00c9CRYPTAGE &#8211;<\/strong> Apr\u00e8s un rapprochement avec son ancien parti \u00e0 la faveur de la dissolution, la ni\u00e8ce de Marine Le\u00a0Pen a chang\u00e9 de refrain et a d\u00e9cid\u00e9 d\u2019arr\u00eater de jouer le bon soldat et de faire entendre sa partition.<\/p>\n<p class=\"fig-paragraph\">Impressionnante,\u00a0<a href=\"http:\/\/www.lefigaro.fr\/politique\/marion-marechal-et-son-compagnon-victimes-d-un-grave-accident-de-voiture-en-italie-20250818\" target=\"_blank\" data-fig-type=\"NewsFlash\" rel=\"noopener\" data-gtm-custom-categorie=\"navigation\" data-gtm-custom-action=\"crossclick\" data-gtm-custom-label=\"Contextuel\" data-gtm-event=\"customEventSPE\" data-fig-domain=\"LEFIGARO\">l\u2019image de sa voiture gravement accident\u00e9e sur une route italienne<\/a>\u00a0s\u2019est impos\u00e9e sur les \u00e9crans des Fran\u00e7ais cet \u00e9t\u00e9. Alors, pour sa premi\u00e8re interview de ce c\u00f4t\u00e9 des Alpes depuis l\u2019\u00e9v\u00e9nement,\u00a0<a href=\"http:\/\/www.lefigaro.fr\/politique\/c-est-passionnant-et-parfois-aussi-tres-frustrant-la-nouvelle-vie-bruxelloise-de-marion-marechal-20250320\" target=\"_blank\" data-fig-type=\"Article\" rel=\"noopener\" data-gtm-custom-categorie=\"navigation\" data-gtm-custom-action=\"crossclick\" data-gtm-custom-label=\"Contextuel\" data-gtm-event=\"customEventSPE\" data-fig-domain=\"LEFIGARO\">Marion Mar\u00e9chal<\/a>\u00a0y est forc\u00e9ment revenue. \u00ab\u00a0Avec mon mari, nous sommes des miracul\u00e9s, explique la d\u00e9put\u00e9e europ\u00e9enne Identit\u00e9-Libert\u00e9s (IDL), jeudi sur LCI. Nous avons pris une voiture en frontal \u00e0 pr\u00e8s de 100\u00a0km\/h. Je remercie Dieu d\u2019\u00eatre encore l\u00e0 et que mes filles n\u2019aient pas \u00e9t\u00e9 dans la voiture.\u00a0\u00bb Un de ses proches r\u00e9sume\u00a0: \u00ab\u00a0Incroyable, le nombre de messages qu\u2019elle a re\u00e7us apr\u00e8s son accident, et l\u2019\u00e9cho que cela a eu.\u00a0\u00bb Est-ce pour cela que l\u2019ex-enfant ch\u00e9rie du Front national a d\u00e9cid\u00e9 d\u2019affirmer un peu plus son ambition\u00a0? \u00c0 35\u00a0ans, l\u2019ancienne benjamine de l\u2019Assembl\u00e9e (2012-2017) est en tout cas une survivante.<\/p>\n<p class=\"fig-paragraph\">Depuis la rentr\u00e9e, la ni\u00e8ce de\u00a0<a href=\"http:\/\/www.lefigaro.fr\/politique\/sebastien-lecornu-sera-censure-dans-quelques-semaines-ou-quelques-mois-previent-marine-le-pen-20250914\" target=\"_blank\" data-fig-type=\"NewsFlash\" rel=\"noopener\" data-gtm-custom-categorie=\"navigation\" data-gtm-custom-action=\"crossclick\" data-gtm-custom-label=\"Contextuel\" data-gtm-event=\"customEventSPE\" data-fig-domain=\"LEFIGARO\">Marine Le Pen<\/a>\u00a0a chang\u00e9 de refrain. Elle a d\u00e9cid\u00e9 d\u2019arr\u00eater de jouer le bon soldat avec le Rassemblement national (RN)\u2026<\/p>\n<p class=\"fig-premium-paywall__infos\">\n        Cet article est r\u00e9serv\u00e9 aux abonn\u00e9s.        Il vous reste 85% \u00e0 d\u00e9couvrir.\n    <\/p>\n<p>                <img  data- alt=\"Le Figaro\" class=\"fig-img--complete fig-img\"\/><\/p>\n<p class=\"fig-premium-paywall__title\">Vous avez envie de lire la suite ?<\/p>\n<p class=\"fig-premium-paywall__subtitle\">D\u00e9bloquez tous les articles imm\u00e9diatement.<\/p>\n<p class=\"fig-premium-paywall__connect\">\n                D\u00e9j\u00e0 abonn\u00e9\u00a0?                <a class=\"fig-premium-paywall__connect-link\" href=\"https:\/\/connect.lefigaro.fr\/login?client=horizon_web&amp;type=main&amp;redirect_uri=https%3A%2F%2Fwww.lefigaro.fr%2Fpolitique%2Fmarion-marechal-s-autonomise-du-rn-pour-mieux-defendre-l-union-des-droites-20250924\" data-js-gtm=\"{&quot;customCategorie&quot;: &quot;conversion&quot;, &quot;customAction&quot;: &quot;before_Landing_Connexion_paywall_auto&quot;, &quot;customLabel&quot;: &quot;bGVmaWdhcm8uZnJfXzFmMDk4NjBkLWFhYWItNmQyYy04NzU2LWJkNmI5NGQzYTQyNV9fQXJ0aWNsZQ==_Marion Mar\u00e9chal s\u2019autonomise du RN pour mieux d\u00e9fendre l\u2019union des droites_148&quot;, &quot;customIDSPE&quot;: &quot;bGVmaWdhcm8uZnJfXzFmMDk4NjBkLWFhYWItNmQyYy04NzU2LWJkNmI5NGQzYTQyNV9fQXJ0aWNsZQ==&quot;, &quot;event&quot;: &quot;customEventSPE&quot;}\" target=\"_blank\" rel=\"noopener\"><br \/>\n                    Connectez-vous<br \/>\n                <\/a>\n            <\/p>\n","protected":false},"excerpt":{"rendered":"D\u00c9CRYPTAGE &#8211; Apr\u00e8s un rapprochement avec son ancien parti \u00e0 la faveur de la dissolution, la ni\u00e8ce de&hellip;\n","protected":false},"author":2,"featured_media":414722,"comment_status":"","ping_status":"","sticky":false,"template":"","format":"standard","meta":{"footnotes":""},"categories":[4],"tags":[11,1011,27,3044,430,15233,12,25],"class_list":{"0":"post-414721","1":"post","2":"type-post","3":"status-publish","4":"format-standard","5":"has-post-thumbnail","7":"category-france","8":"tag-actualites","9":"tag-fr","10":"tag-france","11":"tag-giorgia-meloni","12":"tag-marine-le-pen","13":"tag-marion-marechal","14":"tag-news","15":"tag-republique-francaise"},"share_on_mastodon":{"url":"https:\/\/pubeurope.com\/@fr\/115260980240910147","error":""},"_links":{"self":[{"href":"https:\/\/www.europesays.com\/fr\/wp-json\/wp\/v2\/posts\/414721","targetHints":{"allow":["GET"]}}],"collection":[{"href":"https:\/\/www.europesays.com\/fr\/wp-json\/wp\/v2\/posts"}],"about":[{"href":"https:\/\/www.europesays.com\/fr\/wp-json\/wp\/v2\/types\/post"}],"author":[{"embeddable":true,"href":"https:\/\/www.europesays.com\/fr\/wp-json\/wp\/v2\/users\/2"}],"replies":[{"embeddable":true,"href":"https:\/\/www.europesays.com\/fr\/wp-json\/wp\/v2\/comments?post=414721"}],"version-history":[{"count":0,"href":"https:\/\/www.europesays.com\/fr\/wp-json\/wp\/v2\/posts\/414721\/revisions"}],"wp:featuredmedia":[{"embeddable":true,"href":"https:\/\/www.europesays.com\/fr\/wp-json\/wp\/v2\/media\/414722"}],"wp:attachment":[{"href":"https:\/\/www.europesays.com\/fr\/wp-json\/wp\/v2\/media?parent=414721"}],"wp:term":[{"taxonomy":"category","embeddable":true,"href":"https:\/\/www.europesays.com\/fr\/wp-json\/wp\/v2\/categories?post=414721"},{"taxonomy":"post_tag","embeddable":true,"href":"https:\/\/www.europesays.com\/fr\/wp-json\/wp\/v2\/tags?post=414721"}],"curies":[{"name":"wp","href":"https:\/\/api.w.org\/{rel}","templated":true}]}}