{"id":414729,"date":"2025-09-24T19:45:30","date_gmt":"2025-09-24T19:45:30","guid":{"rendered":"https:\/\/www.europesays.com\/fr\/414729\/"},"modified":"2025-09-24T19:45:30","modified_gmt":"2025-09-24T19:45:30","slug":"saint-max-repaircafe-au-centre-social-de-lelectromenager-au-velo","status":"publish","type":"post","link":"https:\/\/www.europesays.com\/fr\/414729\/","title":{"rendered":"Saint-Max. Repair\u2019Caf\u00e9 au centre social\u00a0: de l\u2019\u00e9lectrom\u00e9nager au v\u00e9lo"},"content":{"rendered":"<p>Pour sa premi\u00e8re session, le Repair\u2019Caf\u00e9 de Roue Libre au Centre social Saint-Michel &#8211; J\u00e9richo, a eu du succ\u00e8s\u00a0!<\/p>\n<p>Tandis que dans la grande salle polyvalente, Bertrand, Fred, Olivier et Pascal r\u00e9paraient cafeti\u00e8re, lampe-loupe, micro-onde, blender et grille-pain, que Dani\u00e8le et Coralie pr\u00e9paraient le fameux caf\u00e9 ou encore tisane et jus de fruit, tout en prenant les inscriptions, Vincent et Olivier, sur le parvis r\u00e9glaient les freins, regonflaient les pneus et graissaient les cha\u00eenes de six v\u00e9los.<\/p>\n<p class=\"note\">On s\u2019est redonn\u00e9 rendez-vous le samedi matin 18\u00a0octobre, \u00e0 10\u00a0h.<\/p>\n","protected":false},"excerpt":{"rendered":"Pour sa premi\u00e8re session, le Repair\u2019Caf\u00e9 de Roue Libre au Centre social Saint-Michel &#8211; J\u00e9richo, a eu du&hellip;\n","protected":false},"author":2,"featured_media":414730,"comment_status":"","ping_status":"","sticky":false,"template":"","format":"standard","meta":{"footnotes":""},"categories":[9635],"tags":[1111,11,33,1704,1777,674,1011,27,775,11259,11260,1702,12,25],"class_list":{"0":"post-414729","1":"post","2":"type-post","3":"status-publish","4":"format-standard","5":"has-post-thumbnail","7":"category-nancy","8":"tag-actu","9":"tag-actualites","10":"tag-economie","11":"tag-edition-nancy-et-agglomeration","12":"tag-eu","13":"tag-europe","14":"tag-fr","15":"tag-france","16":"tag-grand-est","17":"tag-malzeville","18":"tag-metropole-du-grand-nancy-54b4","19":"tag-nancy","20":"tag-news","21":"tag-republique-francaise"},"share_on_mastodon":{"url":"https:\/\/pubeurope.com\/@fr\/115260995925866564","error":""},"_links":{"self":[{"href":"https:\/\/www.europesays.com\/fr\/wp-json\/wp\/v2\/posts\/414729","targetHints":{"allow":["GET"]}}],"collection":[{"href":"https:\/\/www.europesays.com\/fr\/wp-json\/wp\/v2\/posts"}],"about":[{"href":"https:\/\/www.europesays.com\/fr\/wp-json\/wp\/v2\/types\/post"}],"author":[{"embeddable":true,"href":"https:\/\/www.europesays.com\/fr\/wp-json\/wp\/v2\/users\/2"}],"replies":[{"embeddable":true,"href":"https:\/\/www.europesays.com\/fr\/wp-json\/wp\/v2\/comments?post=414729"}],"version-history":[{"count":0,"href":"https:\/\/www.europesays.com\/fr\/wp-json\/wp\/v2\/posts\/414729\/revisions"}],"wp:featuredmedia":[{"embeddable":true,"href":"https:\/\/www.europesays.com\/fr\/wp-json\/wp\/v2\/media\/414730"}],"wp:attachment":[{"href":"https:\/\/www.europesays.com\/fr\/wp-json\/wp\/v2\/media?parent=414729"}],"wp:term":[{"taxonomy":"category","embeddable":true,"href":"https:\/\/www.europesays.com\/fr\/wp-json\/wp\/v2\/categories?post=414729"},{"taxonomy":"post_tag","embeddable":true,"href":"https:\/\/www.europesays.com\/fr\/wp-json\/wp\/v2\/tags?post=414729"}],"curies":[{"name":"wp","href":"https:\/\/api.w.org\/{rel}","templated":true}]}}