{"id":414768,"date":"2025-09-24T20:05:30","date_gmt":"2025-09-24T20:05:30","guid":{"rendered":"https:\/\/www.europesays.com\/fr\/414768\/"},"modified":"2025-09-24T20:05:30","modified_gmt":"2025-09-24T20:05:30","slug":"voici-12-idees-pour-profiter-du-dernier-week-end-de-septembre","status":"publish","type":"post","link":"https:\/\/www.europesays.com\/fr\/414768\/","title":{"rendered":"voici 12 id\u00e9es pour profiter du dernier week-end de septembre"},"content":{"rendered":"<p>            Par<br \/>\n        <strong><br \/>\n            <a href=\"https:\/\/actu.fr\/auteur\/gabriel-kenedi\" title=\"Consulter tous les articles de Gabriel Kenedi\" target=\"_blank\" rel=\"noopener\">Gabriel Kenedi<\/a><br \/>\n        <\/strong><\/p>\n<p>        Publi\u00e9 le<\/p>\n<p>            24 sept. 2025 \u00e0 18h51        <\/p>\n<p>12. C\u2019est la temp\u00e9rature maximale ressentie (en degr\u00e9s) <a href=\"https:\/\/actu.fr\/toulouse\/loisirs-culture\" target=\"_blank\" rel=\"noopener\">\u00e0 Toulouse<\/a> ces derniers jours. Mais c\u2019est aussi le nombre d\u2019id\u00e9es soigneusement s\u00e9lectionn\u00e9es par la r\u00e9daction qui se cachent dans ce <strong>\u00ab\u2009Que Faire\u2009\u00bb<\/strong> consacr\u00e9 au dernier week-end du mois de septembre. Autant dire qu\u2019il y a le choix\u2026 et qu\u2019il y en aura pour tous les go\u00fbts. On ne divulg\u00e2chera pas tout d\u00e8s le d\u00e9but de cet article, mais <strong>le week-end s\u2019annonce dense<\/strong> dans la Ville rose. Au programme\u2009? Un festival cor\u00e9en, un rendez-vous \u00ab\u2009hors les murs\u2009\u00bb, de la MMA, du street-art (sp\u00e9cial kids), des open-air, des concerts, de l\u2019humour\u2026 Bref, il va falloir \u00eatre en forme\u2009! Voici nos\u00a0<strong>12 id\u00e9es de sorties<\/strong> \u00e0 faire du vendredi\u00a026 au dimanche 28\u00a0septembre 2025. Suivez le guide.<\/p>\n<p>#1. Lay-Up, dernier week-end<br \/>\n    <img   decoding=\"async\" loading=\"lazy\" src=\"https:\/\/www.europesays.com\/fr\/wp-content\/uploads\/2025\/09\/layup-13-960x640.jpg\" alt=\"Lay Up organise un \u00e9v\u00e9nement pour les familles, en partenariat avec Mother In Town, ce week-end ! \" width=\"960\" height=\"640\"\/><br \/>\n    Lay Up organise un \u00e9v\u00e9nement pour les familles, en partenariat avec Mother In Town, ce week-end\u2009! (\u00a9L\u00e9a Afonso \/ actu Toulouse)<\/p>\n<p class=\" wall-content\">Apr\u00e8s deux \u00e9ditions qui ont rassembl\u00e9 de nombreux visiteurs, Lay Up &amp; Mother in Town s\u2019associent une derni\u00e8re fois pour offrir aux familles toulousaines un week-end unique et inoubliable, les 27 et 28\u00a0septembre. Cette 3\u1d49 \u00e9dition marque l\u2019acte final\u2009:<strong> une ultime occasion<\/strong> de d\u00e9couvrir et de profiter de <strong>l\u2019expo Lay Up<\/strong> avant la d\u00e9molition du b\u00e2timent (situ\u00e9 dans le quartier Saint-Michel). Pendant deux jours, l\u2019art urbain et la cr\u00e9ativit\u00e9 s\u2019invitent \u00e0 hauteur d\u2019enfant pour faire vibrer petits et grands.<\/p>\n<p class=\" wall-content\">Fid\u00e8le \u00e0 sa mission, <a href=\"https:\/\/actu.fr\/occitanie\/toulouse_31555\/toulouse-mother-in-town-sort-un-city-guide-qui-recense-des-adresses-kid-friendly_60311041.html\" target=\"_blank\" rel=\"noopener\">Mother in Town<\/a>, r\u00e9f\u00e9rence locale des sorties kid-friendly, propose une exp\u00e9rience festive et conviviale o\u00f9 chaque d\u00e9tail est pens\u00e9 pour les familles. \u00ab\u2009L\u2019exposition Lay Up, v\u00e9ritable temple du street art, se transforme en un terrain d\u2019exploration artistique et ludique, o\u00f9 l\u2019on vient partager, s\u2019\u00e9merveiller et s\u2019amuser ensemble\u2009\u00bb, soulignent les organisateurs. Au programme\u2009? Ateliers cr\u00e9atifs, animations sportives, baby gym, DJ kids party, d\u00e9couvertes artistiques, concepts autour de la parentalit\u00e9 et bien d\u2019autres surprises\u2026 comme une grande tombola\u2009! \u00c0 ne pas manquer, donc\u2009!<\/p>\n<p>Samedi\u00a027 &amp; Dimanche 28\u00a0septembre 2025. Horaires\u2009: 10h \u2013 19h. Lieu\u2009: 11-13 Boulevard Delacourtie, \u00e0 Toulouse. Acc\u00e8s libre et gratuit. Plus d\u2019infos <a href=\"https:\/\/www.expolayup.com\/\" target=\"_blank\" rel=\"noopener\">sur le site de LayUp<\/a>.#2. Un Open Air XXL et gratuit \u00e0 Ramonville<br \/>\n    <img   decoding=\"async\" loading=\"lazy\" src=\"https:\/\/www.europesays.com\/fr\/wp-content\/uploads\/2025\/09\/xt4h9391-960x640.jpg\" alt=\"Le Petit Bikini est de retour pour une nouvelle saison. \" width=\"960\" height=\"640\"\/><br \/>\n    Le Bikini organise un Open Air \u00e0 Ramonville, au niveau du port technique, suivi d\u2019un after qui se d\u00e9roulera dans la salle de spectacles. (\u00a9Etienne Sahuc \/ Le Bikini)<\/p>\n<p>Votre r\u00e9gion, votre actu !<\/p>\n<p>Recevez chaque jour les infos qui comptent pour vous.<\/p>\n<p>\t<a href=\"https:\/\/actu.fr\/newsletter\" class=\"ac-btn ac-btn--corner ac-btn--medium ac-btn--blue800\" target=\"_blank\" rel=\"noopener\">S&rsquo;incrire<\/a><\/p>\n<p class=\" wall-content\">La grosse nouveaut\u00e9 de la rentr\u00e9e pour le Bikini, c\u2019est la cr\u00e9ation d\u2019un Open-Air totalement gratuit, <strong>In Bikini Dura Electro XXL<\/strong>, qui se d\u00e9roulera de 18\u00a0heures \u00e0 minuit, le samedi 27\u00a0septembre, en ext\u00e9rieur, au niveau de la place du canal de Ramonville\u2026 \u00e0 deux pas du Bikini, donc\u2009!<\/p>\n<p class=\" wall-content\">\u00ab\u2009Depuis pr\u00e8s de 10\u00a0ans, on organise des soir\u00e9es \u00e9lectro qui mettent en avant la sc\u00e8ne locale en mettant en avant les assos et collectifs qui font des soir\u00e9es toute l\u2019ann\u00e9e. C\u2019est devenu un rendez-vous hyper appr\u00e9ci\u00e9 au fil des ann\u00e9es. On avait vraiment \u00e0 c\u0153ur de faire un Open-Air, sur cette place du canal qui est vraiment g\u00e9niale\u2009! <strong>14 collectifs locaux<\/strong> seront repr\u00e9sent\u00e9s au cours de cette soir\u00e9e\u2009\u00bb, d\u00e9taille Antoine Fantuz, programmateur au Bikini. Le tout sera suivi par un after (payant, \u00e0 10\u00a0euros) dans la salle de spectacles, de 0h \u00e0 5\u00a0heures.<\/p>\n<p>Au Port Technique de Ramonville, de 18\u00a0heures \u00e0 minuit, samedi 27\u00a0septembre. Puis de minuit \u00e0 5\u00a0heures, after <a href=\"https:\/\/lebikini.com\/2025\/09\/27\/in-bikini-dura-electro-xxl-open-air-after\" target=\"_blank\" rel=\"noopener\">au Bikini<\/a>.#3. Un festival \u00ab\u2009hors les murs\u2009\u00bb aux Mazades<br \/>\n    <img   decoding=\"async\" loading=\"lazy\" src=\"https:\/\/www.europesays.com\/fr\/wp-content\/uploads\/2025\/09\/lou05546-960x640.jpg\" alt=\"Ekla organise un \u00e9v\u00e8nement \" width=\"960\" height=\"640\"\/><br \/>\n    Ekla organise un \u00e9v\u00e8nement \u00ab\u2009hors les murs\u2009\u00bb dans le quartier des Minimes. (\u00a9Ekla)<\/p>\n<p class=\" wall-content\">Apr\u00e8s avoir investi les Abattoirs l\u2019an dernier, l\u2019association Ekla prend possession du Th\u00e9\u00e2tre des Mazades, pour une deuxi\u00e8me \u00e9dition<strong> \u00ab\u2009Hors les Murs\u2009\u00bb<\/strong>, samedi 27\u00a0septembre 2025.<\/p>\n<p class=\" wall-content\">Au programme\u2009? Une <strong>journ\u00e9e artistique,<\/strong> inclusive et festive organise au c\u0153ur du quartier des Minimes. \u00ab\u2009Plus de 5\u2009000 m\u00b2 d\u2019espaces int\u00e9rieurs et ext\u00e9rieurs seront transform\u00e9s en terrain de jeu culturel\u2009: concerts, spectacles vivants, stand-up, ateliers, march\u00e9 de cr\u00e9ateur\u00b7ices, DJ sets et rencontres citoyennes, pour une f\u00eate accessible \u00e0 toutes et \u00e0 tous\u2009\u00bb\u2009; annoncent les organisateurs.<\/p>\n<p class=\" wall-content\">Une <strong>sc\u00e8ne ext\u00e9rieure gratuite<\/strong> sera d\u00e9ploy\u00e9e sur le parvis du Th\u00e9\u00e2tre des Mazades avec concerts, DJ sets et performances\u2009! \u00c0 l\u2019int\u00e9rieur, plusieurs spectacles payants (Black Stories, th\u00e9\u00e2tre d\u2019improvisation\u2009; plateau de stand-up avec Guiguipop, Perine Deza, Tommy, C\u00e9lia Pelluet et Magdy). Plusieurs ateliers seront \u00e9galement propos\u00e9s par l\u2019\u00e9quipe d\u2019Ekla.<\/p>\n<p>Le 27\u00a0septembre\u2009; de 14h30 \u00e0 23h30, au th\u00e9\u00e2tre des Mazades. Infos sur le<a href=\"http:\/\/www.instagram.com\/ekla_tierslieu\/\" target=\"_blank\" rel=\"noopener\"> compte Insta d\u2019Ekla<\/a>.#4. Le Women Metronum Academy Festival<br \/>\n    <img   decoding=\"async\" loading=\"lazy\" src=\"https:\/\/www.europesays.com\/fr\/wp-content\/uploads\/2025\/09\/7bb4da0fc7c86ffb4da0fc7c8e3c4dv-960x640.jpg\" alt=\"Barbara Butch\" width=\"960\" height=\"640\"\/><br \/>\n    Barbara Butch (\u00a9DR)<\/p>\n<p class=\" wall-content\">Le<strong> Women Metronum Academy Festival<\/strong> est de retour pour une cinqui\u00e8me \u00e9dition, du 26 au 28\u00a0septembre. Le principe de ce rendez-vous singulier\u2009? Mettre en avant et c\u00e9l\u00e9brer la cr\u00e9ation artistique f\u00e9minine. Au programme, donc\u2009: trois jours de festivit\u00e9s m\u00ealant concerts (Draga \u2013 \u00d4 Guerill\u00e8res, Julia Perthuy, Ana Tijou, La Chica, Laura Cahan\u2026) ; dj-sets (Belladonna, Barbara Butch), rencontres (Ang\u00e9lique Kidjo, Nina Goern, Bia Ferreira\u2026) et cin\u00e9-club (carte blanche \u00e0 Anna Mouglalis), \u00ab\u2009sous le signe de l\u2019inclusion et de la sororit\u00e9\u2009\u00bb.<\/p>\n<p>Du 26 au 28\u00a0septembre. Programme et tarifs sur\u2009: <a href=\"https:\/\/lemetronum.fr\/evenements\/\" target=\"_blank\" rel=\"noopener\">lemetronum.fr<\/a>#5. Hexagone MMA au Z\u00e9nith<br \/>\n    <img   decoding=\"async\" loading=\"lazy\" src=\"https:\/\/www.europesays.com\/fr\/wp-content\/uploads\/2025\/09\/mathieu-chaumont-champion-mma-960x640.jpg\" alt=\"Mathieu Chaumont d\u00e9fendra son titre \u00e0 Toulouse ce vendredi 26 septembre 2025\" width=\"960\" height=\"640\"\/><br \/>\n    Mathieu Chaumont d\u00e9fendra son titre \u00e0 Toulouse ce vendredi 26\u00a0septembre 2025 (\u00a9Yann Levy \/ Hexagone MMA)<\/p>\n<p class=\" wall-content\">La ligue d\u2019arts martiaux mixtes num\u00e9ro\u00a01 en France organise<strong> un gala exceptionnel,<\/strong> 4h de grand spectacle\u2009! Au programme\u2009: dix combats professionnels, un championnat du monde Hexagone MMA, et un show XXL. Un rendez-vous immanquable pour les amateurs \u2013 de plus en nombreux \u2013 de ce sport de combat qui se d\u00e9roulera au Z\u00e9nith\u2009!<\/p>\n<p>Le 26\u00a0septembre, au <a href=\"https:\/\/zenith-toulousemetropole.com\/shows\/Hexagone%20MMA-20990\" target=\"_blank\" rel=\"noopener\">Z\u00e9nith<\/a>. \u00c0 partir de 19h30. Tarif\u2009: 29 \u00e0 199\u20ac#6. Une Grande course de trottinettes<\/p>\n<p class=\" wall-content\">Au fil des ann\u00e9es, cette course gratuite est devenue la plus grande course de trottinettes de France\u2009! Elle est ouverte gratuitement aux enfants de 6 \u00e0 10\u00a0ans. L\u2019objectif\u2009: r\u00e9colter de l\u2019argent afin de lutter contre les cancers p\u00e9diatriques. Les enfants valides trottinent pour des enfants atteints d\u2019un cancer.<\/p>\n<p>Devant le Mus\u00e9um. Le 27\u00a0septembre, de 9h30 \u00e0 13h30. Infos et inscriptions <a href=\"http:\/\/www.lagrandecoursedetrottinettes.fr\/\" target=\"_blank\" rel=\"noopener\">ici<\/a>.#7. Illiona en concert au Bikini<\/p>\n<p class=\" wall-content\">La nouvelle p\u00e9pite de la chanson francophone, c\u2019est elle\u2009! Originaire de Belgique, Iliona a su se frayer un chemin dans le paysage de la pop fran\u00e7aise. Avec What if I break up with u\u2009?, son premier album, l\u2019artiste continue de chanter ses doutes, sublim\u00e9s par des productions \u00e0 la fois minimalistes et textur\u00e9es. Une artiste \u00e0 d\u00e9couvrir au Bikini\u2009!<\/p>\n<p>Le 26\u00a0septembre, \u00e0 partir de 19h30, au <a href=\"https:\/\/lebikini.com\/\" target=\"_blank\" rel=\"noopener\">Bikini<\/a>. Tarifs\u2009: 28 \u00e0 30\u20ac.#8. Woori Festival<\/p>\n<p class=\" wall-content\">Entre culture pop et culture traditionnelle, le Woori Festival est le rendez-vous de tous les passionn\u00e9s de la culture cor\u00e9enne\u2009! Au programme\u2009: des stands, des activit\u00e9s cr\u00e9atives et ludiques, des expos, des rencontres avec des personnalit\u00e9s de la sph\u00e8re franco-cor\u00e9enne et une sc\u00e8ne avec des prestations et des shows de danse traditionnelle, K-pop, artistes\u00a0etc.<\/p>\n<p>Hall 8 de l\u2019\u00eele du Ramier. Les 27 et 28\u00a0septembre. Infos et tarifs <a href=\"https:\/\/www.woori-festival.fr\/\" target=\"_blank\" rel=\"noopener\">sur le site du festival<\/a>.#9. Simon Chouf ouvre la saison de la salle Nougaro<br \/>\n    <img   decoding=\"async\" loading=\"lazy\" src=\"https:\/\/www.europesays.com\/fr\/wp-content\/uploads\/2025\/09\/79aa6525c8b56ddaa6525c8b5b1ba6v-960x640.jpg\" alt=\"Simon Chouf fait un arr\u00eat \u00e0 Castanet-Tolosan.\" width=\"960\" height=\"640\"\/><br \/>\n    Simon Chouf\u00a0va ouvrir la saison de la salle Nougaro, vendredi 26\u00a0septembre. (\u00a9DR)<\/p>\n<p class=\" wall-content\">Salle Nougaro\u00a0Il a l\u2019honneur d\u2019ouvrir la saison de la salle Nougaro \u00e0 l\u2019occasion d\u2019un concert gratuit. Avec Simon Chouf, chaque concert est un terrain d\u2019exploration. Avec son trio complice, il d\u00e9bute une nouvelle aventure sonore autour des claviers et de la batterie.<\/p>\n<p>Le 26\u00a0septembre, \u00e0 20h30. Gratuit sur inscription <a href=\"https:\/\/sallenougaro.com\/\" target=\"_blank\" rel=\"noopener\">ici<\/a>.#10. Les ShowColatines au Flashback Caf\u00e9<br \/>\n    <img   decoding=\"async\" loading=\"lazy\" src=\"https:\/\/www.europesays.com\/fr\/wp-content\/uploads\/2025\/09\/ab1756f7190f9a1db5651bb2ee6de794-960x640.jpg\" alt=\"Les ShwoColatines vont faire le show !\" width=\"960\" height=\"640\"\/><br \/>\n    Les ShwoColatines vont faire le show\u2009! (\u00a9DR)<\/p>\n<p class=\" wall-content\">Au Flashback Caf\u00e9Vous aimez l\u2019impro\u2009? Alors ne manquez pas les ShowColatines. Si leur nom ne manque clairement pas de saveurs, leur spectacle, non plus\u2009! Le principe\u2009? \u00ab\u2009Nous cr\u00e9ons une pi\u00e8ce de th\u00e9\u00e2tre improvis\u00e9e en deux actes \u00e0 partir de vos anecdotes\u2009\u00bb\u2009! De quoi passer un bon dimanche, non\u2009?<\/p>\n<p>Le 28\u00a0septembre, \u00e0 19\u00a0heures, au<a href=\"https:\/\/toulouse.flashbackcafe.fr\/\" target=\"_blank\" rel=\"noopener\"> Flashback Caf\u00e9<\/a>. Tarifs\u2009: 4 \u00e0 10\u20ac.#11. Sol\u00e8ne Rossignol \u00e0 La Petite Com\u00e9die<\/p>\n<p class=\" wall-content\">La Petite Com\u00e9dieArtiste montante dans le monde du spectacle vivant, Sol\u00e8ne Rossignol nous propose un spectacle\u2026 sur le ventre\u2009! \u00ab\u2009Ap\u00e9ro, soir\u00e9e Top Chef, Je\u00fbne Intermittent, R\u00e9armement d\u00e9mographique\u2026 notre ventre est mobilis\u00e9 sur tous les fronts\u2009! Souvent vu comme un ennemi, on cherche souvent \u00e0 le faire taire\u2026 Et s\u2019il devenait notre ami\u2009? Ce soir, il vous est propos\u00e9 une enqu\u00eate interne sur le ventre. Une enqu\u00eate interne sous forme de spectacle dr\u00f4le\u2009\u00bb<\/p>\n<p>Le 26\u00a0septembre, \u00e0 20h30, \u00e0 la<a href=\"https:\/\/www.lacomediedetoulouse.com\/fr\/\" target=\"_blank\" rel=\"noopener\"> Petite Com\u00e9die<\/a>. Tarif\u2009: 19,5\u20ac#12. Un Open-Air et un Warehouse organis\u00e9 par Pain B\u00e9nit<br \/>\n    <img   decoding=\"async\" loading=\"lazy\" src=\"https:\/\/www.europesays.com\/fr\/wp-content\/uploads\/2025\/09\/photo-open-air-toulouse-pain-benit-960x640.png\" alt=\"C'est le collectif Pain B\u00e9nit qui organise ce nouvel Open air, au th\u00e9\u00e2tre de verdure de l'\u00eele du Ramier, en collaboration avec la mairie de Toulouse.\" width=\"960\" height=\"640\"\/><br \/>\n    C\u2019est le collectif Pain B\u00e9nit qui organise ce nouvel Open air, au th\u00e9\u00e2tre de verdure de l\u2019\u00eele du Ramier, en collaboration avec la mairie de Toulouse. (\u00a9Pain b\u00e9nit)<\/p>\n<p class=\" wall-content\">Le collectif Pain B\u00e9nit organise un open air au th\u00e9\u00e2tre de Verdure de l\u2019\u00eele du Ramier, d\u00e8s 16\u00a0heures, avec des DJ comme Ben Candel, Sago, Nicolas Cuers ou encore Lenna. Chille zone, buvette, food corner\u2026 le lieu sera totalement r\u00e9am\u00e9nag\u00e9 pour l\u2019occasion. Et c\u2019est gratuit, sur inscription\u2009! L\u2019Open Air sera suivi d\u2019un after Warehouse (payant), dans un autre lieu.<\/p>\n<p>Le 27\u00a0septembre, de 16h \u00e0 6\u00a0heures, sur l\u2019\u00eele du Ramier. Plus d\u2019infos <a href=\"https:\/\/www.instagram.com\/pain_benit\/?hl=fr\" target=\"_blank\" rel=\"noopener\">sur Insta<\/a>.<\/p>\n<p class=\" wall-content\">Personnalisez votre actualit\u00e9 en ajoutant vos villes et m\u00e9dias en favori avec <a href=\"https:\/\/moncompte.actu.fr\" title=\"D\u00e9couvez Mon Actu\" rel=\"nofollow noopener\" data-trk=\"{&quot;cta&quot;:{&quot;action&quot;:&quot;https:\\\/\\\/moncompte.actu.fr&quot;,&quot;category&quot;:&quot;mon compte&quot;,&quot;from&quot;:&quot;article footer&quot;,&quot;name&quot;:&quot;Mon actu&quot;,&quot;type&quot;:&quot;cta&quot;}}\" target=\"_blank\">Mon Actu<\/a>.<\/p>\n<p>                    <script async src=\"\/\/www.instagram.com\/embed.js\"><\/script><\/p>\n","protected":false},"excerpt":{"rendered":"Par Gabriel Kenedi Publi\u00e9 le 24 sept. 2025 \u00e0 18h51 12. C\u2019est la temp\u00e9rature maximale ressentie (en degr\u00e9s)&hellip;\n","protected":false},"author":2,"featured_media":414769,"comment_status":"","ping_status":"","sticky":false,"template":"","format":"standard","meta":{"footnotes":""},"categories":[2816],"tags":[1111,11,1777,674,1011,27,1652,12,2680,25,1341,2312],"class_list":{"0":"post-414768","1":"post","2":"type-post","3":"status-publish","4":"format-standard","5":"has-post-thumbnail","7":"category-toulouse","8":"tag-actu","9":"tag-actualites","10":"tag-eu","11":"tag-europe","12":"tag-fr","13":"tag-france","14":"tag-loisirs-culture","15":"tag-news","16":"tag-occitanie","17":"tag-republique-francaise","18":"tag-sortir-a-toulouse","19":"tag-toulouse"},"share_on_mastodon":{"url":"https:\/\/pubeurope.com\/@fr\/115261075793263832","error":""},"_links":{"self":[{"href":"https:\/\/www.europesays.com\/fr\/wp-json\/wp\/v2\/posts\/414768","targetHints":{"allow":["GET"]}}],"collection":[{"href":"https:\/\/www.europesays.com\/fr\/wp-json\/wp\/v2\/posts"}],"about":[{"href":"https:\/\/www.europesays.com\/fr\/wp-json\/wp\/v2\/types\/post"}],"author":[{"embeddable":true,"href":"https:\/\/www.europesays.com\/fr\/wp-json\/wp\/v2\/users\/2"}],"replies":[{"embeddable":true,"href":"https:\/\/www.europesays.com\/fr\/wp-json\/wp\/v2\/comments?post=414768"}],"version-history":[{"count":0,"href":"https:\/\/www.europesays.com\/fr\/wp-json\/wp\/v2\/posts\/414768\/revisions"}],"wp:featuredmedia":[{"embeddable":true,"href":"https:\/\/www.europesays.com\/fr\/wp-json\/wp\/v2\/media\/414769"}],"wp:attachment":[{"href":"https:\/\/www.europesays.com\/fr\/wp-json\/wp\/v2\/media?parent=414768"}],"wp:term":[{"taxonomy":"category","embeddable":true,"href":"https:\/\/www.europesays.com\/fr\/wp-json\/wp\/v2\/categories?post=414768"},{"taxonomy":"post_tag","embeddable":true,"href":"https:\/\/www.europesays.com\/fr\/wp-json\/wp\/v2\/tags?post=414768"}],"curies":[{"name":"wp","href":"https:\/\/api.w.org\/{rel}","templated":true}]}}