{"id":414772,"date":"2025-09-24T20:07:26","date_gmt":"2025-09-24T20:07:26","guid":{"rendered":"https:\/\/www.europesays.com\/fr\/414772\/"},"modified":"2025-09-24T20:07:26","modified_gmt":"2025-09-24T20:07:26","slug":"les-brocantes-braderies-et-vide-greniers-organises-dans-le-nord-le-week-end-des-27-et-28-septembre","status":"publish","type":"post","link":"https:\/\/www.europesays.com\/fr\/414772\/","title":{"rendered":"Les brocantes, braderies et vide-greniers organis\u00e9s dans le Nord le week-end des 27 et 28 septembre"},"content":{"rendered":"<p>            Par<br \/>\n        <strong><br \/>\n            <a href=\"https:\/\/actu.fr\/auteur\/hervine-mahaud\" title=\"Consulter tous les articles de Hervine Mahaud\" rel=\"nofollow noopener\" target=\"_blank\">Hervine Mahaud<\/a><br \/>\n        <\/strong><\/p>\n<p>        Publi\u00e9 le<\/p>\n<p>            24 sept. 2025 \u00e0 11h10        <\/p>\n<p>R\u00e9servez votre week-end des 27 et 28\u00a0septembre 2025 pour faire le plein de <b>bonnes affaires<\/b>. Durant ces deux jours, de nombreux <b>vide-greniers<\/b>, <b>brocantes<\/b> et <b>braderies<\/b> sont organis\u00e9s dans le <b>Nord<\/b>. Pour compl\u00e9ter, retrouvez <a href=\"https:\/\/actu.fr\/loisirs-culture\/pas-de-calais-voici-les-brocantes-et-vide-greniers-organises-samedi-27-et-dimanche-28-septembre_63205970.html\" rel=\"nofollow noopener\" target=\"_blank\">la liste des march\u00e9s aux puces pr\u00e9vus dans le Pas-de-Calais<\/a> aux m\u00eames dates.<\/p>\n<p>Samedi 27\u00a0septembre 2025<\/p>\n<p class=\" wall-content\"><b>Autour de Dunkerque<\/b><\/p>\n<ul class=\" wall-content\">\n<li><b>Eecke<\/b> \u2013 Brocante de 10h00 \u00e0 18h00. Terrain des sports, pr\u00e8s du ch\u00e2teau d\u2019eau. 150\u00a0exposants.<\/li>\n<li><b>Gravelines<\/b> \u2013 Vide-greniers de 8h00 \u00e0 18h00. Rue Urbain Valentin, rue Jean Bart, rue Clemenceau, rue Jean-Baptiste Lebas.<\/li>\n<li><b>Renescure<\/b> \u2013 Brocante de 6h00 \u00e0 17h00. Parc de la Mairie, rue du Ch\u00e2teau.<\/li>\n<\/ul>\n<p class=\" wall-content\"><b>Autour de Lille<\/b><\/p>\n<ul class=\" wall-content\">\n<li><b>Avelin<\/b> \u2013 Bourse aux v\u00eatements de 10h00 \u00e0 16h00. Salle d\u2019Honneur, espace Marie-Jeanne Favier Dubus 2 rue de Pont.<\/li>\n<li><b>Halluin<\/b> \u2013 Vide-greniers de 7h00 \u00e0 14h00. Rue des Roitelets, all\u00e9e des Alouettes, avenue du Mont des Louviers. 120\u00a0exposants.<\/li>\n<li><b>Hellemmes<\/b> \u2013 Brocante des Petits Fr\u00e8res des Pauvres de 9h00 \u00e0 17h00. Ancienne usine Nydel, 206 rue Faidherbe.<\/li>\n<li><b>Leers<\/b> \u2013 March\u00e9 de la seconde main de 8h00 \u00e0 15h00. Salle polyvalente, rue Pasteur.<\/li>\n<li><b>Lille<\/b> \u2013\u00a0Donnerie de 14h00 \u00e0 17h00. Maison de quartier du Moulin, 1 rue Armand Carrel.<\/li>\n<li><b>Provin<\/b> \u2013 Bourse pu\u00e9riculture de 9h00 \u00e0 18h00. Salle Jacques Pr\u00e9vert, 7 rue Jules Guesde.<\/li>\n<li><b>Radinghem-en-Weppes<\/b> \u2013 Brocante de 9h00 \u00e0 16h00. Rue Royale, all\u00e9e des Pommiers. 300\u00a0exposants.<\/li>\n<\/ul>\n<p class=\" wall-content\"><b>Autour de Douai<\/b><\/p>\n<ul class=\" wall-content\">\n<li><b>Sameon<\/b> \u2013 Brocante de 8h00 \u00e0 16h00. Rue de la Mairie, rue de l\u2019\u00c9glise, rue du Richon, rue du Presbyt\u00e8re, rue du Moulin des Ewuilles.<\/li>\n<\/ul>\n<p class=\" wall-content\"><b>Autour de Cambrai<\/b><\/p>\n<ul class=\" wall-content\">\n<li><b>Escarmain<\/b> \u2013 Brocante de 8h00 \u00e0 16h00. Place du village.<\/li>\n<\/ul>\n<p class=\" wall-content\"><b>Autour de Valenciennes<\/b><\/p>\n<ul class=\" wall-content\">\n<li><b>Neuville-sur-Escaut<\/b> \u2013 Brocante de 9h00 \u00e0 16h00. Rue du Marquis de Mun.<\/li>\n<li><b>Sars-et-Rosi\u00e8res<\/b> \u2013 Bourse aux jouets et v\u00eatements de 9h00 \u00e0 13h00. Halle de Sars et Rosi\u00e8res, 1 place de la Mairie.<\/li>\n<\/ul>\n<p>Dimanche 28\u00a0septembre 2025<\/p>\n<p class=\" wall-content\"><b>Autour de Dunkerque<\/b><\/p>\n<ul class=\" wall-content\">\n<li><b>Fl\u00eatre<\/b> \u2013 Brocante de 7h00 \u00e0 13h00. Rue Jacques Demeyere, rue de la Houblonni\u00e8re. Impasse du Monts des Cats.<\/li>\n<li><b>Hazebrouck<\/b> \u2013 Brocante de 7h00 \u00e0 17h00. Rue de Merville. 350\u00a0exposants.<\/li>\n<li><b>Steenwerck<\/b> \u2013 Brocante de 8h00 \u00e0 17h00. 500\u00a0exposants. Grande Rue, rue du Mortier, rue de Bailleul, rue du Mus\u00e9e, rue Neuve, Longue Ruelle.<\/li>\n<\/ul>\n<p class=\" wall-content\"><b>Autour de Lille<\/b><\/p>\n<ul class=\" wall-content\">\n<li><b>Ann\u0153ullin<\/b> \u2013 Braderie de 7h00 \u00e0 14h00. Rue Coupey, rue D\u00e9noncer, rue Dorchain, rue Dufour, rue Demartin, rue Di\u00e9vart, rue Citerne, rue de l\u2019Amande, rue Lohez. 300\u00a0exposants.<\/li>\n<li><b>Attiches<\/b> \u2013 Vide-greniers de 9h30 \u00e0 16h00. Avenue des Blatiers, rue des Hirondelles, rue des Roitelets, rue des Sorbiers, rue des Fauvettes, rue des M\u00e9sanges, avenue des Peupliers, rue des Hortensias, rue des Rossignols. Moins de 100\u00a0exposants.<\/li>\n<li><b>Bousbecque<\/b> \u2013 Vide-greniers de 8h00 \u00e0 14h00. Avenue des Peupliers. 250\u00a0exposants.<\/li>\n<li><b>Faches-Thumesnil<\/b> \u2013 March\u00e9 aux puces de 8h00 \u00e0 16h00. Rue Kl\u00e9ber, rue Henri Barbusse, rue de Flandres, rue Henri Dillies, avenue de Verdun. 780\u00a0exposants.<\/li>\n<li><b>Fretin<\/b> \u2013 Braderie de la Gare de 8h00 \u00e0 13h00. Rue Jean-Baptiste Lebas. 120\u00a0exposants.<\/li>\n<li><b>Gondecourt<\/b> \u2013 Vide-greniers de 8h00 \u00e0 13h00. Parking salle des f\u00eates Jacques Deman, rue Joseph Poissonnier. 100\u00a0exposants.<\/li>\n<li><b>Hallennes-lez-Haubourdin<\/b> \u2013 Rencontre multicollections de 9h00 \u00e0 16h00. Salle polyvalente rue L\u00e9on Gambetta. 20\u00a0exposants.<\/li>\n<li><b>Lesquin<\/b> \u2013 Puces des couturi\u00e8res de 9h00 \u00e0 18h00. Salle des f\u00eates, 37 rue Faidherbe.<\/li>\n<li><b>Lille<\/b> \u2013 Vide-greniers de 8h00 \u00e0 14h00. Rue Berthelot, rue Michel Ange, rue Lefort, rue Caventou. 200\u00a0exposants.<\/li>\n<li><b>Mons-en-Bar\u0153ul<\/b> \u2013 Vide-greniers en salle de 8h00 \u00e0 14h00. Salle du Fort de Mons, 4 rue de Normandie. 170 tables.<\/li>\n<li><b>Pont-\u00e0-Marcq<\/b> \u2013 Braderie de 7h30 \u00e0 13h00. Rue de la gare, rue Gaston Singer. 200\u00a0exposants.<\/li>\n<li><b>Provin<\/b> \u2013 Bourse pu\u00e9riculture de 9h00 \u00e0 18h00. Salle Jacques Pr\u00e9vert, 7 rue Jules Guesde.<\/li>\n<li><b>Villeneuve-d\u2019Ascq<\/b> \u2013 Brocante de 9h00 \u00e0 14h00. Rue Jules Guesde, rue du G\u00e9n\u00e9ral Leclerc, rue Alexandre Detroy, rue du Colonel Pollet. 400\u00a0exposants.<\/li>\n<li><b>Wahagnies<\/b> \u2013 Braderie en salle de 7h00 \u00e0 15h00. \u00c9cole l\u2019Envol, 207 rue L\u00e9on Gambetta.<\/li>\n<li><b>Wambrechies<\/b> \u2013 Bourse de poup\u00e9es et jouets anciens Eurotoy de 9h00 \u00e0 17h00. Salle Gilles Alain Billiet, avenue Foch. 100\u00a0exposants. Entr\u00e9e 4\u20ac.<\/li>\n<li><b>Wambrechies<\/b> \u2013 Braderie de 7h00 \u00e0 15h00. Rue de Quesnoy, rue de Marquette, rue G\u00e9rard Leroy, rue du Pont-Levis. 600\u00a0exposants.<\/li>\n<li><b>Wervicq-Sud<\/b> \u2013 March\u00e9 aux puces de 8h00 \u00e0 15h00. Rue Fr\u00e8res Hollebecque, rue Jean Jaur\u00e8s, all\u00e9e des Lilas, avenue des Tilleuls. 450\u00a0exposants<\/li>\n<li><b>Willems<\/b> \u2013 Braderie de 8h00 \u00e0 13h00. Rue Jean Baptiste Lebas, rue de la R\u00e9publique, rue Jean Jaur\u00e8s, place du 8\u00a0Mai 1945, rue des Poilus, rue du Mar\u00e9chal Foch, rue de la Vieille Caserne. 350-500\u00a0exposants.<\/li>\n<\/ul>\n<p>Votre r\u00e9gion, votre actu !<\/p>\n<p>Recevez chaque jour les infos qui comptent pour vous.<\/p>\n<p>\t<a href=\"https:\/\/actu.fr\/newsletter\" class=\"ac-btn ac-btn--corner ac-btn--medium ac-btn--blue800\" rel=\"nofollow noopener\" target=\"_blank\">S&rsquo;incrire<\/a><\/p>\n<p class=\" wall-content\"><b>Autour de Douai<\/b><\/p>\n<ul class=\" wall-content\">\n<li><b>Aniche<\/b> \u2013 Brocante de 9h00 \u00e0 15h00. Rue Lemaire, rue du 1er\u00a0Mai, rue Bicentenaire.<\/li>\n<li><b>Cuincy<\/b> \u2013 Brocante de 8h00 \u00e0 14h00. Avenue des Pins, rue des Acacias, rue des Sorbiers, rue des Peupliers. 130\u00a0exposants.<\/li>\n<li><b>Flines-lez-Raches<\/b> \u2013 Brocante de 8h00 \u00e0 14h00. Rue de Moulin, rue du Hem. 500\u00a0exposants.<\/li>\n<li><b>Nomain<\/b> \u2013 Brocante de 8h00 \u00e0 13h00. Square Charles de\u00a0Gaulle, rue Jules Delaby, rue Louis Guislain, Grand Place. 240\u00a0exposants.<\/li>\n<li><b>Waziers<\/b> \u2013 Brocante de 8h00 \u00e0 17h00. Rue 19\u00a0Mars 1962, rue Charles Langlet, rue Paul Langevin, rue Alfred Thauvoye, rue Joseph Fojt. 300\u00a0exposants.<\/li>\n<\/ul>\n<p class=\" wall-content\"><b>Autour de Valenciennes<\/b><\/p>\n<ul class=\" wall-content\">\n<li><b>Anzin<\/b> \u2013 Brocante de 7h00 \u00e0 17h00. Square de la R\u00e9publique, rue de la Paix, rue Basely, cour Lemoine. 200\u00a0exposants.<\/li>\n<li><b>Escaudain<\/b> \u2013 Brocante de 7h00 \u00e0 16h00. All\u00e9e Robert de Nervo, all\u00e9e Jordan, all\u00e9e R\u00e9aumur. 150\u00a0exposants.<\/li>\n<li><b>Famars<\/b> \u2013 Brocante de 8h00 \u00e0 17h00. Rue Bermerain, rue de l\u2019\u00c9glise. 450\u00a0exposants.<\/li>\n<li><b>Haveluy<\/b> \u2013 Brocante de 7h00 \u00e0 15h00. Salle des f\u00eates, rue Henri Durre. 100\u00a0exposants.<\/li>\n<li><b>Lecelles<\/b> \u2013 Foire aux disques vinyles de 10h00 \u00e0 17h00. Salle des f\u00eates, 3408 rue des F\u00eaves. 30\u00a0exposants. Entr\u00e9e 2\u00a0\u20ac.<\/li>\n<li><b>Vieux-Cond\u00e9<\/b> \u2013 Vide-greniers de 8h00 \u00e0 16h00. Rue Louis Bl\u00e9riot, rue Roland Garros.<\/li>\n<\/ul>\n<p class=\" wall-content\"><b>Autour d\u2019Avesnes-sur-Helpe<\/b><\/p>\n<ul class=\" wall-content\">\n<li><b>Berlaimont<\/b> \u2013 Vide-greniers de 7h00 \u00e0 17h00. Rue Fernand Thomas, rue du 5\u00a0Novembre.<\/li>\n<\/ul>\n<p class=\" wall-content\">Personnalisez votre actualit\u00e9 en ajoutant vos villes et m\u00e9dias en favori avec <a href=\"https:\/\/moncompte.actu.fr\" title=\"D\u00e9couvez Mon Actu\" rel=\"nofollow noopener\" data-trk=\"{&quot;cta&quot;:{&quot;action&quot;:&quot;https:\\\/\\\/moncompte.actu.fr&quot;,&quot;category&quot;:&quot;mon compte&quot;,&quot;from&quot;:&quot;article footer&quot;,&quot;name&quot;:&quot;Mon actu&quot;,&quot;type&quot;:&quot;cta&quot;}}\" target=\"_blank\">Mon Actu<\/a>.<\/p>\n","protected":false},"excerpt":{"rendered":"Par Hervine Mahaud Publi\u00e9 le 24 sept. 2025 \u00e0 11h10 R\u00e9servez votre week-end des 27 et 28\u00a0septembre 2025&hellip;\n","protected":false},"author":2,"featured_media":414773,"comment_status":"","ping_status":"","sticky":false,"template":"","format":"standard","meta":{"footnotes":""},"categories":[2815],"tags":[1111,11,6961,1777,674,1011,27,811,1307,1652,12,25,3365],"class_list":{"0":"post-414772","1":"post","2":"type-post","3":"status-publish","4":"format-standard","5":"has-post-thumbnail","7":"category-lille","8":"tag-actu","9":"tag-actualites","10":"tag-brocante","11":"tag-eu","12":"tag-europe","13":"tag-fr","14":"tag-france","15":"tag-hauts-de-france","16":"tag-lille","17":"tag-loisirs-culture","18":"tag-news","19":"tag-republique-francaise","20":"tag-vide-greniers"},"share_on_mastodon":{"url":"https:\/\/pubeurope.com\/@fr\/115261082427066099","error":""},"_links":{"self":[{"href":"https:\/\/www.europesays.com\/fr\/wp-json\/wp\/v2\/posts\/414772","targetHints":{"allow":["GET"]}}],"collection":[{"href":"https:\/\/www.europesays.com\/fr\/wp-json\/wp\/v2\/posts"}],"about":[{"href":"https:\/\/www.europesays.com\/fr\/wp-json\/wp\/v2\/types\/post"}],"author":[{"embeddable":true,"href":"https:\/\/www.europesays.com\/fr\/wp-json\/wp\/v2\/users\/2"}],"replies":[{"embeddable":true,"href":"https:\/\/www.europesays.com\/fr\/wp-json\/wp\/v2\/comments?post=414772"}],"version-history":[{"count":0,"href":"https:\/\/www.europesays.com\/fr\/wp-json\/wp\/v2\/posts\/414772\/revisions"}],"wp:featuredmedia":[{"embeddable":true,"href":"https:\/\/www.europesays.com\/fr\/wp-json\/wp\/v2\/media\/414773"}],"wp:attachment":[{"href":"https:\/\/www.europesays.com\/fr\/wp-json\/wp\/v2\/media?parent=414772"}],"wp:term":[{"taxonomy":"category","embeddable":true,"href":"https:\/\/www.europesays.com\/fr\/wp-json\/wp\/v2\/categories?post=414772"},{"taxonomy":"post_tag","embeddable":true,"href":"https:\/\/www.europesays.com\/fr\/wp-json\/wp\/v2\/tags?post=414772"}],"curies":[{"name":"wp","href":"https:\/\/api.w.org\/{rel}","templated":true}]}}