{"id":414776,"date":"2025-09-24T20:09:14","date_gmt":"2025-09-24T20:09:14","guid":{"rendered":"https:\/\/www.europesays.com\/fr\/414776\/"},"modified":"2025-09-24T20:09:14","modified_gmt":"2025-09-24T20:09:14","slug":"les-confidences-de-celle-qui-trouvait-que-marseille-a-quelque-chose-de-tres-italien","status":"publish","type":"post","link":"https:\/\/www.europesays.com\/fr\/414776\/","title":{"rendered":"les confidences de celle qui trouvait que \u00ab\u00a0Marseille a quelque chose de tr\u00e8s italien\u00a0\u00bb"},"content":{"rendered":"<p>\u00ab\u00a0J\u2019ai l\u2019impression d\u2019\u00eatre dans mon \u00e9l\u00e9ment, Marseille a quelque chose de tr\u00e8s italien\u00a0\u00bb, avait dit <a href=\"https:\/\/www.laprovence.com\/article\/faits-divers-justice\/7148643823393314\/mort-de-claudia-cardinale-la-mythique-actrice-est-decedee-a-lage-de-87-ans\" target=\"_blank\" rel=\"nofollow noopener\">Claudia Cardinale<\/a>, dans une cour de la Vieille Charit\u00e9 recouverte de neige au mois de mai\u00a01991. La magie du cin\u00e9ma. Elle y tournait Mayrig, le film d\u2019Henri Verneuil et pr\u00e9sentait aussi un cycle consacr\u00e9 aux \u00ab\u00a0Belles italiennes\u00a0\u00bb.<\/p>\n<p><img alt=\"Claudia Cardinale lors de l\u2019avant-premi\u00e8re de &quot;Mayrig&quot; \u00e0 l\u2019Op\u00e9ra de Marseille, le 25 novembre 1991.\" loading=\"lazy\" decoding=\"async\" data-nimg=\"fill\" class=\" TwicCore_img__i9TC1 undefined  undefined\" style=\"position:absolute;height:100%;width:100%;left:0;top:0;right:0;bottom:0;color:transparent;background-size:cover;background-position:50% 50%;background-repeat:no-repeat;background-image:url(&quot;data:image\/svg+xml;charset=utf-8,%3Csvg xmlns='http:\/\/www.w3.org\/2000\/svg' %3E%3Cfilter id='b' color-interpolation-filters='sRGB'%3E%3CfeGaussianBlur stdDeviation='20'\/%3E%3CfeColorMatrix values='1 0 0 0 0 0 1 0 0 0 0 0 1 0 0 0 0 0 100 -1' result='s'\/%3E%3CfeFlood x='0' y='0' width='100%25' height='100%25'\/%3E%3CfeComposite operator='out' in='s'\/%3E%3CfeComposite in2='SourceGraphic'\/%3E%3CfeGaussianBlur stdDeviation='20'\/%3E%3C\/filter%3E%3Cimage width='100%25' height='100%25' x='0' y='0' preserveAspectRatio='none' style='filter: url(%23b);' href='https:\/\/pictures.laprovence.com\/cdn-cgi\/image\/blur=250\/media\/melody\/2025\/09\/24\/claudia-cardinale-lors-de-lavant-premiere-de-ok-mayrig-a-lopera-de-marseille-le-lundi-25-novembre-19-1758733155_4875423214d863c75423214d810854v_.jpg'\/%3E%3C\/svg%3E&quot;)\"   src=\"https:\/\/www.europesays.com\/fr\/wp-content\/uploads\/2025\/09\/claudia-cardinale-lors-de-lavant-premiere-de-ok-mayrig-a-lopera-de-marseille-le-lundi-25-novembre-19.jpeg\"\/>Claudia Cardinale lors de l\u2019avant-premi\u00e8re de \u00ab\u00a0Mayrig\u00a0\u00bb \u00e0 l\u2019Op\u00e9ra de Marseille, le 25 novembre 1991. Photo Serge ASSIER<\/p>\n<p>V\u00eatue tr\u00e8s sobrement mais avec \u00e9l\u00e9gance, le regard \u00e0 demi cach\u00e9 par des verres teint\u00e9s qu\u2019elle ne quittera pas pendant la conf\u00e9rence de presse, la com\u00e9dienne livrait alors quelques-uns de ses souvenirs, au cours d\u2019une filmographie de 130 films \u00ab\u00a0ou 140, je ne sais plus\u00a0!\u00a0\u00bb. \u00c0 propos de Fellini et Visconti, elle racontait par exemple\u00a0: \u00ab\u00a0J\u2019ai tourn\u00e9 Huit et demi et Le gu\u00e9pard en m\u00eame temps, et pourtant Fellini et Visconti se d\u00e9testaient\u00a0! L\u2019un me voulait en blonde, l\u2019autre en brune, et ils ne voulaient pas de perruque. Alors j\u2019\u00e9tais oblig\u00e9e de me teindre toutes les semaines. Mais \u00e0 la fin du tournage, je portais une perruque sans le dire \u00e0 Fellini\u00a0!\u00a0\u00bb<\/p>\n<p><img alt=\"Claudia Cardinale et Henri Verneuil lors du tournage de &quot;Mayrig&quot; \u00e0 Marseille.\" loading=\"lazy\" decoding=\"async\" data-nimg=\"fill\" class=\" TwicCore_img__i9TC1 undefined  undefined\" style=\"position:absolute;height:100%;width:100%;left:0;top:0;right:0;bottom:0;color:transparent;background-size:cover;background-position:50% 50%;background-repeat:no-repeat;background-image:url(&quot;data:image\/svg+xml;charset=utf-8,%3Csvg xmlns='http:\/\/www.w3.org\/2000\/svg' %3E%3Cfilter id='b' color-interpolation-filters='sRGB'%3E%3CfeGaussianBlur stdDeviation='20'\/%3E%3CfeColorMatrix values='1 0 0 0 0 0 1 0 0 0 0 0 1 0 0 0 0 0 100 -1' result='s'\/%3E%3CfeFlood x='0' y='0' width='100%25' height='100%25'\/%3E%3CfeComposite operator='out' in='s'\/%3E%3CfeComposite in2='SourceGraphic'\/%3E%3CfeGaussianBlur stdDeviation='20'\/%3E%3C\/filter%3E%3Cimage width='100%25' height='100%25' x='0' y='0' preserveAspectRatio='none' style='filter: url(%23b);' href='https:\/\/pictures.laprovence.com\/cdn-cgi\/image\/blur=250\/media\/melody\/2025\/09\/24\/tournage-du-film-mayrig-d-henri-verneuil-avec-claudia-cardinale-ici-avec-henri-verneuil-a-marseille-1758733156_cde4673314d86b1f4673314d885f46v_.jpg'\/%3E%3C\/svg%3E&quot;)\"   src=\"https:\/\/www.europesays.com\/fr\/wp-content\/uploads\/2025\/09\/tournage-du-film-mayrig-d-henri-verneuil-avec-claudia-cardinale-ici-avec-henri-verneuil-a-marseille-.jpeg\"\/>Claudia Cardinale et Henri Verneuil lors du tournage de \u00ab\u00a0Mayrig\u00a0\u00bb \u00e0 Marseille. Serge ASSIER<\/p>\n<p>C\u2019est \u00e0 <a href=\"https:\/\/www.laprovence.com\/article\/culture-loisirs\/5753167368642314\/l-opera-de-marseille-fete-100-ans-d-airs-populaires\" target=\"_blank\" rel=\"nofollow noopener\">l\u2019Op\u00e9ra de Marseille<\/a>, que la premi\u00e8re de Mayrig a eu lieu un lundi 25\u00a0novembre 1991. Et il y avait foule ce soir-l\u00e0, et notamment la communaut\u00e9 arm\u00e9nienne, autour d\u2019Henri Verneuil, Omar Sharif et Claudia Cardinale&#8230;<\/p>\n","protected":false},"excerpt":{"rendered":"\u00ab\u00a0J\u2019ai l\u2019impression d\u2019\u00eatre dans mon \u00e9l\u00e9ment, Marseille a quelque chose de tr\u00e8s italien\u00a0\u00bb, avait dit Claudia Cardinale, dans&hellip;\n","protected":false},"author":2,"featured_media":414777,"comment_status":"","ping_status":"","sticky":false,"template":"","format":"standard","meta":{"footnotes":""},"categories":[2814],"tags":[17,1111,11,54490,23392,54489,9260,251,1777,674,1011,27,151,884,18,12,882,3583,25],"class_list":{"0":"post-414776","1":"post","2":"type-post","3":"status-publish","4":"format-standard","5":"has-post-thumbnail","7":"category-marseille","8":"tag-17","9":"tag-actu","10":"tag-actualites","11":"tag-cardinale","12":"tag-celle","13":"tag-claudia","14":"tag-confidences","15":"tag-culture","16":"tag-eu","17":"tag-europe","18":"tag-fr","19":"tag-france","20":"tag-les","21":"tag-marseille","22":"tag-mort","23":"tag-news","24":"tag-provence-alpes-cote-dazur","25":"tag-qui","26":"tag-republique-francaise"},"share_on_mastodon":{"url":"https:\/\/pubeurope.com\/@fr\/115261090847329299","error":""},"_links":{"self":[{"href":"https:\/\/www.europesays.com\/fr\/wp-json\/wp\/v2\/posts\/414776","targetHints":{"allow":["GET"]}}],"collection":[{"href":"https:\/\/www.europesays.com\/fr\/wp-json\/wp\/v2\/posts"}],"about":[{"href":"https:\/\/www.europesays.com\/fr\/wp-json\/wp\/v2\/types\/post"}],"author":[{"embeddable":true,"href":"https:\/\/www.europesays.com\/fr\/wp-json\/wp\/v2\/users\/2"}],"replies":[{"embeddable":true,"href":"https:\/\/www.europesays.com\/fr\/wp-json\/wp\/v2\/comments?post=414776"}],"version-history":[{"count":0,"href":"https:\/\/www.europesays.com\/fr\/wp-json\/wp\/v2\/posts\/414776\/revisions"}],"wp:featuredmedia":[{"embeddable":true,"href":"https:\/\/www.europesays.com\/fr\/wp-json\/wp\/v2\/media\/414777"}],"wp:attachment":[{"href":"https:\/\/www.europesays.com\/fr\/wp-json\/wp\/v2\/media?parent=414776"}],"wp:term":[{"taxonomy":"category","embeddable":true,"href":"https:\/\/www.europesays.com\/fr\/wp-json\/wp\/v2\/categories?post=414776"},{"taxonomy":"post_tag","embeddable":true,"href":"https:\/\/www.europesays.com\/fr\/wp-json\/wp\/v2\/tags?post=414776"}],"curies":[{"name":"wp","href":"https:\/\/api.w.org\/{rel}","templated":true}]}}