{"id":414788,"date":"2025-09-24T20:16:18","date_gmt":"2025-09-24T20:16:18","guid":{"rendered":"https:\/\/www.europesays.com\/fr\/414788\/"},"modified":"2025-09-24T20:16:18","modified_gmt":"2025-09-24T20:16:18","slug":"un-homme-appelle-la-police-apres-avoir-tue-sa-compagne-de-plusieurs-coups-de-couteau","status":"publish","type":"post","link":"https:\/\/www.europesays.com\/fr\/414788\/","title":{"rendered":"un homme appelle la police apr\u00e8s avoir tu\u00e9 sa compagne de plusieurs coups de couteau"},"content":{"rendered":"<p class=\"mb-4 text-lg md:leading-8 break-words\">C\u2019est lui qui a pr\u00e9venu la police. <a href=\"https:\/\/www.parismatch.com\/actu\/faits-divers\/elle-sappelait-tatiana-qui-est-la-mere-de-famille-de-36-ans-tuee-par-son-ex-pres-de-saint-malo-255425\" rel=\"nofollow noopener\" target=\"_blank\" data-ylk=\"slk:Une femme a \u00e9t\u00e9 tu\u00e9e par son compagnon;elm:context_link;itc:0;sec:content-canvas\" class=\"link \">Une femme a \u00e9t\u00e9 tu\u00e9e par son compagnon<\/a> ce mercredi 24\u00a0septembre au matin dans le 20e arrondissement de Paris, a appris Paris Match aupr\u00e8s du parquet de Paris, confirmant une information du <a href=\"https:\/\/www.leparisien.fr\/paris-75\/paris-une-femme-tuee-par-son-mari-dans-le-xxe-arrondissement-24-09-2025-3ZHMS6CXUFDD3BHQPYHPB64N6Q.php\" rel=\"nofollow noopener\" target=\"_blank\" data-ylk=\"slk:Parisien;elm:context_link;itc:0;sec:content-canvas\" class=\"link \">Parisien<\/a>. Les faits se sont produits aux alentours de 9\u00a0heures passage des Tourelles.<\/p>\n<p>Des coups \u00e0 la poitrine, aux cuisses avant d\u2019\u00eatre \u00e9gorg\u00e9e<\/p>\n<p class=\"mb-4 text-lg md:leading-8 break-words\">D\u2019apr\u00e8s les premiers \u00e9l\u00e9ments de l\u2019enqu\u00eate, la victime, une femme \u00e2g\u00e9e de 60\u00a0ans, a \u00e9t\u00e9 touch\u00e9e par des coups au niveau de la poitrine, des cuisses avant d\u2019\u00eatre \u00e9gorg\u00e9e. Apr\u00e8s son appel aux policiers, l\u2019homme, n\u00e9 en octobre\u00a01964, a imm\u00e9diatement \u00e9t\u00e9 interpell\u00e9 et plac\u00e9 en garde \u00e0 vue.<\/p>\n<p class=\"mb-4 text-lg md:leading-8 break-words\">\u00ab\u00a0Le magistrat de permanence\u00a0\u00bb s\u2019est rendu dans le 20e arrondissement pour faire les constatations, pr\u00e9cise le parquet de Paris. Une enqu\u00eate a \u00e9t\u00e9 ouverte et le 2e district de police judiciaire a \u00e9t\u00e9 saisi de l\u2019enqu\u00eate pour homicide par conjoint.<\/p>\n<p class=\"mb-4 text-lg md:leading-8 break-words\"><a href=\"https:\/\/www.parismatch.com\/actu\/faits-divers\/paris-un-homme-appelle-la-police-apres-avoir-tue-sa-compagne-de-plusieurs-coups-de-couteau-257559?at_medium=affiliate&amp;at_campaign=Yahoo\" rel=\"nofollow noopener\" target=\"_blank\" data-ylk=\"slk:Retrouvez cet article sur ParisMatch;elm:context_link;itc:0;sec:content-canvas\" class=\"link \">Retrouvez cet article sur ParisMatch<\/a><\/p>\n","protected":false},"excerpt":{"rendered":"C\u2019est lui qui a pr\u00e9venu la police. Une femme a \u00e9t\u00e9 tu\u00e9e par son compagnon ce mercredi 24\u00a0septembre&hellip;\n","protected":false},"author":2,"featured_media":414789,"comment_status":"","ping_status":"","sticky":false,"template":"","format":"standard","meta":{"footnotes":""},"categories":[1888],"tags":[51824,1111,1928,11,1927,1777,674,1011,27,51574,12,1926,626,1925,54493,11855,25,11436],"class_list":{"0":"post-414788","1":"post","2":"type-post","3":"status-publish","4":"format-standard","5":"has-post-thumbnail","7":"category-paris","8":"tag-20e-arrondissement-de-paris","9":"tag-actu","10":"tag-actu-paris","11":"tag-actualites","12":"tag-actualites-paris","13":"tag-eu","14":"tag-europe","15":"tag-fr","16":"tag-france","17":"tag-lenquete","18":"tag-news","19":"tag-news-paris","20":"tag-paris","21":"tag-paris-news","22":"tag-passage-des-tourelles","23":"tag-police-judiciaire","24":"tag-republique-francaise","25":"tag-une-femme"},"share_on_mastodon":{"url":"https:\/\/pubeurope.com\/@fr\/115261118266846510","error":""},"_links":{"self":[{"href":"https:\/\/www.europesays.com\/fr\/wp-json\/wp\/v2\/posts\/414788","targetHints":{"allow":["GET"]}}],"collection":[{"href":"https:\/\/www.europesays.com\/fr\/wp-json\/wp\/v2\/posts"}],"about":[{"href":"https:\/\/www.europesays.com\/fr\/wp-json\/wp\/v2\/types\/post"}],"author":[{"embeddable":true,"href":"https:\/\/www.europesays.com\/fr\/wp-json\/wp\/v2\/users\/2"}],"replies":[{"embeddable":true,"href":"https:\/\/www.europesays.com\/fr\/wp-json\/wp\/v2\/comments?post=414788"}],"version-history":[{"count":0,"href":"https:\/\/www.europesays.com\/fr\/wp-json\/wp\/v2\/posts\/414788\/revisions"}],"wp:featuredmedia":[{"embeddable":true,"href":"https:\/\/www.europesays.com\/fr\/wp-json\/wp\/v2\/media\/414789"}],"wp:attachment":[{"href":"https:\/\/www.europesays.com\/fr\/wp-json\/wp\/v2\/media?parent=414788"}],"wp:term":[{"taxonomy":"category","embeddable":true,"href":"https:\/\/www.europesays.com\/fr\/wp-json\/wp\/v2\/categories?post=414788"},{"taxonomy":"post_tag","embeddable":true,"href":"https:\/\/www.europesays.com\/fr\/wp-json\/wp\/v2\/tags?post=414788"}],"curies":[{"name":"wp","href":"https:\/\/api.w.org\/{rel}","templated":true}]}}