{"id":41479,"date":"2025-04-21T12:24:11","date_gmt":"2025-04-21T12:24:11","guid":{"rendered":"https:\/\/www.europesays.com\/fr\/41479\/"},"modified":"2025-04-21T12:24:11","modified_gmt":"2025-04-21T12:24:11","slug":"controles-a-repetition-a-paris-laurent-nunez-denonce-une-etude-a-charge","status":"publish","type":"post","link":"https:\/\/www.europesays.com\/fr\/41479\/","title":{"rendered":"Contr\u00f4les \u00e0 r\u00e9p\u00e9tition \u00e0 Paris\u00a0: Laurent Nu\u00f1ez d\u00e9nonce \u00ab\u00a0une \u00e9tude \u00e0 charge\u00a0\u00bb"},"content":{"rendered":"<p class=\"paragraph text_align_left\">Un rapport qui ne passe pas. Le pr\u00e9fet de police de Paris, <a href=\"https:\/\/www.leparisien.fr\/politique\/laurent-nunez\/\" target=\"_self\" rel=\"nofollow noopener\">Laurent Nu\u00f1ez<\/a>, a r\u00e9cemment d\u00e9nonc\u00e9 une \u00e9tude \u00ab\u00a0\u00e0 charge\u00a0\u00bb apr\u00e8s la publication d\u2019un rapport <a href=\"https:\/\/www.leparisien.fr\/paris-75\/a-paris-des-pratiques-policieres-ciblees-le-defenseur-des-droits-tire-la-sonnette-dalarme-14-04-2025-O7TT7JIUZVA33C4XJSFZX7HKDY.php\" target=\"_self\" rel=\"nofollow noopener\">d\u00e9crivant \u00ab\u00a0une politique institutionnelle\u00a0\u00bb destin\u00e9e \u00e0 \u00e9vincer de l\u2019espace public parisien des personnes \u00ab\u00a0ind\u00e9sirables\u00a0\u00bb<\/a>, soit des jeunes racis\u00e9s issus de milieux populaires.<\/p>\n<p class=\"paragraph text_align_left\">La D\u00e9fenseure des droits avait publi\u00e9 le 9\u00a0avril un rapport, command\u00e9 au centre de recherche sur les in\u00e9galit\u00e9s sociales de Sciences Po, qui rel\u00e8ve un ciblage \u00ab\u00a0discriminatoire\u00a0\u00bb visant des personnes jug\u00e9es \u00ab\u00a0ind\u00e9sirables\u00a0\u00bb sur la base de \u00ab\u00a0l\u2019\u00e2ge, le genre, assignation ethno-raciale et pr\u00e9carit\u00e9 \u00e9conomique\u00a0\u00bb.<\/p>\n<p>Pour Nunez, une m\u00e9thodologie \u00ab\u00a0plus que discutable\u00a0\u00bb<\/p>\n<p class=\"paragraph text_align_left\">Cette \u00e9tude d\u00e9crypte \u00e9galement \u00ab\u00a0la pratique de la multi-verbalisation\u00a0\u00bb en r\u00e9gion parisienne sur la base d\u2019une quarantaine d\u2019entretiens r\u00e9alis\u00e9s avec des jeunes multi-verbalis\u00e9s entre janvier\u00a02019 et juin\u00a02024 et qui vivent majoritairement intra-muros.<\/p>\n<p class=\"paragraph text_align_left\">Dans un courrier adress\u00e9 \u00e0 la D\u00e9fenseure des droits Claire H\u00e9don, dat\u00e9 du 16\u00a0avril, que l\u2019AFP a pu consulter lundi, Laurent Nu\u00f1ez d\u00e9nonce une m\u00e9thodologie qui \u00ab\u00a0appara\u00eet plus que discutable\u00a0\u00bb\u00a0: selon lui, cette enqu\u00eate serait \u00ab\u00a0men\u00e9e exclusivement \u00e0 charge\u00a0\u00bb et fonderait \u00ab\u00a0ses r\u00e9sultats sur des propos d\u00e9claratifs (\u2026) sans jamais interroger l\u2019institution polici\u00e8re\u00a0\u00bb.<\/p>\n<p class=\"paragraph text_align_left\">Il a \u00e9galement regrett\u00e9 que l\u2019institution du D\u00e9fenseur des droits se fasse le relais de travaux ne faisant \u00e9tat d\u2019\u00ab\u00a0aucun caract\u00e8re scientifique\u00a0\u00bb.<\/p>\n<p class=\"paragraph text_align_left\">Dans un autre courrier dat\u00e9 du 18\u00a0avril, \u00e0 l\u2019attention des d\u00e9put\u00e9s cette fois et dont l\u2019AFP a \u00e9galement eu connaissance, le pr\u00e9fet invite les \u00e9lus \u00e0 \u00ab\u00a0adopter la plus grande prudence et r\u00e9serve\u00a0\u00bb face \u00e0 un document qui, selon lui, \u00ab\u00a0affirme l\u2019existence au sein de la police nationale d\u2019une politique institutionnelle qui vise \u00e0 \u00e9vincer de l\u2019espace public parisien des cat\u00e9gories de population d\u00e9finies par l\u2019institution polici\u00e8re comme ind\u00e9sirables\u00a0\u00bb.<\/p>\n<p class=\"paragraph text_align_left\">Ces propos, assure Laurent Nu\u00f1ez, sont \u00ab\u00a0\u00e9minemment diffamatoires\u00a0\u00bb et participeraient selon lui \u00e0 \u00ab\u00a0encourager la d\u00e9fiance envers les institutions \u00e9tatiques\u00a0\u00bb.<\/p>\n<p class=\"paragraph text_align_left\">\u00ab\u00a0Plus que leur remise en cause aveugle et le discr\u00e9dit r\u00e9current, ces policiers (\u2026) ont besoin d\u2019\u00eatre soutenus\u00a0\u00bb, conclut Laurent Nu\u00f1ez, \u00e9voquant sa \u00ab\u00a0franche indignation\u00a0\u00bb face \u00e0 ces travaux.<\/p>\n","protected":false},"excerpt":{"rendered":"Un rapport qui ne passe pas. Le pr\u00e9fet de police de Paris, Laurent Nu\u00f1ez, a r\u00e9cemment d\u00e9nonc\u00e9 une&hellip;\n","protected":false},"author":2,"featured_media":41480,"comment_status":"","ping_status":"","sticky":false,"template":"","format":"standard","meta":{"footnotes":""},"categories":[1888],"tags":[11,1777,674,1011,27,1944,12,626,25],"class_list":{"0":"post-41479","1":"post","2":"type-post","3":"status-publish","4":"format-standard","5":"has-post-thumbnail","7":"category-paris","8":"tag-actualites","9":"tag-eu","10":"tag-europe","11":"tag-fr","12":"tag-france","13":"tag-ma-ville","14":"tag-news","15":"tag-paris","16":"tag-republique-francaise"},"share_on_mastodon":{"url":"https:\/\/pubeurope.com\/@fr\/114375941363815909","error":""},"_links":{"self":[{"href":"https:\/\/www.europesays.com\/fr\/wp-json\/wp\/v2\/posts\/41479","targetHints":{"allow":["GET"]}}],"collection":[{"href":"https:\/\/www.europesays.com\/fr\/wp-json\/wp\/v2\/posts"}],"about":[{"href":"https:\/\/www.europesays.com\/fr\/wp-json\/wp\/v2\/types\/post"}],"author":[{"embeddable":true,"href":"https:\/\/www.europesays.com\/fr\/wp-json\/wp\/v2\/users\/2"}],"replies":[{"embeddable":true,"href":"https:\/\/www.europesays.com\/fr\/wp-json\/wp\/v2\/comments?post=41479"}],"version-history":[{"count":0,"href":"https:\/\/www.europesays.com\/fr\/wp-json\/wp\/v2\/posts\/41479\/revisions"}],"wp:featuredmedia":[{"embeddable":true,"href":"https:\/\/www.europesays.com\/fr\/wp-json\/wp\/v2\/media\/41480"}],"wp:attachment":[{"href":"https:\/\/www.europesays.com\/fr\/wp-json\/wp\/v2\/media?parent=41479"}],"wp:term":[{"taxonomy":"category","embeddable":true,"href":"https:\/\/www.europesays.com\/fr\/wp-json\/wp\/v2\/categories?post=41479"},{"taxonomy":"post_tag","embeddable":true,"href":"https:\/\/www.europesays.com\/fr\/wp-json\/wp\/v2\/tags?post=41479"}],"curies":[{"name":"wp","href":"https:\/\/api.w.org\/{rel}","templated":true}]}}