{"id":414798,"date":"2025-09-24T20:21:12","date_gmt":"2025-09-24T20:21:12","guid":{"rendered":"https:\/\/www.europesays.com\/fr\/414798\/"},"modified":"2025-09-24T20:21:12","modified_gmt":"2025-09-24T20:21:12","slug":"les-incoherences-de-la-politique-migratoire-de-trump","status":"publish","type":"post","link":"https:\/\/www.europesays.com\/fr\/414798\/","title":{"rendered":"les incoh\u00e9rences de la politique migratoire de Trump"},"content":{"rendered":"<p><img loading=\"lazy\" decoding=\"async\" width=\"696\" height=\"392\" class=\"entry-thumb\" src=\"https:\/\/www.europesays.com\/fr\/wp-content\/uploads\/2025\/09\/trump-afrique-visa-696x392.jpeg\"   alt=\"Trump Afrique Visa\" title=\"Trump Afrique Visa\"\/>Trump Afrique Visa<\/p>\n<p>Un des cinq migrants refoul\u00e9s il y a quelques semaines des Etats-Unis vers l\u2019Eswatini a finalement regagn\u00e9 sa patrie, la Jama\u00efque en toute discr\u00e9tion.<\/p>\n<p>L\u2019histoire d\u2019Orville Isaac Etoria illustre les zones grises, les pol\u00e9miques et les incoh\u00e9rences entourant la nouvelle politique migratoire des \u00c9tats-Unis. Expuls\u00e9 en juillet vers l\u2019Eswatini dans le cadre d\u2019un accord conclu entre Washington et Mbabane, ce ressortissant jama\u00efcain a finalement \u00e9t\u00e9 rapatri\u00e9 le week-end dernier vers son pays d\u2019origine.<\/p>\n<p>De Washington \u00e0 Mbabane, puis retour \u00e0 Kingston<\/p>\n<p>Arr\u00eat\u00e9 aux \u00c9tats-Unis comme \u00ab migrant ill\u00e9gal \u00bb, Orville Isaac Etoria a \u00e9t\u00e9 transf\u00e9r\u00e9 le 7 juillet 2025 vers l\u2019<a href=\"https:\/\/www.afrik.com\/swaziland\" target=\"_blank\" rel=\"noopener\">Eswatini<\/a>, petit royaume enclav\u00e9 d\u2019Afrique australe anciennement Swaziland. Il faisait partie d\u2019un groupe de <a href=\"https:\/\/www.afrik.com\/afrique-etats-unis-des-migrants-asiatiques-et-caribeens-ont-ete-envoyes-en-eswatini\" target=\"_blank\" rel=\"noopener\">cinq \u00e9trangers expuls\u00e9s par Washington<\/a> \u2013 originaires du Vietnam, du Laos, du Y\u00e9men, de Cuba et de la Jama\u00efque \u2013 que l\u2019administration Trump avait qualifi\u00e9s de \u00ab barbares \u00bb.<\/p>\n<p>D\u00e8s leur arriv\u00e9e, les cinq hommes avaient \u00e9t\u00e9 plac\u00e9s dans une prison de haute s\u00e9curit\u00e9 de Mbabane. Mais deux mois plus tard, Etoria a obtenu son renvoi en Jama\u00efque. Selon les autorit\u00e9s locales, \u00ab un arrangement a \u00e9t\u00e9 n\u00e9goci\u00e9 \u00bb pour permettre son d\u00e9part, \u00e0 sa propre demande. Le voyage a \u00e9t\u00e9 facilit\u00e9 par l\u2019Organisation internationale pour les migrations (OIM), mais les d\u00e9tails financiers et logistiques n\u2019ont pas \u00e9t\u00e9 r\u00e9v\u00e9l\u00e9s.<\/p>\n<p>Les accords entre Washington et Mbabane dans le viseur<\/p>\n<p>L\u2019affaire met en lumi\u00e8re <a href=\"https:\/\/www.afrik.com\/ouganda-etats-unis-un-accord-migratoire-qui-interroge\" target=\"_blank\" rel=\"noopener\">les accords pass\u00e9s entre les \u00c9tats-Unis<\/a> et plusieurs pays tiers pour accueillir des migrants expuls\u00e9s. Dans le cas de l\u2019Eswatini, Human Rights Watch affirme que le royaume s\u2019est engag\u00e9 \u00e0 recevoir jusqu\u2019\u00e0 160 migrants en \u00e9change d\u2019une enveloppe de 5,1 millions de dollars destin\u00e9e \u00e0 renforcer la s\u00e9curit\u00e9 de ses fronti\u00e8res.<\/p>\n<p>Ces arrangements, conclus sous le sceau de la confidentialit\u00e9, sont vivement critiqu\u00e9s. Des ONG locales ont saisi la justice, estimant qu\u2019ils violent la Constitution car ils n\u2019ont pas \u00e9t\u00e9 soumis au Parlement. \u00ab Nous assistons \u00e0 une externalisation brutale et opaque de la gestion migratoire am\u00e9ricaine \u00bb, d\u00e9noncent plusieurs associations de d\u00e9fense des droits humains.<\/p>\n<p>Un symbole des tensions migratoires sous Trump<\/p>\n<p>Le cas d\u2019Etoria, contraint \u00e0 un double exil avant de retrouver sa terre natale, illustre les d\u00e9rives possibles de ce syst\u00e8me de \u00ab d\u00e9portations externalis\u00e9es \u00bb. Pour Washington, il s\u2019agit d\u2019all\u00e9ger la pression migratoire sur le sol am\u00e9ricain. Pour l\u2019Eswatini, l\u2019accord repr\u00e9sente une manne financi\u00e8re. Mais pour les personnes concern\u00e9es, l\u2019exp\u00e9rience se traduit par une incarc\u00e9ration forc\u00e9e dans un pays \u00e9tranger, puis par une incertitude totale quant \u00e0 leur avenir.<\/p>\n<p>La controverse autour de ces expulsions pourrait encore s\u2019amplifier \u00e0 mesure que d\u2019autres migrants, venus d\u2019Asie, du Moyen-Orient ou des Cara\u00efbes, seront achemin\u00e9s vers Mbabane. Le retour discret d\u2019Orville Isaac Etoria en Jama\u00efque n\u2019est peut-\u00eatre que le premier signe d\u2019un syst\u00e8me d\u00e9j\u00e0 fragilis\u00e9 par ses contradictions.<\/p>\n","protected":false},"excerpt":{"rendered":"Trump Afrique Visa Un des cinq migrants refoul\u00e9s il y a quelques semaines des Etats-Unis vers l\u2019Eswatini a&hellip;\n","protected":false},"author":2,"featured_media":414799,"comment_status":"","ping_status":"","sticky":false,"template":"","format":"standard","meta":{"footnotes":""},"categories":[1589],"tags":[11,47979,73,1866,1061,12,54497,1864,1865,1863,308],"class_list":{"0":"post-414798","1":"post","2":"type-post","3":"status-publish","4":"format-standard","5":"has-post-thumbnail","7":"category-etats-unis","8":"tag-actualites","9":"tag-caraibes","10":"tag-etats-unis","11":"tag-etats-unis-damerique","12":"tag-immigration","13":"tag-news","14":"tag-swaziland-eswatini","15":"tag-united-states","16":"tag-united-states-of-america","17":"tag-us","18":"tag-usa"},"share_on_mastodon":{"url":"https:\/\/pubeurope.com\/@fr\/115261137947050694","error":""},"_links":{"self":[{"href":"https:\/\/www.europesays.com\/fr\/wp-json\/wp\/v2\/posts\/414798","targetHints":{"allow":["GET"]}}],"collection":[{"href":"https:\/\/www.europesays.com\/fr\/wp-json\/wp\/v2\/posts"}],"about":[{"href":"https:\/\/www.europesays.com\/fr\/wp-json\/wp\/v2\/types\/post"}],"author":[{"embeddable":true,"href":"https:\/\/www.europesays.com\/fr\/wp-json\/wp\/v2\/users\/2"}],"replies":[{"embeddable":true,"href":"https:\/\/www.europesays.com\/fr\/wp-json\/wp\/v2\/comments?post=414798"}],"version-history":[{"count":0,"href":"https:\/\/www.europesays.com\/fr\/wp-json\/wp\/v2\/posts\/414798\/revisions"}],"wp:featuredmedia":[{"embeddable":true,"href":"https:\/\/www.europesays.com\/fr\/wp-json\/wp\/v2\/media\/414799"}],"wp:attachment":[{"href":"https:\/\/www.europesays.com\/fr\/wp-json\/wp\/v2\/media?parent=414798"}],"wp:term":[{"taxonomy":"category","embeddable":true,"href":"https:\/\/www.europesays.com\/fr\/wp-json\/wp\/v2\/categories?post=414798"},{"taxonomy":"post_tag","embeddable":true,"href":"https:\/\/www.europesays.com\/fr\/wp-json\/wp\/v2\/tags?post=414798"}],"curies":[{"name":"wp","href":"https:\/\/api.w.org\/{rel}","templated":true}]}}