{"id":414802,"date":"2025-09-24T20:23:09","date_gmt":"2025-09-24T20:23:09","guid":{"rendered":"https:\/\/www.europesays.com\/fr\/414802\/"},"modified":"2025-09-24T20:23:09","modified_gmt":"2025-09-24T20:23:09","slug":"le-japon-deploie-des-avions-de-chasse-f-15-en-allemagne-business-am","status":"publish","type":"post","link":"https:\/\/www.europesays.com\/fr\/414802\/","title":{"rendered":"Le Japon d\u00e9ploie des avions de chasse F-15 en Allemagne &#8211; Business AM"},"content":{"rendered":"<p>Principaux renseignements<\/p>\n<ul class=\"wp-block-list\">\n<li><strong>Le Japon a d\u00e9ploy\u00e9 deux chasseurs F-15 en Allemagne pour la premi\u00e8re fois.<\/strong><\/li>\n<li><strong>Ce d\u00e9ploiement t\u00e9moigne du renforcement de la coop\u00e9ration en mati\u00e8re de d\u00e9fense entre le Japon et les pays de l\u2019OTAN dans un contexte de pr\u00e9occupations croissantes en mati\u00e8re de s\u00e9curit\u00e9 mondiale.<\/strong><\/li>\n<li><strong>La visite est ax\u00e9e sur l\u2019\u00e9tablissement de relations et le renforcement des liens entre les forces a\u00e9riennes japonaises et allemandes.<\/strong><\/li>\n<\/ul>\n<p>Deux chasseurs japonais F-15 se sont pos\u00e9s sur la base a\u00e9rienne de Laage en <a href=\"https:\/\/fr.businessam.be\/allemagne-renforce-la-frontiere-de-lotan-apres-lapparition-de-drones-russes-en-pologne\/\" target=\"_blank\" rel=\"noreferrer noopener\">Allemagne<\/a> mardi, marquant un moment historique en tant que premier d\u00e9ploiement de ce type en Europe. Cette visite, qui fait suite \u00e0 une escale en Grande-Bretagne, s\u2019inscrit dans le cadre des efforts d\u00e9ploy\u00e9s par le Japon et les pays de l\u2019OTAN pour renforcer la coop\u00e9ration en mati\u00e8re de d\u00e9fense dans le contexte des pr\u00e9occupations s\u00e9curitaires mondiales.<\/p>\n<p>L\u2019affirmation croissante de la Russie et de la Chine a entra\u00een\u00e9 un resserrement des liens entre les r\u00e9gions euro-atlantique et indo-pacifique.  Le d\u00e9ploiement par le Japon de F-15, ainsi que d\u2019avions de transport et de ravitaillement, de part et d\u2019autre de l\u2019Atlantique, souligne cet engagement en faveur d\u2019int\u00e9r\u00eats s\u00e9curitaires communs.<\/p>\n<p>Signification historique<\/p>\n<p>S\u2019exprimant lors d\u2019une c\u00e9r\u00e9monie de bienvenue, le chef de l\u2019arm\u00e9e de l\u2019air allemande, le lieutenant-g\u00e9n\u00e9ral Holger Neumann, a soulign\u00e9 l\u2019importance de l\u2019\u00e9v\u00e9nement, en insistant sur le caract\u00e8re historique des vols conjoints d\u2019avions de combat japonais et allemands.  Le g\u00e9n\u00e9ral Takehiro Morita, chef de la Force d\u2019autod\u00e9fense a\u00e9rienne japonaise (ASDF), a affirm\u00e9 le r\u00f4le crucial de l\u2019Allemagne en tant que partenaire europ\u00e9en, s\u2019engageant \u00e0 travailler en collaboration pour la paix et la stabilit\u00e9 mondiales.<\/p>\n<p>Bien que des exercices conjoints ne soient pas pr\u00e9vus au cours de cette visite qui s\u2019ach\u00e8vera vendredi, l\u2019objectif principal reste de favoriser les \u00e9changes entre les unit\u00e9s et de renforcer les relations. Ce partenariat renforc\u00e9 a \u00e9t\u00e9 mis en \u00e9vidence l\u2019ann\u00e9e derni\u00e8re lorsque les Eurofighters de l\u2019arm\u00e9e de l\u2019air allemande ont effectu\u00e9 des exercices conjoints avec les F-15 de l\u2019ASDF sur la base a\u00e9rienne de Chitose \u00e0 Hokkaido, au Japon. (jv)<\/p>\n<p><a href=\"https:\/\/news.google.com\/publications\/CAowtseUCw?hl=fr&amp;gl=BE&amp;ceid=BE%3Afr\" target=\"_blank\" rel=\"noopener\">Suivez \u00e9galement Business AM sur Google Actualit\u00e9s<\/a><\/p>\n<p><a href=\"https:\/\/portalfr.businessam.be\/plans\/business-am-fr-offre-dete\/\" target=\"_blank\" rel=\"noopener\">Si vous souhaitez acc\u00e9der \u00e0 tous les articles, abonnez-vous ici!<\/a><\/p>\n","protected":false},"excerpt":{"rendered":"Principaux renseignements Le Japon a d\u00e9ploy\u00e9 deux chasseurs F-15 en Allemagne pour la premi\u00e8re fois. Ce d\u00e9ploiement t\u00e9moigne&hellip;\n","protected":false},"author":2,"featured_media":414803,"comment_status":"","ping_status":"","sticky":false,"template":"","format":"standard","meta":{"footnotes":""},"categories":[1587],"tags":[11,672,1804,1805,1803,1777,674,1801,2070,12,1802],"class_list":{"0":"post-414802","1":"post","2":"type-post","3":"status-publish","4":"format-standard","5":"has-post-thumbnail","7":"category-allemagne","8":"tag-actualites","9":"tag-allemagne","10":"tag-bundesrepublik-deutschland","11":"tag-de","12":"tag-deutschland","13":"tag-eu","14":"tag-europe","15":"tag-germany","16":"tag-japon","17":"tag-news","18":"tag-republique-federale-dallemagne"},"share_on_mastodon":{"url":"","error":""},"_links":{"self":[{"href":"https:\/\/www.europesays.com\/fr\/wp-json\/wp\/v2\/posts\/414802","targetHints":{"allow":["GET"]}}],"collection":[{"href":"https:\/\/www.europesays.com\/fr\/wp-json\/wp\/v2\/posts"}],"about":[{"href":"https:\/\/www.europesays.com\/fr\/wp-json\/wp\/v2\/types\/post"}],"author":[{"embeddable":true,"href":"https:\/\/www.europesays.com\/fr\/wp-json\/wp\/v2\/users\/2"}],"replies":[{"embeddable":true,"href":"https:\/\/www.europesays.com\/fr\/wp-json\/wp\/v2\/comments?post=414802"}],"version-history":[{"count":0,"href":"https:\/\/www.europesays.com\/fr\/wp-json\/wp\/v2\/posts\/414802\/revisions"}],"wp:featuredmedia":[{"embeddable":true,"href":"https:\/\/www.europesays.com\/fr\/wp-json\/wp\/v2\/media\/414803"}],"wp:attachment":[{"href":"https:\/\/www.europesays.com\/fr\/wp-json\/wp\/v2\/media?parent=414802"}],"wp:term":[{"taxonomy":"category","embeddable":true,"href":"https:\/\/www.europesays.com\/fr\/wp-json\/wp\/v2\/categories?post=414802"},{"taxonomy":"post_tag","embeddable":true,"href":"https:\/\/www.europesays.com\/fr\/wp-json\/wp\/v2\/tags?post=414802"}],"curies":[{"name":"wp","href":"https:\/\/api.w.org\/{rel}","templated":true}]}}