{"id":41481,"date":"2025-04-21T12:25:12","date_gmt":"2025-04-21T12:25:12","guid":{"rendered":"https:\/\/www.europesays.com\/fr\/41481\/"},"modified":"2025-04-21T12:25:12","modified_gmt":"2025-04-21T12:25:12","slug":"il-representait-la-paix-a-notre-dame-de-paris-croyants-et-touristes-choques-et-attristes-part-la-mort-du-pape","status":"publish","type":"post","link":"https:\/\/www.europesays.com\/fr\/41481\/","title":{"rendered":"\u00ab\u00a0Il repr\u00e9sentait la paix\u00a0\u00bb: \u00e0 Notre-Dame de Paris, croyants et touristes choqu\u00e9s et attrist\u00e9s part la mort du pape"},"content":{"rendered":"<p>Sur le parvis bond\u00e9 de touristes faisant la queue pour entrer dans la cath\u00e9drale r\u00e9cemment rouverte au public apr\u00e8s avoir \u00e9t\u00e9 sauv\u00e9e d&rsquo;un terrible incendie en avril 2019, \u00e0 11H00 beaucoup ne sont pas encore au courant de la mort du pape Fran\u00e7ois. D&rsquo;autres apprennent la mort du pape sur leur smartphone.<\/p>\n<p><strong>Croyants ou non, ils se disent \u00ab\u00a0tristes et choqu\u00e9s\u00a0\u00bb<\/strong>, \u00e0 l&rsquo;instar de Patricia, qui ne souhaite pas donner son nom de famille, compatriote argentine de Jorge Mario Bergoglio.<\/p>\n<p><strong>\u00ab\u00a0Il repr\u00e9sentait la paix\u00a0\u00bb,<\/strong> affirme Martin, un jeune fran\u00e7ais de 15 ans.<\/p>\n<p>\u00ab\u00a0\u00c7a me touche, il avait propos\u00e9 des choses int\u00e9ressantes. J&rsquo;esp\u00e8re que ce sera suivi et qu&rsquo;on gardera certaines valeurs. Je l&rsquo;ai trouv\u00e9 moderne parce qu&rsquo;il a parl\u00e9 \u00e0 tout le monde\u00a0\u00bb, t\u00e9moigne Guillaume Georget, chef d&rsquo;entreprise.<\/p>\n<p>Johanne Turgeon, Canadienne aux cheveux blancs, se dit \u00ab\u00a0triste\u00a0\u00bb et estime qu&rsquo;il sera probablement \u00ab\u00a0difficile de trouver quelqu&rsquo;un d&rsquo;autre aussi humain\u00a0\u00bb.<\/p>\n<p>\u00ab\u00a0On n&rsquo;est pas tr\u00e8s pratiquant mais c&rsquo;est quelqu&rsquo;un qui nous tient tous ensemble. J&rsquo;ai vu le film &lsquo;Conclave&rsquo;, et \u00e7a nous explique que la succession c&rsquo;est tr\u00e8s politique. <strong>Les plus sournois ont plus de chances d&rsquo;\u00eatre \u00e9lus!<\/strong>\u00ab\u00a0, analyse d\u00e9j\u00e0 la touriste.<\/p>\n<p> Messes et veill\u00e9e <\/p>\n<p>A 11H00 pr\u00e9cises, les cloches de la cath\u00e9drale sonnent 88 coups en hommage au pape d\u00e9c\u00e9d\u00e9 \u00e0 l&rsquo;\u00e2ge de 88 ans. La s\u00e9rie est conclue par une grande vol\u00e9e sous un ciel d&rsquo;\u00e9pais nuages gris.<\/p>\n<p>              <img ci-src=\"https:\/\/www.nicematin.com\/faits-de-societe\/afp\/eb8189a4b2fc99f2a135bf33cced660009a9c206-aKzlNTsF.jpg?vh=b9a09f&amp;ci_seal=019a385280\" alt=\"\"\/><br \/>\n        Des personnes rassembl\u00e9es dans la cath\u00e9drale Notre-Dame de Paris qui rend hommage au pape Fran\u00e7ois, le 21 avril 2025 <strong>Photo AFP \/ Dimitar DILKOFF.<\/strong> <\/p>\n<p>A l&rsquo;int\u00e9rieur de l&rsquo;\u00e9difice religieux embl\u00e9matique de Paris, un grand portrait de Fran\u00e7ois tr\u00f4ne d\u00e9j\u00e0 \u00e0 c\u00f4t\u00e9 du cierge pascal allum\u00e9 samedi soir pendant la vigie. Une messe \u00e0 l&rsquo;intention du pape a commenc\u00e9 \u00e0 midi.<\/p>\n<p>\u00ab\u00a0Aujourd&rsquo;hui cette action de gr\u00e2ce prend un caract\u00e8re particulier\u00a0\u00bb, a lanc\u00e9 l&rsquo;abb\u00e9 Bertrand Dufour, chapelain de la cath\u00e9drale, en rappelant l'\u00a0\u00bbesp\u00e9rance pr\u00f4n\u00e9e par le pape Fran\u00e7ois qui a fait le th\u00e8me du jubil\u00e9\u00a0\u00bb, une c\u00e9l\u00e9bration ayant lieu tous les 25 ans dans l&rsquo;Eglise catholique.<\/p>\n<p>Une autre messe est pr\u00e9vue \u00e0 18H00 en pr\u00e9sence d&rsquo;officiels. A ce titre, la cath\u00e9drale sera ferm\u00e9e d\u00e8s 16H00. Vers 19H00 lundi, un chapelet, s\u00e9rie de pri\u00e8res, sera dit \u00e0 Notre-Dame puis \u00e0 20H00 une veill\u00e9e sera organis\u00e9e sans dur\u00e9e fix\u00e9e.<\/p>\n<p>Une autre messe sera organis\u00e9e \u00e0 08H30 mardi.<\/p>\n<p><strong>La mort de Fran\u00e7ois survenue au bout de la Semaine sainte prend une dimension encore suppl\u00e9mentaire<\/strong> pour les catholiques pr\u00e9sents sur le parvis.<\/p>\n<p>\u00ab\u00a0Il \u00e9tait un exemple \u00e0 suivre. C&rsquo;est tr\u00e8s triste, c&rsquo;\u00e9tait quelqu&rsquo;un d&rsquo;influent. Il parlait \u00e0 beaucoup de gens, en leur montrant comment vivre bien\u00a0\u00bb, rend hommage Thomas Presley, venu de Caroline du nord.<\/p>\n<p>\u00ab\u00a0Je regardais encore hier la messe qui aurait d\u00fb \u00eatre dite par le pape. Il n&rsquo;avait pas l&rsquo;air en grande forme!\u00a0\u00bb, commente Myriam Dupuis, guide conf\u00e9renci\u00e8re.<\/p>\n<p>              <img ci-src=\"https:\/\/www.nicematin.com\/faits-de-societe\/afp\/d12dfb1ec08d24f939134ffdd9c57bbdb8b64998-IMeHwZ3v.jpg?vh=603832&amp;ci_seal=f8e57b2291\" alt=\"\"\/><br \/>\n        Des personnes rassembl\u00e9es dans la cath\u00e9drale Notre-Dame de Paris qui rend hommage au pape Fran\u00e7ois, le 21 avril 2025. <strong>Photo AFP \/ Dimitar DILKOFF.<\/strong> <\/p>\n<p>\u00ab\u00a0Il a essay\u00e9 de faire avancer certaines choses au niveau de l&rsquo;Eglise, c&rsquo;est plus difficile qu&rsquo;on ne le pense. Il y avait une tentative d&rsquo;\u00e9volution pour aller vers un monde plus moderne. Je trouve \u00e7a triste. <strong>On ne sait pas ce qui va se passer, il va y avoir une lutte pour le pouvoir&#8230;<\/strong>\u00ab\u00a0, pronostique-t-elle avant d&rsquo;ajouter: \u00ab\u00a0\u00c7a se passe un jour de P\u00e2ques, c&rsquo;est peut-\u00eatre un message divin!\u00a0\u00bb<\/p>\n<p>Franck Sauvaget-Sidon \u00e9coute les 88 coups de cloches. Il est venu de Mayenne pour le weekend de P\u00e2ques.<\/p>\n<p>\u00ab\u00a0La f\u00eate de P\u00e2ques c&rsquo;est la r\u00e9surrection, il a tenu p\u00e9niblement jusqu&rsquo;\u00e0 cette date. (&#8230;) Il savait ses jours compt\u00e9s, pour lui la pression est retomb\u00e9e\u00a0\u00bb apr\u00e8s le dimanche de P\u00e2ques, observe le Mayennais.<\/p>\n","protected":false},"excerpt":{"rendered":"Sur le parvis bond\u00e9 de touristes faisant la queue pour entrer dans la cath\u00e9drale r\u00e9cemment rouverte au public&hellip;\n","protected":false},"author":2,"featured_media":41482,"comment_status":"","ping_status":"","sticky":false,"template":"","format":"standard","meta":{"footnotes":""},"categories":[1888],"tags":[11,1777,674,332,1011,27,937,12,626,4020,25],"class_list":{"0":"post-41481","1":"post","2":"type-post","3":"status-publish","4":"format-standard","5":"has-post-thumbnail","7":"category-paris","8":"tag-actualites","9":"tag-eu","10":"tag-europe","11":"tag-faits-de-societe","12":"tag-fr","13":"tag-france","14":"tag-histoire","15":"tag-news","16":"tag-paris","17":"tag-religion","18":"tag-republique-francaise"},"share_on_mastodon":{"url":"https:\/\/pubeurope.com\/@fr\/114375945411934335","error":""},"_links":{"self":[{"href":"https:\/\/www.europesays.com\/fr\/wp-json\/wp\/v2\/posts\/41481","targetHints":{"allow":["GET"]}}],"collection":[{"href":"https:\/\/www.europesays.com\/fr\/wp-json\/wp\/v2\/posts"}],"about":[{"href":"https:\/\/www.europesays.com\/fr\/wp-json\/wp\/v2\/types\/post"}],"author":[{"embeddable":true,"href":"https:\/\/www.europesays.com\/fr\/wp-json\/wp\/v2\/users\/2"}],"replies":[{"embeddable":true,"href":"https:\/\/www.europesays.com\/fr\/wp-json\/wp\/v2\/comments?post=41481"}],"version-history":[{"count":0,"href":"https:\/\/www.europesays.com\/fr\/wp-json\/wp\/v2\/posts\/41481\/revisions"}],"wp:featuredmedia":[{"embeddable":true,"href":"https:\/\/www.europesays.com\/fr\/wp-json\/wp\/v2\/media\/41482"}],"wp:attachment":[{"href":"https:\/\/www.europesays.com\/fr\/wp-json\/wp\/v2\/media?parent=41481"}],"wp:term":[{"taxonomy":"category","embeddable":true,"href":"https:\/\/www.europesays.com\/fr\/wp-json\/wp\/v2\/categories?post=41481"},{"taxonomy":"post_tag","embeddable":true,"href":"https:\/\/www.europesays.com\/fr\/wp-json\/wp\/v2\/tags?post=41481"}],"curies":[{"name":"wp","href":"https:\/\/api.w.org\/{rel}","templated":true}]}}