{"id":414816,"date":"2025-09-24T20:34:19","date_gmt":"2025-09-24T20:34:19","guid":{"rendered":"https:\/\/www.europesays.com\/fr\/414816\/"},"modified":"2025-09-24T20:34:19","modified_gmt":"2025-09-24T20:34:19","slug":"les-pilotes-confirmes-pour-2026","status":"publish","type":"post","link":"https:\/\/www.europesays.com\/fr\/414816\/","title":{"rendered":"Les pilotes confirm\u00e9s pour 2026"},"content":{"rendered":"<p>&#13;<\/p>\n<p><strong>Plusieurs \u00e9quipes ont d\u00e9j\u00e0 annonc\u00e9 leur line-up pour la saison prochaine. Voici un point sur ce que l&rsquo;on sait.<\/strong><\/p>\n<p>Aspar Team : Maximo Quiles, Marco Morelli<br \/>Leopard Racing : Guido Pini<br \/>Liqui Moly Intact GP : David Mu\u00f1oz<br \/>MLav Racing : Joel Kelso<br \/>Red Bull KTM Tech3 : Valentin Perrone, Rico Salmela<br \/>Red Bull KTM Ajo : Alvaro Carpe, Brian Uriarte<br \/>LEVELUP &#8211; MTA : Marcos Uriarte, Matteo Bertelle<\/p>\n<p>&#13;<br \/>\n           &#13;<br \/>\n&#13;<br \/>\n    &#13;<br \/>\n    &#13;<\/p>\n","protected":false},"excerpt":{"rendered":"&#13; Plusieurs \u00e9quipes ont d\u00e9j\u00e0 annonc\u00e9 leur line-up pour la saison prochaine. Voici un point sur ce que&hellip;\n","protected":false},"author":2,"featured_media":414817,"comment_status":"","ping_status":"","sticky":false,"template":"","format":"standard","meta":{"footnotes":""},"categories":[1413],"tags":[1011,27,1457,1456,60],"class_list":{"0":"post-414816","1":"post","2":"type-post","3":"status-publish","4":"format-standard","5":"has-post-thumbnail","7":"category-moto","8":"tag-fr","9":"tag-france","10":"tag-moto","11":"tag-motocycle","12":"tag-sports"},"share_on_mastodon":{"url":"https:\/\/pubeurope.com\/@fr\/115261188607014049","error":""},"_links":{"self":[{"href":"https:\/\/www.europesays.com\/fr\/wp-json\/wp\/v2\/posts\/414816","targetHints":{"allow":["GET"]}}],"collection":[{"href":"https:\/\/www.europesays.com\/fr\/wp-json\/wp\/v2\/posts"}],"about":[{"href":"https:\/\/www.europesays.com\/fr\/wp-json\/wp\/v2\/types\/post"}],"author":[{"embeddable":true,"href":"https:\/\/www.europesays.com\/fr\/wp-json\/wp\/v2\/users\/2"}],"replies":[{"embeddable":true,"href":"https:\/\/www.europesays.com\/fr\/wp-json\/wp\/v2\/comments?post=414816"}],"version-history":[{"count":0,"href":"https:\/\/www.europesays.com\/fr\/wp-json\/wp\/v2\/posts\/414816\/revisions"}],"wp:featuredmedia":[{"embeddable":true,"href":"https:\/\/www.europesays.com\/fr\/wp-json\/wp\/v2\/media\/414817"}],"wp:attachment":[{"href":"https:\/\/www.europesays.com\/fr\/wp-json\/wp\/v2\/media?parent=414816"}],"wp:term":[{"taxonomy":"category","embeddable":true,"href":"https:\/\/www.europesays.com\/fr\/wp-json\/wp\/v2\/categories?post=414816"},{"taxonomy":"post_tag","embeddable":true,"href":"https:\/\/www.europesays.com\/fr\/wp-json\/wp\/v2\/tags?post=414816"}],"curies":[{"name":"wp","href":"https:\/\/api.w.org\/{rel}","templated":true}]}}