{"id":414834,"date":"2025-09-24T20:44:32","date_gmt":"2025-09-24T20:44:32","guid":{"rendered":"https:\/\/www.europesays.com\/fr\/414834\/"},"modified":"2025-09-24T20:44:32","modified_gmt":"2025-09-24T20:44:32","slug":"le-documentaire-amr-jazz-power-capte-lesprit-de-lassociation-musicale-genevoise-rts-ch","status":"publish","type":"post","link":"https:\/\/www.europesays.com\/fr\/414834\/","title":{"rendered":"Le documentaire \u00ab\u00a0AMR Jazz Power\u00a0\u00bb capte l&rsquo;esprit de l&rsquo;association musicale genevoise &#8211; rts.ch"},"content":{"rendered":"<p>Avec le documentaire \u00ab\u00a0AMR Jazz Power\u00a0\u00bb pr\u00e9sent\u00e9 en avant-premi\u00e8re ce 24 septembre \u00e0 l&rsquo;Alhambra de Gen\u00e8ve, le r\u00e9alisateur R\u00e9mi Borgeaud s&rsquo;est plong\u00e9 dans l\u2019univers d\u2019une association cinquantenaire de musiciens qui, \u00e0 l&rsquo;image du jazz, est en perp\u00e9tuel mouvement.<\/p>\n<p>R\u00e9mi Borgeaud, clarinettiste, historien et cin\u00e9aste a re\u00e7u de l&rsquo;Association pour l\u2019encouragement de la Musique impRovis\u00e9e (AMR) \u00e0 Gen\u00e8ve le mandat de r\u00e9aliser un film qui raconte le pr\u00e9sent de cette extraordinaire structure qui promeut la musique improvis\u00e9e, mais pas que.<\/p>\n<p>L&rsquo;AMR est un art de vivre, de penser, de partager musique et humanit\u00e9, par une structure originale &#8211; plut\u00f4t horizontale &#8211; qui fonctionne depuis cinquante ans; pratiquement trois g\u00e9n\u00e9rations de musiciennes et musiciens qui r\u00e9inventent ensemble l&rsquo;esprit de la musique, improvis\u00e9e, et de l&rsquo;enseignement \u00e0 travers les c\u00e9l\u00e8bres ateliers qui ont form\u00e9 \u00e0 la pratique les meilleurs artistes.\u00a0<\/p>\n<p>Une association en perp\u00e9tuel mouvement<\/p>\n<p>Fruit d\u2019un travail d\u2019immersion de plusieurs ann\u00e9es, le documentaire \u00ab\u00a0AMR Jazz Power\u00a0\u00bb de R\u00e9mi Borgeaud est une plong\u00e9e dans l\u2019univers d\u2019une association de musiciens qui, \u00e0 l\u2019image du jazz, est en perp\u00e9tuel mouvement. Entre engagement et passion, \u00e0 travers des t\u00e9moignages intimes et des moments musicaux vibrants, ce film raconte l\u2019histoire d\u2019un collectif install\u00e9 dans un b\u00e2timent d\u00e9nomm\u00e9 Sud des Alpes pr\u00e8s de la gare Cornavin qui a su faire sa place dans le monde de la musique tant sur la sc\u00e8ne locale qu\u2019internationale.<\/p>\n<p>Fond\u00e9e en 1973 par des musiciens, l&rsquo;AMR organise des festivals, concerts, jam sessions et mandate des compositions aux musiciens locaux. L&rsquo;association organise aussi des ateliers collectifs de pratique musicale, ouverts \u00e0 toutes et tous, plus un cursus professionnel en collaboration avec le Conservatoire populaire de musique, danse et th\u00e9\u00e2tre. Enfin, l&rsquo;AMR anime et g\u00e8re le Sud des Alpes, le centre musical. Elle s\u2019est d\u00e9velopp\u00e9e sur les trois dimensions que sont la formation, le soutien au travail et la diffusion. L&rsquo;AMR a re\u00e7u en 2022 un Prix Sp\u00e9cial de Musique Suisse dot\u00e9 de 25&rsquo;000 francs d\u00e9cern\u00e9 par l&rsquo;Office f\u00e9d\u00e9ral de la culture.<\/p>\n<p class=\"sources\">Sujet radio: Ivor Malherbe<\/p>\n<p class=\"credit\">Adaptation web: olhor<\/p>\n<p class=\"article-footnote\">\u00ab\u00a0AMR Jazz Power\u00a0\u00bb de R\u00e9mi Borgeaud est \u00e0 voir en avant-premi\u00e8re \u00e0 l&rsquo;Alhambra, Gen\u00e8ve, le 24 septembre \u00e0 20h30. La projection est pr\u00e9c\u00e9d\u00e9e \u00e0 19h d&rsquo;un concert du collectif We Don&rsquo;t Care About.<\/p>\n","protected":false},"excerpt":{"rendered":"Avec le documentaire \u00ab\u00a0AMR Jazz Power\u00a0\u00bb pr\u00e9sent\u00e9 en avant-premi\u00e8re ce 24 septembre \u00e0 l&rsquo;Alhambra de Gen\u00e8ve, le r\u00e9alisateur&hellip;\n","protected":false},"author":2,"featured_media":414835,"comment_status":"","ping_status":"","sticky":false,"template":"","format":"standard","meta":{"footnotes":""},"categories":[1354],"tags":[1693,10903,1697,251,58,59,2081,32157,1346,1011,27,36850,6910,1360,14224,873,1698,4233],"class_list":{"0":"post-414834","1":"post","2":"type-post","3":"status-publish","4":"format-standard","5":"has-post-thumbnail","7":"category-films","8":"tag-arts-et-divertissement","9":"tag-avant-premiere","10":"tag-concert","11":"tag-culture","12":"tag-divertissement","13":"tag-entertainment","14":"tag-film","15":"tag-film-documentaire","16":"tag-films","17":"tag-fr","18":"tag-france","19":"tag-genre-musical","20":"tag-jazz","21":"tag-movies","22":"tag-musicien","23":"tag-musique","24":"tag-musiques","25":"tag-realisateur"},"share_on_mastodon":{"url":"https:\/\/pubeurope.com\/@fr\/115261227971918228","error":""},"_links":{"self":[{"href":"https:\/\/www.europesays.com\/fr\/wp-json\/wp\/v2\/posts\/414834","targetHints":{"allow":["GET"]}}],"collection":[{"href":"https:\/\/www.europesays.com\/fr\/wp-json\/wp\/v2\/posts"}],"about":[{"href":"https:\/\/www.europesays.com\/fr\/wp-json\/wp\/v2\/types\/post"}],"author":[{"embeddable":true,"href":"https:\/\/www.europesays.com\/fr\/wp-json\/wp\/v2\/users\/2"}],"replies":[{"embeddable":true,"href":"https:\/\/www.europesays.com\/fr\/wp-json\/wp\/v2\/comments?post=414834"}],"version-history":[{"count":0,"href":"https:\/\/www.europesays.com\/fr\/wp-json\/wp\/v2\/posts\/414834\/revisions"}],"wp:featuredmedia":[{"embeddable":true,"href":"https:\/\/www.europesays.com\/fr\/wp-json\/wp\/v2\/media\/414835"}],"wp:attachment":[{"href":"https:\/\/www.europesays.com\/fr\/wp-json\/wp\/v2\/media?parent=414834"}],"wp:term":[{"taxonomy":"category","embeddable":true,"href":"https:\/\/www.europesays.com\/fr\/wp-json\/wp\/v2\/categories?post=414834"},{"taxonomy":"post_tag","embeddable":true,"href":"https:\/\/www.europesays.com\/fr\/wp-json\/wp\/v2\/tags?post=414834"}],"curies":[{"name":"wp","href":"https:\/\/api.w.org\/{rel}","templated":true}]}}