{"id":414843,"date":"2025-09-24T20:49:10","date_gmt":"2025-09-24T20:49:10","guid":{"rendered":"https:\/\/www.europesays.com\/fr\/414843\/"},"modified":"2025-09-24T20:49:10","modified_gmt":"2025-09-24T20:49:10","slug":"christophe-castaner-ne-conseille-plus-le-geant-chinois-de-la-fast-fashion-shein","status":"publish","type":"post","link":"https:\/\/www.europesays.com\/fr\/414843\/","title":{"rendered":"Christophe Castaner ne conseille plus le g\u00e9ant chinois de la fast-fashion Shein"},"content":{"rendered":"<p>La nomination de l\u2019ex-ministre de l\u2019Int\u00e9rieur au sein d\u2019un comit\u00e9 strat\u00e9gique de Shein avait \u00e9t\u00e9 annonc\u00e9e en d\u00e9cembre dernier par l\u2019enseigne asiatique tr\u00e8s critiqu\u00e9e et avait suscit\u00e9 l\u2019ire d\u2019associations.<\/p>\n<p class=\"fig-paragraph\">Fin d&rsquo;une alliance d\u00e9cri\u00e9e\u00a0: Christophe Castaner\u00a0<a href=\"http:\/\/www.lefigaro.fr\/societes\/shein-comment-castaner-defend-son-choix-de-travailler-pour-le-geant-chinois-de-la-fast-fashion-20250112\" target=\"_blank\" data-fig-type=\"NewsFlash\" rel=\"noopener\" data-gtm-custom-categorie=\"navigation\" data-gtm-custom-action=\"crossclick\" data-gtm-custom-label=\"Contextuel\" data-gtm-event=\"customEventSPE\" data-fig-domain=\"LEFIGARO\">ne conseille plus Shein<\/a>\u00a0puisque le comit\u00e9 strat\u00e9gique auquel il appartenait a rendu ses conclusions. La nomination de l&rsquo;ex-ministre de l&rsquo;Int\u00e9rieur au sein de ce comit\u00e9, en parall\u00e8le de ses fonctions de pr\u00e9sident du conseil de surveillance du port de Marseille-Fos, avait \u00e9t\u00e9 annonc\u00e9e en d\u00e9cembre par l&rsquo;enseigne asiatique tr\u00e8s critiqu\u00e9e et avait suscit\u00e9 l&rsquo;ire d&rsquo;associations.<\/p>\n<p class=\"fig-paragraph\">Les Amis de la Terre et l&rsquo;Observatoire des multinationales avaient alors adress\u00e9 une lettre \u00e0 la Haute autorit\u00e9 pour la transparence de la vie publique (HATVP), estimant que cette nomination s&rsquo;apparentait \u00e0 une activit\u00e9 de lobbying, alors qu&rsquo;\u00e9tait discut\u00e9e la loi qui vise la mode ultra-\u00e9ph\u00e9m\u00e8re au Parlement. Or, \u00abaucun \u00e9l\u00e9ment sur cette prestation de conseil n&rsquo;est publi\u00e9 dans les d\u00e9clarations faites \u00e0 la HATVP par Shein et Villanelle Conseil\u00bb, la soci\u00e9t\u00e9 de conseil de Christophe Castaner, qui \u00abse pr\u00e9sente publiquement comme sp\u00e9cialis\u00e9e dans la repr\u00e9sentation d&rsquo;int\u00e9r\u00eats\u00bb, avaient fait valoir Les Amis de la Terre.<\/p>\n<p>                                    <a class=\"fig-a11y-skip a11y-hidden\" href=\"#fig-a11y-skip-main-inarticle\"><br \/>\n        Passer la publicit\u00e9<br \/>\n    <\/a><\/p>\n<p class=\"fig-paragraph\">Christophe Castaner avait assur\u00e9 qu&rsquo;il ne s&rsquo;agissait pas \u00abd&rsquo;un contrat de lobbying mais d&rsquo;appui et de conseil\u00bb. Le comit\u00e9 auquel appartenait Christophe Castaner, destin\u00e9 \u00e0 conseiller le groupe dans la zone Europe, Afrique, Moyen-Orient, \u00aba formellement conclu son travail consultatif le 30 juin 2025\u00bb, a indiqu\u00e9 l&rsquo;entreprise. L&rsquo;ex-secr\u00e9taire d&rsquo;\u00c9tat aux droits des victimes Nicole Guedj et l&rsquo;ancien patron de la f\u00e9d\u00e9ration fran\u00e7aise de l&rsquo;assurance Bernard Spitz y si\u00e9geaient \u00e9galement. Les recommandations \u00e9manant de ce comit\u00e9 alimenteront le rapport de Shein en mati\u00e8re de responsabilit\u00e9 soci\u00e9tale des entreprises (RSE) qui sera rendu public, mais dont la date de publication n&rsquo;est pas encore fix\u00e9e, a pr\u00e9cis\u00e9 la marque.<\/p>\n","protected":false},"excerpt":{"rendered":"La nomination de l\u2019ex-ministre de l\u2019Int\u00e9rieur au sein d\u2019un comit\u00e9 strat\u00e9gique de Shein avait \u00e9t\u00e9 annonc\u00e9e en d\u00e9cembre&hellip;\n","protected":false},"author":2,"featured_media":414844,"comment_status":"","ping_status":"","sticky":false,"template":"","format":"standard","meta":{"footnotes":""},"categories":[6],"tags":[35,30031,33,34,1011,27,1104],"class_list":{"0":"post-414843","1":"post","2":"type-post","3":"status-publish","4":"format-standard","5":"has-post-thumbnail","7":"category-economie","8":"tag-business","9":"tag-christophe-castaner","10":"tag-economie","11":"tag-economy","12":"tag-fr","13":"tag-france","14":"tag-shein"},"share_on_mastodon":{"url":"https:\/\/pubeurope.com\/@fr\/115261247581171958","error":""},"_links":{"self":[{"href":"https:\/\/www.europesays.com\/fr\/wp-json\/wp\/v2\/posts\/414843","targetHints":{"allow":["GET"]}}],"collection":[{"href":"https:\/\/www.europesays.com\/fr\/wp-json\/wp\/v2\/posts"}],"about":[{"href":"https:\/\/www.europesays.com\/fr\/wp-json\/wp\/v2\/types\/post"}],"author":[{"embeddable":true,"href":"https:\/\/www.europesays.com\/fr\/wp-json\/wp\/v2\/users\/2"}],"replies":[{"embeddable":true,"href":"https:\/\/www.europesays.com\/fr\/wp-json\/wp\/v2\/comments?post=414843"}],"version-history":[{"count":0,"href":"https:\/\/www.europesays.com\/fr\/wp-json\/wp\/v2\/posts\/414843\/revisions"}],"wp:featuredmedia":[{"embeddable":true,"href":"https:\/\/www.europesays.com\/fr\/wp-json\/wp\/v2\/media\/414844"}],"wp:attachment":[{"href":"https:\/\/www.europesays.com\/fr\/wp-json\/wp\/v2\/media?parent=414843"}],"wp:term":[{"taxonomy":"category","embeddable":true,"href":"https:\/\/www.europesays.com\/fr\/wp-json\/wp\/v2\/categories?post=414843"},{"taxonomy":"post_tag","embeddable":true,"href":"https:\/\/www.europesays.com\/fr\/wp-json\/wp\/v2\/tags?post=414843"}],"curies":[{"name":"wp","href":"https:\/\/api.w.org\/{rel}","templated":true}]}}