{"id":414854,"date":"2025-09-24T20:55:43","date_gmt":"2025-09-24T20:55:43","guid":{"rendered":"https:\/\/www.europesays.com\/fr\/414854\/"},"modified":"2025-09-24T20:55:43","modified_gmt":"2025-09-24T20:55:43","slug":"nancy-comment-se-passer-de-sa-voiture-les-habitants-de-la-metropole-peuvent-beneficier-de-conseils-gratuits","status":"publish","type":"post","link":"https:\/\/www.europesays.com\/fr\/414854\/","title":{"rendered":"Nancy. Comment se passer de sa voiture ? Les habitants de la M\u00e9tropole peuvent b\u00e9n\u00e9ficier de conseils gratuits"},"content":{"rendered":"<p>Comment se d\u00e9placer au mieux depuis, vers, ou au sein de la M\u00e9tropole ? Est-il pertinent ou non d\u2019envisager un v\u00e9hicule \u00e9lectrique ou hybride, selon sa situation et ses usages ? \u00c0 quelles aides pr\u00e9tendre ? Quelles sont les offres de transports en commun, de v\u00e9los \u00e0 louer ou encore d\u2019autopartage ? <\/p>\n<p>Toutes ces questions (et bien d\u2019autres) se posent parfois, en vrai casse-t\u00eate, \u00e0 celles et ceux qui bougent r\u00e9guli\u00e8rement, pour le travail ou tout autre motif. Et qui, d\u00e9sormais, peuvent trouver de l\u2019aide du c\u00f4t\u00e9 <a href=\"https:\/\/www.estrepublicain.fr\/meurthe-et-moselle\/2018\/11\/16\/energie-l-alec-vous-arme-pour-passer-votre-logement-au-crible\" target=\"_blank\" rel=\"noopener\">de l\u2019ALEC, install\u00e9e dans le quartier Rives de Meurthe<\/a> \u2026<\/p>\n<p>  Auto, v\u00e9lo, etc<\/p>\n<p>L\u2019Agence locale de l\u2019\u00c9nergie et du Climat dispose en effet, depuis juin dernier, d\u2019un conseiller en mobilit\u00e9 en la personne de Nicolas Priou. Apr\u00e8s des \u00e9tudes en \u00ab D\u00e9veloppement durable et mobilit\u00e9s \u00bb, le jeune homme est arriv\u00e9 \u00e0 l\u2019ALEC \u00e0 la faveur d\u2019une cr\u00e9ation de poste, avec pour mission <a href=\"https:\/\/alec-nancy.fr\/nouveau-dispositif-lalec-vous-accompagne-vers-des-mobilites-actives-et-decarbonees\/\" target=\"_blank\" rel=\"noopener\">d\u2019informer le grand public sur les bonnes pratiques en termes de d\u00e9placements.<\/a><\/p>\n<p>\u00ab L\u2019ALEC avait r\u00e9pondu \u00e0 un appel \u00e0 projet de <a href=\"https:\/\/www.estrepublicain.fr\/environnement\/2021\/11\/30\/du-plus-frugal-au-moins-sobre-4-scenarios-pour-atteindre-la-neutralite-carbone-en-2050\" target=\"_blank\" rel=\"noopener\"> l\u2019Ademe (Agence de l\u2019environnement et de la ma\u00eetrise de l\u2019\u00e9nergie)<\/a> dans un contexte d\u2019objectifs de <a href=\"https:\/\/www.estrepublicain.fr\/environnement\/2025\/02\/26\/l-insee-mesure-le-poids-de-la-voiture-dans-les-emissions-regionales-de-gaz-a-effet-de-serre\" target=\"_blank\" rel=\"noopener\">r\u00e9duction des \u00e9missions de gaz \u00e0 effet de serre, le transport \u00e9tant le 2e  facteur d\u2019\u00e9missions de CO2<\/a> \u00bb, contextualise Guillaume Lavier, directeur de l\u2019ALEC. <\/p>\n<p>La structure a ainsi pu embaucher Nicolas Priou, charg\u00e9 de renseigner gratuitement sur les diff\u00e9rents modes de transports, les r\u00e9seaux et les services accessibles dans la m\u00e9tropole. <a href=\"https:\/\/www.estrepublicain.fr\/politique\/2025\/05\/25\/pollution-de-l-air-l-assemblee-va-t-elle-acter-la-fin-des-zones-a-faibles-emissions\" target=\"_blank\" rel=\"noopener\">Et ce m\u00eame si les ZFE (zones \u00e0 faibles \u00e9missions), l\u00e9gitimant initialement ces postes de conseillers en mobilit\u00e9s, sont pour l\u2019heure au point mort.<\/a> \u00a0<\/p>\n<p>  Pour les particuliers, mais pas que<\/p>\n<p>\u00ab Au-del\u00e0 de la question des ZFE, il reste beaucoup d\u2019informations \u00e0 donner autour des mobilit\u00e9s, r\u00e9sume Nicolas Priou, et notamment sur les alternatives \u00e0 la voiture individuelle. Je peux conseiller en cas de projet d\u2019achat d\u2019un v\u00e9hicule \u00e9lectrique, sur le r\u00e9seau de bornes publiques, sur les d\u00e9marches pour installer une borne en copropri\u00e9t\u00e9, ou encore sur tout ce qui concerne le v\u00e9lo : achat, choix d\u2019un antivol, services de la Maison du v\u00e9lo du Grand Nancy, etc. \u00bb<\/p>\n<p>En somme, tout ce qui concerne de pr\u00e8s ou de loin les d\u00e9placements, peut faire l\u2019objet d\u2019une demande d\u2019information au conseiller en mobilit\u00e9s de la part de n\u2019importe quel particulier, mais par les entreprises, collectivit\u00e9s, associations ou encore \u00e9tablissements scolaires.<\/p>\n<p>\u00ab L\u2019ALEC n\u2019a rien \u00e0 vendre, on ne prend donc pas partie dans nos explications \u00bb, rappelle en outre Guillaume Lavier.<\/p>\n<p class=\"note\">Contact : par mail : <a href=\"https:\/\/www.estrepublicain.fr\/transport\/2025\/09\/24\/mailto:mobilites@alec-nancy.fr\" target=\"_blank\" rel=\"noopener\">mobilit\u00e9s@alec-nancy.fr<\/a> ; site internet : alec-nancy.fr ; tel : 03 83 37 25 87 (adresse : 10, promenade Emilie-du-Chatelet \u00e0 Nancy)<\/p>\n","protected":false},"excerpt":{"rendered":"Comment se d\u00e9placer au mieux depuis, vers, ou au sein de la M\u00e9tropole ? Est-il pertinent ou non&hellip;\n","protected":false},"author":2,"featured_media":414855,"comment_status":"","ping_status":"","sticky":false,"template":"","format":"standard","meta":{"footnotes":""},"categories":[9635],"tags":[1111,11,1704,1777,674,1011,27,775,1702,1703,12,25,2803],"class_list":{"0":"post-414854","1":"post","2":"type-post","3":"status-publish","4":"format-standard","5":"has-post-thumbnail","7":"category-nancy","8":"tag-actu","9":"tag-actualites","10":"tag-edition-nancy-et-agglomeration","11":"tag-eu","12":"tag-europe","13":"tag-fr","14":"tag-france","15":"tag-grand-est","16":"tag-nancy","17":"tag-nancy-ville-54b","18":"tag-news","19":"tag-republique-francaise","20":"tag-transport"},"share_on_mastodon":{"url":"https:\/\/pubeurope.com\/@fr\/115261271243340384","error":""},"_links":{"self":[{"href":"https:\/\/www.europesays.com\/fr\/wp-json\/wp\/v2\/posts\/414854","targetHints":{"allow":["GET"]}}],"collection":[{"href":"https:\/\/www.europesays.com\/fr\/wp-json\/wp\/v2\/posts"}],"about":[{"href":"https:\/\/www.europesays.com\/fr\/wp-json\/wp\/v2\/types\/post"}],"author":[{"embeddable":true,"href":"https:\/\/www.europesays.com\/fr\/wp-json\/wp\/v2\/users\/2"}],"replies":[{"embeddable":true,"href":"https:\/\/www.europesays.com\/fr\/wp-json\/wp\/v2\/comments?post=414854"}],"version-history":[{"count":0,"href":"https:\/\/www.europesays.com\/fr\/wp-json\/wp\/v2\/posts\/414854\/revisions"}],"wp:featuredmedia":[{"embeddable":true,"href":"https:\/\/www.europesays.com\/fr\/wp-json\/wp\/v2\/media\/414855"}],"wp:attachment":[{"href":"https:\/\/www.europesays.com\/fr\/wp-json\/wp\/v2\/media?parent=414854"}],"wp:term":[{"taxonomy":"category","embeddable":true,"href":"https:\/\/www.europesays.com\/fr\/wp-json\/wp\/v2\/categories?post=414854"},{"taxonomy":"post_tag","embeddable":true,"href":"https:\/\/www.europesays.com\/fr\/wp-json\/wp\/v2\/tags?post=414854"}],"curies":[{"name":"wp","href":"https:\/\/api.w.org\/{rel}","templated":true}]}}