{"id":414856,"date":"2025-09-24T20:56:14","date_gmt":"2025-09-24T20:56:14","guid":{"rendered":"https:\/\/www.europesays.com\/fr\/414856\/"},"modified":"2025-09-24T20:56:14","modified_gmt":"2025-09-24T20:56:14","slug":"football-as-nancy-lorraine-stade-de-reims-enzo-basilio-encore-suspendu-on-vous-explique-pourquoi","status":"publish","type":"post","link":"https:\/\/www.europesays.com\/fr\/414856\/","title":{"rendered":"Football. AS Nancy Lorraine &#8211; Stade de Reims\u00a0: Enzo Basilio encore suspendu, on vous explique pourquoi"},"content":{"rendered":"<p>Apr\u00e8s son brillant bapt\u00eame du feu <a href=\"https:\/\/www.estrepublicain.fr\/sport\/2025\/09\/20\/l-as-nancy-lorraine-a-paye-la-taxe-d-apprentissage-a-la-ligue-2-face-au-red-star\" target=\"_blank\" rel=\"noopener\">face au Red Star<\/a> malgr\u00e9 la d\u00e9faite et apr\u00e8s sa prestation plus contrast\u00e9e lors de la victoire <a href=\"https:\/\/www.estrepublicain.fr\/sport\/2025\/09\/23\/suivez-la-rencontre-entre-le-fc-annecy-et-l-as-nancy-lorraine\" target=\"_blank\" rel=\"noopener\">contre Annecy \u00e0 Dijon<\/a> , le jeune Kenzo No\u00ebl se dirige vers une troisi\u00e8me apparition d\u2019affil\u00e9e en Ligue 2, ce vendredi, face au Stade de Reims \u00e0 Picot. La raison est toute simple, elle vient de la commission de discipline de la LFP, r\u00e9unie ce mercredi, qui a communiqu\u00e9, dans la soir\u00e9e, la nature exacte de la sanction inflig\u00e9e \u00e0 Enzo Basilio pour son carton rouge re\u00e7u contre le Red Star. Le gardien num\u00e9ro\u00a01 de l\u2019ASNL a \u00e9cop\u00e9 de deux matches de suspension ferme. D\u00e9j\u00e0 absent \u00e0 Dijon mardi, l\u2019ancien Guingampais sera, donc, encore priv\u00e9 du rendez-vous face aux R\u00e9mois. Cela peut para\u00eetre s\u00e9v\u00e8re, compte tenu de l\u2019erreur d\u2019appr\u00e9ciation d\u2019Enzo Basilio qui n\u2019a en aucun cas mis en danger l\u2019int\u00e9grit\u00e9 physique d\u2019un adversaire, vendredi dernier, mais c\u2019est, en r\u00e9alit\u00e9, le r\u00e8glement, ni plus, ni moins. Dans le bar\u00e8me disciplinaire, la sanction pr\u00e9vue est de deux matches ferme pour n\u2019importe quel joueur \u00ab\u00a0ayant annihil\u00e9 de mani\u00e8re irr\u00e9guli\u00e8re une occasion de but\u00a0\u00bb. Puisque la doublure d\u2019Enzo Basilio, en l\u2019occurrence Martin Sourzac, n\u2019est toujours pas r\u00e9tablie \u00e0 100\u00a0%, c\u2019est <a href=\"https:\/\/www.estrepublicain.fr\/sport\/2025\/09\/22\/kenzo-noel-apres-ses-debuts-pros-avec-l-as-nancy-lorraine-un-moment-dont-je-revais-depuis-tellement-longtemps\" target=\"_blank\" rel=\"noopener\">Kenzo No\u00ebl<\/a> qui encha\u00eenera.<\/p>\n","protected":false},"excerpt":{"rendered":"Apr\u00e8s son brillant bapt\u00eame du feu face au Red Star malgr\u00e9 la d\u00e9faite et apr\u00e8s sa prestation plus&hellip;\n","protected":false},"author":2,"featured_media":414857,"comment_status":"","ping_status":"","sticky":false,"template":"","format":"standard","meta":{"footnotes":""},"categories":[9635],"tags":[1111,11,3703,1704,1777,674,107,1701,17649,1795,63,1011,27,775,1702,1703,12,25,517,1700],"class_list":{"0":"post-414856","1":"post","2":"type-post","3":"status-publish","4":"format-standard","5":"has-post-thumbnail","7":"category-nancy","8":"tag-actu","9":"tag-actualites","10":"tag-asnl","11":"tag-edition-nancy-et-agglomeration","12":"tag-eu","13":"tag-europe","14":"tag-fil-info","15":"tag-fil-info-sport","16":"tag-fil-print","17":"tag-fil-web","18":"tag-football","19":"tag-fr","20":"tag-france","21":"tag-grand-est","22":"tag-nancy","23":"tag-nancy-ville-54b","24":"tag-news","25":"tag-republique-francaise","26":"tag-sport","27":"tag-sport-lorrain"},"share_on_mastodon":{"url":"https:\/\/pubeurope.com\/@fr\/115261275150947968","error":""},"_links":{"self":[{"href":"https:\/\/www.europesays.com\/fr\/wp-json\/wp\/v2\/posts\/414856","targetHints":{"allow":["GET"]}}],"collection":[{"href":"https:\/\/www.europesays.com\/fr\/wp-json\/wp\/v2\/posts"}],"about":[{"href":"https:\/\/www.europesays.com\/fr\/wp-json\/wp\/v2\/types\/post"}],"author":[{"embeddable":true,"href":"https:\/\/www.europesays.com\/fr\/wp-json\/wp\/v2\/users\/2"}],"replies":[{"embeddable":true,"href":"https:\/\/www.europesays.com\/fr\/wp-json\/wp\/v2\/comments?post=414856"}],"version-history":[{"count":0,"href":"https:\/\/www.europesays.com\/fr\/wp-json\/wp\/v2\/posts\/414856\/revisions"}],"wp:featuredmedia":[{"embeddable":true,"href":"https:\/\/www.europesays.com\/fr\/wp-json\/wp\/v2\/media\/414857"}],"wp:attachment":[{"href":"https:\/\/www.europesays.com\/fr\/wp-json\/wp\/v2\/media?parent=414856"}],"wp:term":[{"taxonomy":"category","embeddable":true,"href":"https:\/\/www.europesays.com\/fr\/wp-json\/wp\/v2\/categories?post=414856"},{"taxonomy":"post_tag","embeddable":true,"href":"https:\/\/www.europesays.com\/fr\/wp-json\/wp\/v2\/tags?post=414856"}],"curies":[{"name":"wp","href":"https:\/\/api.w.org\/{rel}","templated":true}]}}