{"id":414866,"date":"2025-09-24T21:02:13","date_gmt":"2025-09-24T21:02:13","guid":{"rendered":"https:\/\/www.europesays.com\/fr\/414866\/"},"modified":"2025-09-24T21:02:13","modified_gmt":"2025-09-24T21:02:13","slug":"ouverture-de-la-semaine-internationale-du-transport-et-de-la-logistique","status":"publish","type":"post","link":"https:\/\/www.europesays.com\/fr\/414866\/","title":{"rendered":"Ouverture de la Semaine Internationale du Transport et de la Logistique"},"content":{"rendered":"<p>C&rsquo;est aujourd&rsquo;hui, au parc des expositions de Villepinte, que s&rsquo;ouvre la Semaine Internationale du Transport et de la Logistique. Jusqu&rsquo;\u00e0 vendredi, les professionnels de l&rsquo;approvisionnement, de la distribution et de la supply chain sont r\u00e9unis. Les grands ports fran\u00e7ais sont notamment pr\u00e9sents. On notera d&rsquo;ailleurs que, dans le cadre du Conseil de Coordination Interportuaire de l&rsquo;Atlantique, les Grands Ports Maritimes de Nantes Saint-Nazaire, Bordeaux et La Rochelle, seront pour la premi\u00e8re fois pr\u00e9sents, ensemble, sous la banni\u00e8re European Atlantic Ports. Il en est de m\u00eame pour les \u00e9tablissements de l&rsquo;axe Seine (Le Havre, Rouen et Paris), que l&rsquo;on retrouvera sur un stand commun. <br \/>En tout, la SITL regroupe 800 exposants et devrait \u00eatre fr\u00e9quent\u00e9 par 45.000 professionnels. De nombreuses conf\u00e9rences auront lieu, alors que cette ann\u00e9e, la Russie est \u00e0 l&rsquo;honneur de cette 26\u00e8me \u00e9dition, inaugur\u00e9e ce matin par Dominique Bussereau, en pr\u00e9sence du vice-premier ministre et du ministre des Transports russes.   <br \/>______________________________________________<\/p>\n","protected":false},"excerpt":{"rendered":"C&rsquo;est aujourd&rsquo;hui, au parc des expositions de Villepinte, que s&rsquo;ouvre la Semaine Internationale du Transport et de la&hellip;\n","protected":false},"author":2,"featured_media":414867,"comment_status":"","ping_status":"","sticky":false,"template":"","format":"standard","meta":{"footnotes":""},"categories":[9587],"tags":[1111,11,6130,6141,6131,6138,2380,6135,554,1777,6136,674,1011,27,6139,6134,3135,6128,567,6129,6127,12,5161,6132,4838,6133,25,9590,6140,6137],"class_list":{"0":"post-414866","1":"post","2":"type-post","3":"status-publish","4":"format-standard","5":"has-post-thumbnail","7":"category-rouen","8":"tag-actu","9":"tag-actualites","10":"tag-chantiers","11":"tag-commando","12":"tag-construction-navale","13":"tag-costa","14":"tag-croisiere","15":"tag-dcns","16":"tag-defense","17":"tag-eu","18":"tag-euronaval","19":"tag-europe","20":"tag-fr","21":"tag-france","22":"tag-fremm","23":"tag-interviews","24":"tag-littoral","25":"tag-marine","26":"tag-marine-nationale","27":"tag-maritime","28":"tag-mer","29":"tag-news","30":"tag-normandie","31":"tag-offshore","32":"tag-peche","33":"tag-reportages","34":"tag-republique-francaise","35":"tag-rouen","36":"tag-sncm","37":"tag-stx"},"share_on_mastodon":{"url":"https:\/\/pubeurope.com\/@fr\/115261298927164193","error":""},"_links":{"self":[{"href":"https:\/\/www.europesays.com\/fr\/wp-json\/wp\/v2\/posts\/414866","targetHints":{"allow":["GET"]}}],"collection":[{"href":"https:\/\/www.europesays.com\/fr\/wp-json\/wp\/v2\/posts"}],"about":[{"href":"https:\/\/www.europesays.com\/fr\/wp-json\/wp\/v2\/types\/post"}],"author":[{"embeddable":true,"href":"https:\/\/www.europesays.com\/fr\/wp-json\/wp\/v2\/users\/2"}],"replies":[{"embeddable":true,"href":"https:\/\/www.europesays.com\/fr\/wp-json\/wp\/v2\/comments?post=414866"}],"version-history":[{"count":0,"href":"https:\/\/www.europesays.com\/fr\/wp-json\/wp\/v2\/posts\/414866\/revisions"}],"wp:featuredmedia":[{"embeddable":true,"href":"https:\/\/www.europesays.com\/fr\/wp-json\/wp\/v2\/media\/414867"}],"wp:attachment":[{"href":"https:\/\/www.europesays.com\/fr\/wp-json\/wp\/v2\/media?parent=414866"}],"wp:term":[{"taxonomy":"category","embeddable":true,"href":"https:\/\/www.europesays.com\/fr\/wp-json\/wp\/v2\/categories?post=414866"},{"taxonomy":"post_tag","embeddable":true,"href":"https:\/\/www.europesays.com\/fr\/wp-json\/wp\/v2\/tags?post=414866"}],"curies":[{"name":"wp","href":"https:\/\/api.w.org\/{rel}","templated":true}]}}