{"id":41488,"date":"2025-04-21T12:29:47","date_gmt":"2025-04-21T12:29:47","guid":{"rendered":"https:\/\/www.europesays.com\/fr\/41488\/"},"modified":"2025-04-21T12:29:47","modified_gmt":"2025-04-21T12:29:47","slug":"la-chanteuse-clodagh-rodgers-representante-du-royaume-uni-a-leurovision-est-morte-a-78-ans","status":"publish","type":"post","link":"https:\/\/www.europesays.com\/fr\/41488\/","title":{"rendered":"La chanteuse Clodagh Rodgers, repr\u00e9sentante du Royaume-Uni \u00e0 l&rsquo;Eurovision, est morte \u00e0 78 ans"},"content":{"rendered":"<p class=\"articleContent-meta\">\n        Hier \u00e0 14:59 &#8211; par             Aur\u00e9lie Hagopian<\/p>\n<p>                    Tweeter<\/p>\n<p>                    Partager sur Facebook<\/p>\n<p>                                        <img decoding=\"async\" src=\"https:\/\/www.europesays.com\/fr\/wp-content\/uploads\/2025\/04\/la-chanteuse-clodagh-rodgers-representante-du-royaume-uni-a-l-eurovision-est-morte-a-78-ans.jpg\"   alt=\"La chanteuse Clodagh Rodgers, repr\u00e9sentante du Royaume-Uni \u00e0 l'Eurovision, est morte \u00e0 78 ans\" class=\"  apply-ratio\"\/><\/p>\n<p class=\"articleContent-imageCredit\">\n                \u00a9 ITV\/\/SIPA\n            <\/p>\n<p>Le fils de Clodagh Rodgers a annonc\u00e9 sa mort ce vendredi 18 avril 2025. La chanteuse de 78 ans avait repr\u00e9sent\u00e9 le Royaume-Uni au concours de l\u2019Eurovision 1971 et avait fini \u00e0 la quatri\u00e8me place.<\/p>\n<p>Alors que<a href=\"https:\/\/www.programme.tv\/news\/actu\/240227-louane-devoile-la-chanson-qu-elle-interpretera-a-l-eurovision-2025\/\" target=\"_blank\" rel=\"noopener\"> tous les candidats en lice pour le prochain concours de l&rsquo;Eurovision sont en train de se pr\u00e9parer au mieux pour la 69e c\u00e9r\u00e9monie<\/a> qui aura lieu le 17 mai prochain, une triste nouvelle a \u00e9t\u00e9 annonc\u00e9e : La chanteuse<b> Clodagh Rodgers, connue pour avoir repr\u00e9sent\u00e9 le Royaume-Uni \u00e0 l\u2019Eurovision en 1971, est morte \u00e0 l&rsquo;\u00e2ge de 78 ans ce vendredi 18 avril<\/b>. C&rsquo;est son fils, Sam Sorbie, qui a fait cette terrible annonce aupr\u00e8s du m\u00e9dia britannique <a href=\"https:\/\/news.sky.com\/story\/bluesky-13351655\" target=\"_blank\" rel=\"noopener\">Sky News<\/a> pour qui il a d\u00e9clar\u00e9 : \u00ab\u00a0C\u2019est avec le c\u0153ur lourd que ma ch\u00e8re et belle maman Clodagh est malheureusement d\u00e9c\u00e9d\u00e9e apr\u00e8s avoir lutt\u00e9 contre la maladie pendant les trois derni\u00e8res ann\u00e9es. Elle s\u2019est \u00e9teinte paisiblement hier (vendredi), entour\u00e9e de sa famille \u00e0 Cobham.\u00a0\u00bb<\/p>\n<p>Mort de la chanteuse Clodagh Rodgers \u00e0 78 ans\u00a0: son fils avoue que sa m\u00e8re sera \u00ab\u00a0enfin en paix\u00a0\u00bb<\/p>\n<p>Dans ce communiqu\u00e9, le fils de la chanteuse a \u00e9galement tenu \u00e0 mettre en lumi\u00e8re le parcours de vie de sa m\u00e8re en d\u00e9crivant : \u00ab\u00a0Maman a v\u00e9cu une vie incroyable, pleine d\u2019amour et de bonheur. Elle a fait une carri\u00e8re fantastique, a voyag\u00e9 dans le monde entier, a consacr\u00e9 sa vie \u00e0 ses deux fils et a \u00e9t\u00e9 le roc de cette famille. La vie ne sera pas la m\u00eame sans maman, mais elle sera enfin en paix. Nous l\u2019aimons tous et elle nous manque terriblement.\u00a0\u00bb<\/p>\n<p>                                    Clodagh Rodgers s&rsquo;est class\u00e9e \u00e0 la quatri\u00e8me place du concours de l&rsquo;Eurovision en 1971, remport\u00e9 par Monaco<\/p>\n<p>N\u00e9e en Irlande du Nord en 1947, Clodagh Rodgers a repr\u00e9sent\u00e9 le Royaume-Uni au cours de la 16e \u00e9dition de l\u2019Eurovision qui a eu lieu \u00e0 Dublin, le 3 avril 1971.<b> <\/b>Gr\u00e2ce \u00e0 son titre Jack in Box, elle a pu terminer \u00e0 la quatri\u00e8me place (sur dix-huit) du concours de chant.<b> <\/b>La troisi\u00e8me marche du podium a \u00e9t\u00e9 remport\u00e9e par l&rsquo;Allemagne, tandis que l&rsquo;Espagne est arriv\u00e9e deuxi\u00e8me juste derri\u00e8re Monaco, grand gagnant de l&rsquo;Eurovision. Suite \u00e0 son passage dans le concours de chant, Clodagh Rodgers a particip\u00e9 \u00e0 bien d&rsquo;autres \u00e9missions comme The Morecombe And Wise Show, The Two Ronnies ou encore Top Of The Pops. Elle a ainsi connu une longue carri\u00e8re de chanteuse et de personnalit\u00e9 de la t\u00e9l\u00e9 outre-Manche.<\/p>\n<p>Article \u00e9crit avec la collaboration de 6m\u00e9dias.<\/p>\n<p>Rejoignez-nous sur Google News !<\/p>\n<p class=\"articleContent-pushTagline\">Abonnez-vous \u00e0 <a href=\"https:\/\/news.google.com\/publications\/CAAiEJwr-IZFXDFoZD1ePbkC_VcqFAgKIhCcK_iGRVwxaGQ9Xj25Av1X\" target=\"_blank\" rel=\"noopener\">T\u00e9l\u00e9 2 semaines sur Google News<\/a> pour ne manquer aucune info !<\/p>\n","protected":false},"excerpt":{"rendered":"Hier \u00e0 14:59 &#8211; par Aur\u00e9lie Hagopian Tweeter Partager sur Facebook \u00a9 ITV\/\/SIPA Le fils de Clodagh Rodgers&hellip;\n","protected":false},"author":2,"featured_media":41489,"comment_status":"","ping_status":"","sticky":false,"template":"","format":"standard","meta":{"footnotes":""},"categories":[1588],"tags":[11,12655,1777,674,18,12,473,1853,1851,1850,1852],"class_list":{"0":"post-41488","1":"post","2":"type-post","3":"status-publish","4":"format-standard","5":"has-post-thumbnail","7":"category-royaume-uni","8":"tag-actualites","9":"tag-carnet-noir","10":"tag-eu","11":"tag-europe","12":"tag-mort","13":"tag-news","14":"tag-royaume-uni","15":"tag-royaume-uni-de-grande-bretagne-et-dirlande-du-nord","16":"tag-uk","17":"tag-united-kingdom","18":"tag-united-kingdom-of-great-britain-and-northern-ireland"},"share_on_mastodon":{"url":"https:\/\/pubeurope.com\/@fr\/114375965167079083","error":""},"_links":{"self":[{"href":"https:\/\/www.europesays.com\/fr\/wp-json\/wp\/v2\/posts\/41488","targetHints":{"allow":["GET"]}}],"collection":[{"href":"https:\/\/www.europesays.com\/fr\/wp-json\/wp\/v2\/posts"}],"about":[{"href":"https:\/\/www.europesays.com\/fr\/wp-json\/wp\/v2\/types\/post"}],"author":[{"embeddable":true,"href":"https:\/\/www.europesays.com\/fr\/wp-json\/wp\/v2\/users\/2"}],"replies":[{"embeddable":true,"href":"https:\/\/www.europesays.com\/fr\/wp-json\/wp\/v2\/comments?post=41488"}],"version-history":[{"count":0,"href":"https:\/\/www.europesays.com\/fr\/wp-json\/wp\/v2\/posts\/41488\/revisions"}],"wp:featuredmedia":[{"embeddable":true,"href":"https:\/\/www.europesays.com\/fr\/wp-json\/wp\/v2\/media\/41489"}],"wp:attachment":[{"href":"https:\/\/www.europesays.com\/fr\/wp-json\/wp\/v2\/media?parent=41488"}],"wp:term":[{"taxonomy":"category","embeddable":true,"href":"https:\/\/www.europesays.com\/fr\/wp-json\/wp\/v2\/categories?post=41488"},{"taxonomy":"post_tag","embeddable":true,"href":"https:\/\/www.europesays.com\/fr\/wp-json\/wp\/v2\/tags?post=41488"}],"curies":[{"name":"wp","href":"https:\/\/api.w.org\/{rel}","templated":true}]}}