{"id":414885,"date":"2025-09-24T21:15:10","date_gmt":"2025-09-24T21:15:10","guid":{"rendered":"https:\/\/www.europesays.com\/fr\/414885\/"},"modified":"2025-09-24T21:15:10","modified_gmt":"2025-09-24T21:15:10","slug":"festival-de-linfo-locale-la-surabondance-dinfos-nous-empeche-de-comprendre","status":"publish","type":"post","link":"https:\/\/www.europesays.com\/fr\/414885\/","title":{"rendered":"Festival de l\u2019info locale\u00a0: \u00ab\u00a0La surabondance d\u2019infos nous emp\u00eache de comprendre\u00a0\u00bb"},"content":{"rendered":"<p><strong>David Medioni,<\/strong> journaliste ind\u00e9pendant et co-directeur de l\u2019Observatoire des m\u00e9dias \u00e0 la Fondation Jean-Jaur\u00e8s, sera aujourd\u2019hui au Festival de l\u2019info locale.<\/p>\n<p>La fatigue informationnelle, vous la d\u00e9finissez comment et vous la faites remonter \u00e0 quand\u00a0?<\/p>\n<p><a href=\"https:\/\/rennes.maville.com\/actu\/actudet_-entretien.-l-information-est-devenue-un-puits-sans-fond-et-ca-genere-de-l-angoisse-_54135-5687287_actu.Htm\" target=\"_self\" rel=\"noopener\">On peut la d\u00e9finir comme la dictature de flux informationnel, une surabondance d\u2019infos, d\u00e9vers\u00e9es de fa\u00e7on continuelle et de fa\u00e7on d\u00e9sordonn\u00e9e.<\/a> Aujourd\u2019hui, malgr\u00e9 une masse d\u2019informations, qui n\u2019a jamais \u00e9t\u00e9 atteinte, l\u2019acc\u00e8s \u00e0 la connaissance n\u2019a jamais \u00e9t\u00e9 aussi grand et on peine \u00e0 comprendre le monde. Cette surabondance nous emp\u00eache de m\u00e9taboliser l\u2019info et de la comprendre. Le terme est apparu assez r\u00e9cemment. Avant, on parlait d\u2019infob\u00e9sit\u00e9, de surinformation ou de m\u00e9sinformation. Le concept a \u00e9t\u00e9 forg\u00e9 en 2022<\/p>\n<p>Cette \u00ab\u00a0fatigue\u00a0\u00bb constitue-t-elle un danger pour la d\u00e9mocratie\u00a0?<\/p>\n<p>Oui, absolument\u00a0! L\u2019info fiable, v\u00e9rifi\u00e9e, professionnelle, permet de mieux comprendre les enjeux contemporains, g\u00e9opolitiques, \u00e9conomiques ou scientifiques. C\u2019est ce qui permet de sortir de la radicalisation. On assiste \u00e0 un exode informationnel. Une partie des Fran\u00e7ais ont d\u00e9cid\u00e9 de s\u2019exiler, soit pour ne plus s\u2019informer, soit, de fa\u00e7on plus radicale, pour aller sur des terres informationnelles alternatives et\/ou complotistes.<\/p>\n<p>Comment lutter contre cette fatigue informationnelle, et les risques qu\u2019elle fait peser\u00a0?<\/p>\n<p>\u00c0 plusieurs niveaux. \u00c0 l\u2019\u00e9chelle individuelle d\u2019abord, en prenant conscience de cette fatigue et de ce que j\u2019appelle le \u00ab\u00a0bilan carbone informationnel\u00a0\u00bb. Il faut mesurer \u00e0 quel point \u00e7a nous impacte. Ceux qui ont acc\u00e8s aux m\u00e9dias doivent, eux aussi, se montrer plus \u00e9conomes dans leur usage de la parole. Je crois aussi qu\u2019il faudrait mener une campagne de sant\u00e9 publique sur la fatigue informationnelle, ainsi qu\u2019une v\u00e9ritable \u00e9ducation aux m\u00e9dias, du CE2 \u00e0 la terminale. \u00c0 l\u2019\u00e9cole, on forme de futurs citoyens. Ils doivent comprendre les codes et les vices, voire les strat\u00e9gies de manipulation \u00e0 l\u2019\u0153uvre. Enfin, les m\u00e9dias eux-m\u00eames doivent sortir d\u2019une logique de flux et de breaking news qui entretient une logique de \u00ab\u00a0passion triste\u00a0\u00bb. Il faut r\u00e9inventer des formats, afin de renouer le dialogue avec ceux qui ont d\u00e9sert\u00e9 l\u2019info ou qui sont fatigu\u00e9s par cette abondance d\u2019infos.<\/p>\n<p><strong>Ce jeudi, <\/strong>de18\u00a0h \u00e0 19\u00a0h\u00a030, Mediacampus, 41,\u00a0rue de la Prairie au Duc, \u00e0 Nantes, salle Grue jaune, Grand d\u00e9bat Ras-le-bol des m\u00e9dias\u00a0: comment y rem\u00e9dier\u00a0?<\/p>\n<p>\u00a0<\/p>\n","protected":false},"excerpt":{"rendered":"David Medioni, journaliste ind\u00e9pendant et co-directeur de l\u2019Observatoire des m\u00e9dias \u00e0 la Fondation Jean-Jaur\u00e8s, sera aujourd\u2019hui au Festival&hellip;\n","protected":false},"author":2,"featured_media":414886,"comment_status":"","ping_status":"","sticky":false,"template":"","format":"standard","meta":{"footnotes":""},"categories":[2818],"tags":[1111,11,12635,12073,1777,674,849,1011,27,1922,1114,34681,766,12,2636,25,54505],"class_list":{"0":"post-414885","1":"post","2":"type-post","3":"status-publish","4":"format-standard","5":"has-post-thumbnail","7":"category-nantes","8":"tag-actu","9":"tag-actualites","10":"tag-comprendre","11":"tag-empeche","12":"tag-eu","13":"tag-europe","14":"tag-festival","15":"tag-fr","16":"tag-france","17":"tag-info","18":"tag-infos","19":"tag-locale","20":"tag-nantes","21":"tag-news","22":"tag-pays-de-la-loire","23":"tag-republique-francaise","24":"tag-surabondance"},"share_on_mastodon":{"url":"https:\/\/pubeurope.com\/@fr\/115261349852709487","error":""},"_links":{"self":[{"href":"https:\/\/www.europesays.com\/fr\/wp-json\/wp\/v2\/posts\/414885","targetHints":{"allow":["GET"]}}],"collection":[{"href":"https:\/\/www.europesays.com\/fr\/wp-json\/wp\/v2\/posts"}],"about":[{"href":"https:\/\/www.europesays.com\/fr\/wp-json\/wp\/v2\/types\/post"}],"author":[{"embeddable":true,"href":"https:\/\/www.europesays.com\/fr\/wp-json\/wp\/v2\/users\/2"}],"replies":[{"embeddable":true,"href":"https:\/\/www.europesays.com\/fr\/wp-json\/wp\/v2\/comments?post=414885"}],"version-history":[{"count":0,"href":"https:\/\/www.europesays.com\/fr\/wp-json\/wp\/v2\/posts\/414885\/revisions"}],"wp:featuredmedia":[{"embeddable":true,"href":"https:\/\/www.europesays.com\/fr\/wp-json\/wp\/v2\/media\/414886"}],"wp:attachment":[{"href":"https:\/\/www.europesays.com\/fr\/wp-json\/wp\/v2\/media?parent=414885"}],"wp:term":[{"taxonomy":"category","embeddable":true,"href":"https:\/\/www.europesays.com\/fr\/wp-json\/wp\/v2\/categories?post=414885"},{"taxonomy":"post_tag","embeddable":true,"href":"https:\/\/www.europesays.com\/fr\/wp-json\/wp\/v2\/tags?post=414885"}],"curies":[{"name":"wp","href":"https:\/\/api.w.org\/{rel}","templated":true}]}}