{"id":414891,"date":"2025-09-24T21:18:16","date_gmt":"2025-09-24T21:18:16","guid":{"rendered":"https:\/\/www.europesays.com\/fr\/414891\/"},"modified":"2025-09-24T21:18:16","modified_gmt":"2025-09-24T21:18:16","slug":"bergerac-bordeaux-comment-suivre-le-4e-tour-de-la-coupe-de-france-en-direct","status":"publish","type":"post","link":"https:\/\/www.europesays.com\/fr\/414891\/","title":{"rendered":"Bergerac-Bordeaux : comment suivre le 4e tour de la Coupe de France en direct ?"},"content":{"rendered":"<p><img decoding=\"async\" src=\"https:\/\/www.europesays.com\/fr\/wp-content\/uploads\/2025\/09\/671_bf8b52ad967991f4a124242c2300938b.jpg\" alt=\"Bergerac-Bordeaux : comment suivre le 4e tour de la Coupe de France en direct ?\" class=\"img-responsive mt-3\"\/><\/p>\n<p class=\"text-center mb-3\" style=\"font-size: 14px\">\u00a9 Iconsport<\/p>\n<p>      <strong>Les Girondins diffus\u00e9s \u00e0 la radio sur Forever, live texte sur WebGirondins<\/strong><\/p>\n<p style=\"text-align: justify;\">Pour cette rencontre qui se joue avec du public, vous pouvez assister \u00e0 cette opposition depuis le Stade Gaston-Simounet de Bergerac, infos billetterie ici.<\/p>\n<p style=\"text-align: justify;\">Sud-Ouest et TV7 qui sont diffuseurs officiels des Girondins de Bordeaux en National 2 cette saison, ne retransmet pas cette rencontre.<\/p>\n<p style=\"text-align: justify;\">Vous pourrez suivre ce match en direct avec les commentaires de Julien sur la radio Forever.<\/p>\n<p style=\"text-align: justify;\">De plus, nous vous proposons \u00e9galement un live texte sur WebGirondins d\u00e8s 19h45, et le D\u00e9brief \u00e0 Chaud du match \u00e0 22h, si c&rsquo;est possible de l&rsquo;organiser, sur notre <a href=\"https:\/\/www.youtube.com\/channel\/UCkyRgJ6uhixmPRaSKiEI9aw?view_as=subscriber\" target=\"_blank\" rel=\"noopener\">cha\u00eene YouTube<\/a> avec les r\u00e9actions en live d\u00e8s le coup de sifflet final.<\/p>\n<p>\u00c0 lire &gt;&gt;\u00a0<strong><a href=\"https:\/\/www.webgirondins.com\/actualite-girondins-djino-forte-bruno-irles-le-coupable-ideal-chez-les-girondins-130555\" target=\"_blank\" rel=\"noopener\">Djino Fort\u00e9 : \u00ab\u00a0Bruno Irl\u00e8s, le coupable id\u00e9al\u00a0\u00bb chez les Girondins<\/a><br \/><\/strong><\/p>\n<p>\u00a0<\/p>\n<p>\u00a0<\/p>\n<p>\u00a0<\/p>\n","protected":false},"excerpt":{"rendered":"\u00a9 Iconsport Les Girondins diffus\u00e9s \u00e0 la radio sur Forever, live texte sur WebGirondins Pour cette rencontre qui&hellip;\n","protected":false},"author":2,"featured_media":403202,"comment_status":"","ping_status":"","sticky":false,"template":"","format":"standard","meta":{"footnotes":""},"categories":[2817],"tags":[1111,11,8371,1997,20,827,615,1446,814,11594,1777,674,2823,7234,1011,27,18626,1987,16026,3289,12,2219,54506,471,25,3982,54507,2858,8007,3584],"class_list":{"0":"post-414891","1":"post","2":"type-post","3":"status-publish","4":"format-standard","5":"has-post-thumbnail","7":"category-bordeaux","8":"tag-actu","9":"tag-actualites","10":"tag-bergerac","11":"tag-bordeaux","12":"tag-comment","13":"tag-competition","14":"tag-coupe","15":"tag-dans","16":"tag-direct","17":"tag-entree","18":"tag-eu","19":"tag-europe","20":"tag-face","21":"tag-font","22":"tag-fr","23":"tag-france","24":"tag-gaston","25":"tag-girondins","26":"tag-joue","27":"tag-leur","28":"tag-news","29":"tag-nouvelle-aquitaine","30":"tag-perigord","31":"tag-pour","32":"tag-republique-francaise","33":"tag-samedi","34":"tag-simounet","35":"tag-stade","36":"tag-suivre","37":"tag-tour"},"share_on_mastodon":{"url":"https:\/\/pubeurope.com\/@fr\/115261362120239035","error":""},"_links":{"self":[{"href":"https:\/\/www.europesays.com\/fr\/wp-json\/wp\/v2\/posts\/414891","targetHints":{"allow":["GET"]}}],"collection":[{"href":"https:\/\/www.europesays.com\/fr\/wp-json\/wp\/v2\/posts"}],"about":[{"href":"https:\/\/www.europesays.com\/fr\/wp-json\/wp\/v2\/types\/post"}],"author":[{"embeddable":true,"href":"https:\/\/www.europesays.com\/fr\/wp-json\/wp\/v2\/users\/2"}],"replies":[{"embeddable":true,"href":"https:\/\/www.europesays.com\/fr\/wp-json\/wp\/v2\/comments?post=414891"}],"version-history":[{"count":0,"href":"https:\/\/www.europesays.com\/fr\/wp-json\/wp\/v2\/posts\/414891\/revisions"}],"wp:featuredmedia":[{"embeddable":true,"href":"https:\/\/www.europesays.com\/fr\/wp-json\/wp\/v2\/media\/403202"}],"wp:attachment":[{"href":"https:\/\/www.europesays.com\/fr\/wp-json\/wp\/v2\/media?parent=414891"}],"wp:term":[{"taxonomy":"category","embeddable":true,"href":"https:\/\/www.europesays.com\/fr\/wp-json\/wp\/v2\/categories?post=414891"},{"taxonomy":"post_tag","embeddable":true,"href":"https:\/\/www.europesays.com\/fr\/wp-json\/wp\/v2\/tags?post=414891"}],"curies":[{"name":"wp","href":"https:\/\/api.w.org\/{rel}","templated":true}]}}