{"id":414900,"date":"2025-09-24T21:23:11","date_gmt":"2025-09-24T21:23:11","guid":{"rendered":"https:\/\/www.europesays.com\/fr\/414900\/"},"modified":"2025-09-24T21:23:11","modified_gmt":"2025-09-24T21:23:11","slug":"un-jumelage-avec-la-ville-californienne-de-san-diego","status":"publish","type":"post","link":"https:\/\/www.europesays.com\/fr\/414900\/","title":{"rendered":"un jumelage avec la ville californienne de San Diego"},"content":{"rendered":"<p>Le maire de la cit\u00e9 californienne depuis 2020, le d\u00e9mocrate Todd Gloria, signera la charte de partenariat avec <a href=\"https:\/\/www.laprovence.com\/article\/elections\/4411600353183314\/municipales-2026-a-marseille-si-on-gagne-martine-vassal-ne-sera-plus-presidente-de-la-metropole-lache-benoit-payan-dvg\" target=\"_blank\" rel=\"noopener\">Beno\u00eet Payan (DVG)<\/a> ce jeudi 25 septembre \u00e0 la mairie de Marseille. Un accord dont les premi\u00e8res discussions remontent \u00e0 2020, selon <a href=\"https:\/\/www.laprovence.com\/article\/region\/1337434688888715\/la-ville-de-marseille-est-desormais-jumelee-avec-erevan-la-capitale-armenienne\" target=\"_blank\" rel=\"noopener\">la Ville de Marseille<\/a>, qui doit permettre de \u00ab\u00a0nouer des liens scientifiques, \u00e9conomiques, culturels et \u00e9ducatifs\u00a0\u00bb et un \u00ab\u00a0partage d&rsquo;exp\u00e9rience\u00a0\u00bb sur des sujets communs, des risques d&rsquo;incendies \u00e0 la compatibilit\u00e9 d&rsquo;une activit\u00e9 portuaire avec l&rsquo;environnement.<\/p>\n<p>Situ\u00e9 dans l&rsquo;extr\u00eame sud de la Californie, cette ville de 1,4\u00a0million d&rsquo;habitants est situ\u00e9e \u00e0 la fronti\u00e8re avec le Mexique (elle est contigu\u00eb avec la ville de Tijuana). Marseille est d\u00e9j\u00e0 jumel\u00e9e avec<a href=\"https:\/\/www.laprovence.com\/article\/societe\/2881255215746915\/ils-demandent-la-fin-du-jumelage-entre-marseille-et-haifa-marquer-localement-notre-opposition\" target=\"_blank\" rel=\"noopener\"> 17\u00a0villes dans le monde<\/a>, mais aucune jusqu&rsquo;\u00e0 pr\u00e9sent en Am\u00e9rique du Nord.<\/p>\n","protected":false},"excerpt":{"rendered":"Le maire de la cit\u00e9 californienne depuis 2020, le d\u00e9mocrate Todd Gloria, signera la charte de partenariat avec&hellip;\n","protected":false},"author":2,"featured_media":414901,"comment_status":"","ping_status":"","sticky":false,"template":"","format":"standard","meta":{"footnotes":""},"categories":[2814],"tags":[17,1111,11,3396,54508,2826,1777,674,1011,27,3547,884,12,316,882,25,54509,4824],"class_list":{"0":"post-414900","1":"post","2":"type-post","3":"status-publish","4":"format-standard","5":"has-post-thumbnail","7":"category-marseille","8":"tag-17","9":"tag-actu","10":"tag-actualites","11":"tag-avec","12":"tag-californienne","13":"tag-confidentiels","14":"tag-eu","15":"tag-europe","16":"tag-fr","17":"tag-france","18":"tag-jumelage","19":"tag-marseille","20":"tag-news","21":"tag-politique","22":"tag-provence-alpes-cote-dazur","23":"tag-republique-francaise","24":"tag-san","25":"tag-ville"},"share_on_mastodon":{"url":"https:\/\/pubeurope.com\/@fr\/115261381357928772","error":""},"_links":{"self":[{"href":"https:\/\/www.europesays.com\/fr\/wp-json\/wp\/v2\/posts\/414900","targetHints":{"allow":["GET"]}}],"collection":[{"href":"https:\/\/www.europesays.com\/fr\/wp-json\/wp\/v2\/posts"}],"about":[{"href":"https:\/\/www.europesays.com\/fr\/wp-json\/wp\/v2\/types\/post"}],"author":[{"embeddable":true,"href":"https:\/\/www.europesays.com\/fr\/wp-json\/wp\/v2\/users\/2"}],"replies":[{"embeddable":true,"href":"https:\/\/www.europesays.com\/fr\/wp-json\/wp\/v2\/comments?post=414900"}],"version-history":[{"count":0,"href":"https:\/\/www.europesays.com\/fr\/wp-json\/wp\/v2\/posts\/414900\/revisions"}],"wp:featuredmedia":[{"embeddable":true,"href":"https:\/\/www.europesays.com\/fr\/wp-json\/wp\/v2\/media\/414901"}],"wp:attachment":[{"href":"https:\/\/www.europesays.com\/fr\/wp-json\/wp\/v2\/media?parent=414900"}],"wp:term":[{"taxonomy":"category","embeddable":true,"href":"https:\/\/www.europesays.com\/fr\/wp-json\/wp\/v2\/categories?post=414900"},{"taxonomy":"post_tag","embeddable":true,"href":"https:\/\/www.europesays.com\/fr\/wp-json\/wp\/v2\/tags?post=414900"}],"curies":[{"name":"wp","href":"https:\/\/api.w.org\/{rel}","templated":true}]}}