{"id":414926,"date":"2025-09-24T21:37:16","date_gmt":"2025-09-24T21:37:16","guid":{"rendered":"https:\/\/www.europesays.com\/fr\/414926\/"},"modified":"2025-09-24T21:37:16","modified_gmt":"2025-09-24T21:37:16","slug":"allemagne-quand-la-legende-effenberg-exhorte-la-mannschaft-a-prendre-exemple-sur-le-maroc","status":"publish","type":"post","link":"https:\/\/www.europesays.com\/fr\/414926\/","title":{"rendered":"Allemagne: quand la l\u00e9gende Effenberg exhorte la Mannschaft \u00e0 prendre exemple sur le Maroc"},"content":{"rendered":"<p class=\"default__StyledText-sc-10mj2vp-0 fSEbof body-paragraph\">Fid\u00e8le \u00e0 son franc-parler, la l\u00e9gende allemande Stefan Effenberg se dit attrist\u00e9 de constater l\u2019\u00e9tat actuel de la Mannschaft, qui a perdu de sa superbe au fil des grands rendez-vous.<\/p>\n<p class=\"default__StyledText-sc-10mj2vp-0 fSEbof body-paragraph\">D\u2019abord, il se d\u00e9sole de voir l\u2019unique joueur allemand nomm\u00e9 pour le Ballon d\u2019Or 2025, Florian Wirtz, se contenter de la 29e et donc avant-derni\u00e8re place du classement, alors que deux allemands \u00e9taient dans le Top 10 il y a une d\u00e9cennie. Il affirme que cela met en avant le d\u00e9clin progressif de la Mannschaft, la s\u00e9lection nationale allemande.<\/p>\n<p class=\"default__StyledText-sc-10mj2vp-0 fSEbof body-paragraph\">Dans une chronique publi\u00e9e par <a href=\"https:\/\/www.t-online.de\/sport\/fussball\/kolumne-stefan-effenberg\/id_100926418\/nagelsmann-fehlt-realismus-stefan-effenberg-ueber-grundlegendes-problem.html\" target=\"_self\" rel=\"noopener\" title=\"https:\/\/www.t-online.de\/sport\/fussball\/kolumne-stefan-effenberg\/id_100926418\/nagelsmann-fehlt-realismus-stefan-effenberg-ueber-grundlegendes-problem.html\">T Online<\/a>, l\u2019ancien milieu offensif pointe du doigt la faible profondeur du banc allemand, se d\u00e9sole de voir l\u2019\u00e9quipe \u00e0 la 12e place du classement FIFA, loin derri\u00e8re le Top 5 (Espagne, France, Argentine, Angleterre et Portugal), et critique \u00e9galement les acad\u00e9mies de football pour leur \u00absyst\u00e8mes rigides\u00bb et leur \u00abconsignes interminables\u00bb.<\/p>\n<p class=\"default__StyledText-sc-10mj2vp-0 fSEbof body-paragraph\">\u00abSavez-vous quel pays a d\u00e9pass\u00e9 l\u2019Allemagne au classement mondial actuel du football? Le Maroc, qui occupe d\u00e9sormais la onzi\u00e8me place. Et pour cause. Vous souvenez-vous de cette \u00e9quipe? Lors de la Coupe du Monde 2022, ils avaient impressionn\u00e9 par leur jeu combatif et d\u00e9vou\u00e9, avec notamment le solide gardien Bono et l\u2019ancien joueur de Dortmund Achraf Hakimi\u00bb, a lanc\u00e9 Stefan Effenberg au sujet de la s\u00e9lection nationale.<\/p>\n<p class=\"interstitial-link block-margin-bottom\">Lire aussi : <a href=\"https:\/\/sport.le360.ma\/football\/lions-atlas\/classement-fifa-le-maroc-gagne-une-place-et-grimpe-a-la-11-place-mondiale_KONEFAG4Z5GI5FL6NFGR24ZALU\/\" aria-label=\"Ouvrir un article associ\u00e9\" class=\"default__StyledLink-sc-10mj2vp-1 kfbmxM\" target=\"_blank\" rel=\"noopener\">Classement FIFA: le Maroc gagne une place et grimpe au 11\u1d49 rang mondial<\/a><\/p>\n<p class=\"default__StyledText-sc-10mj2vp-0 fSEbof body-paragraph\">\u00abAu fil du tournoi, cette \u00e9quipe, jusque-l\u00e0 peu prise au s\u00e9rieux, a conquis de nombreux supporters et s\u2019est qualifi\u00e9e de mani\u00e8re sensationnelle pour le dernier carr\u00e9 gr\u00e2ce \u00e0 des victoires surprises contre l\u2019Espagne (3-0 aux tirs au but) et le Portugal (1-0). Personne ne s\u2019\u00e9tait fix\u00e9 d\u2019objectifs ambitieux; l\u2019\u00e9quipe a pu jouer sans souci, sans la pression de la victoire. C\u2019est sans doute notre r\u00e9f\u00e9rence d\u00e9sormais\u00bb, a ajout\u00e9 l\u2019ancien international.<\/p>\n<p class=\"default__StyledText-sc-10mj2vp-0 fSEbof body-paragraph\">L\u2019ancien astre allemand s\u2019inqui\u00e8te vivement pour sa nation \u00e0 l\u2019approche de la Coupe du Monde 2026 pr\u00e9vue aux Etats-Unis, au Canada et au Mexique.<\/p>\n<p class=\"default__StyledText-sc-10mj2vp-0 fSEbof body-paragraph\">L\u2019Allemagne figure dans le groupe A des \u00e9liminatoires de la Coupe du Monde 2026 dans la zone Euro. Apr\u00e8s deux journ\u00e9es, elle est troisi\u00e8me avec trois points derri\u00e8re l\u2019Irlande du Nord et la Slovaquie.<\/p>\n","protected":false},"excerpt":{"rendered":"Fid\u00e8le \u00e0 son franc-parler, la l\u00e9gende allemande Stefan Effenberg se dit attrist\u00e9 de constater l\u2019\u00e9tat actuel de la&hellip;\n","protected":false},"author":2,"featured_media":414927,"comment_status":"","ping_status":"","sticky":false,"template":"","format":"standard","meta":{"footnotes":""},"categories":[1587],"tags":[11,672,1804,1805,1803,1777,674,1801,49871,12,1802,54520],"class_list":{"0":"post-414926","1":"post","2":"type-post","3":"status-publish","4":"format-standard","5":"has-post-thumbnail","7":"category-allemagne","8":"tag-actualites","9":"tag-allemagne","10":"tag-bundesrepublik-deutschland","11":"tag-de","12":"tag-deutschland","13":"tag-eu","14":"tag-europe","15":"tag-germany","16":"tag-mondial-2026","17":"tag-news","18":"tag-republique-federale-dallemagne","19":"tag-stefan-effenberg"},"share_on_mastodon":{"url":"https:\/\/pubeurope.com\/@fr\/115261436334271093","error":""},"_links":{"self":[{"href":"https:\/\/www.europesays.com\/fr\/wp-json\/wp\/v2\/posts\/414926","targetHints":{"allow":["GET"]}}],"collection":[{"href":"https:\/\/www.europesays.com\/fr\/wp-json\/wp\/v2\/posts"}],"about":[{"href":"https:\/\/www.europesays.com\/fr\/wp-json\/wp\/v2\/types\/post"}],"author":[{"embeddable":true,"href":"https:\/\/www.europesays.com\/fr\/wp-json\/wp\/v2\/users\/2"}],"replies":[{"embeddable":true,"href":"https:\/\/www.europesays.com\/fr\/wp-json\/wp\/v2\/comments?post=414926"}],"version-history":[{"count":0,"href":"https:\/\/www.europesays.com\/fr\/wp-json\/wp\/v2\/posts\/414926\/revisions"}],"wp:featuredmedia":[{"embeddable":true,"href":"https:\/\/www.europesays.com\/fr\/wp-json\/wp\/v2\/media\/414927"}],"wp:attachment":[{"href":"https:\/\/www.europesays.com\/fr\/wp-json\/wp\/v2\/media?parent=414926"}],"wp:term":[{"taxonomy":"category","embeddable":true,"href":"https:\/\/www.europesays.com\/fr\/wp-json\/wp\/v2\/categories?post=414926"},{"taxonomy":"post_tag","embeddable":true,"href":"https:\/\/www.europesays.com\/fr\/wp-json\/wp\/v2\/tags?post=414926"}],"curies":[{"name":"wp","href":"https:\/\/api.w.org\/{rel}","templated":true}]}}