{"id":414941,"date":"2025-09-24T21:48:21","date_gmt":"2025-09-24T21:48:21","guid":{"rendered":"https:\/\/www.europesays.com\/fr\/414941\/"},"modified":"2025-09-24T21:48:21","modified_gmt":"2025-09-24T21:48:21","slug":"rins-explique-ou-quartararo-tire-sa-superiorite-sur-les-autres-pilotes-yamaha","status":"publish","type":"post","link":"https:\/\/www.europesays.com\/fr\/414941\/","title":{"rendered":"Rins explique o\u00f9 Quartararo tire sa sup\u00e9riorit\u00e9 sur les autres pilotes Yamaha"},"content":{"rendered":"<p>Si Yamaha est progressivement apparu comme le constructeur le plus en difficult\u00e9 cette saison, Honda s&rsquo;\u00e9tant sensiblement d\u00e9tach\u00e9 et ayant surtout r\u00e9ussi \u00e0 remporter une victoire, <a href=\"https:\/\/fr.motorsport.com\/driver\/fabio-quartararo\/109400\/\" target=\"_blank\" rel=\"noopener\">Fabio Quartararo<\/a> est parvenu \u00e0 sortir du lot parmi les pilotes \u00e9quip\u00e9s de la M1. Le Fran\u00e7ais a m\u00eame r\u00e9guli\u00e8rement pu obtenir d&rsquo;excellents r\u00e9sultats, tant en qualifications qu&rsquo;en course.<\/p>\n<p>Il a en effet d\u00e9croch\u00e9 quatre pole positions et s&rsquo;est \u00e9lanc\u00e9 de la premi\u00e8re ligne lors de la moiti\u00e9 des Grands Prix courus \u00e0 ce stade de la saison. \u00c0 la cl\u00e9, il y a eu un podium lors des courses longues et deux m\u00e9dailles en sprint. Dans le groupe Yamaha, il est \u00e9galement celui qui a su multiplier les entr\u00e9es dans le top 10 l\u00e0 o\u00f9 ses coll\u00e8gues n&rsquo;en ont obtenu que de fa\u00e7on tr\u00e8s sporadique.<\/p>\n<p>Tout cela lui vaut d&rsquo;avoir marqu\u00e9 plus de points que <a href=\"https:\/\/fr.motorsport.com\/driver\/jack-miller\/96423\/\" target=\"_blank\" rel=\"noopener\">Jack Miller<\/a>,<a href=\"https:\/\/fr.motorsport.com\/driver\/alex-rins\/109402\/\" target=\"_blank\" rel=\"noopener\">\u00a0\u00c1lex Rins<\/a> et <a href=\"https:\/\/fr.motorsport.com\/driver\/miguel-oliveira\/109382\/\" target=\"_blank\" rel=\"noopener\">Miguel Oliveira<\/a> r\u00e9unis et de figurer \u00e0 la neuvi\u00e8me place du championnat, l\u00e0 o\u00f9 ses coll\u00e8gues se tiennent entre la 17e et la 21e place.<\/p>\n<p><strong>Comparaison des pilotes MotoGP de Yamaha en 2025\u00a0:<\/strong><\/p>\n<tr>\n<td style=\"width: 13.5%;\">\u00a0<\/td>\n<td style=\"text-align: center; width: 11.5%;\">\u00a0<\/td>\n<td style=\"text-align: center; width: 25%;\" colspan=\"2\">\n<p><strong>Qualifications<\/strong><\/p>\n<\/td>\n<td style=\"text-align: center; width: 25%;\" colspan=\"2\">\n<p><strong>Sprints<\/strong><\/p>\n<\/td>\n<td style=\"text-align: center; width: 25%;\" colspan=\"2\">\n<p><strong>Grands Prix<\/strong><\/p>\n<\/td>\n<\/tr>\n<tr>\n<td style=\"width: 201.76px;\">\n<p>\u00a0<\/p>\n<\/td>\n<td style=\"text-align: center; width: 403.25px;\">\n<p><strong>\u00a0<\/strong><\/p>\n<\/td>\n<td style=\"text-align: center; width: 198.74px;\">\n<p><strong>Meilleur r\u00e9sultat<\/strong><\/p>\n<\/td>\n<td style=\"text-align: center; width: 202.75px;\">\n<p><strong>Pos. moyenne<\/strong><\/p>\n<\/td>\n<td style=\"text-align: center; width: 73.5729px;\">\n<p><strong>Meilleur r\u00e9sultat<\/strong><\/p>\n<\/td>\n<td style=\"text-align: center; width: 81.7083px;\">\n<p><strong>Pos. moyenne<\/strong><\/p>\n<\/td>\n<td style=\"text-align: center; width: 190.75px;\">\n<p><strong>Meilleur r\u00e9sultat<\/strong><\/p>\n<\/td>\n<td style=\"text-align: center; width: 192.802px;\">\n<p><strong>Pos. moyenne<\/strong><strong>*<\/strong><\/p>\n<\/td>\n<\/tr>\n<tr>\n<td style=\"width: 201.76px;\">\n<p><strong>F. Quartararo<\/strong><\/p>\n<\/td>\n<td style=\"text-align: center; width: 403.25px;\">\n<p>137 pts<\/p>\n<\/td>\n<td style=\"text-align: center; width: 198.74px;\">\n<p>Pole position (4)<\/p>\n<\/td>\n<td style=\"text-align: center; width: 202.75px;\">\n<p>5,31<\/p>\n<\/td>\n<td style=\"text-align: center; width: 73.5729px;\">\n<p>2e<\/p>\n<\/td>\n<td style=\"text-align: center; width: 81.7083px;\">\n<p>6,75<\/p>\n<\/td>\n<td style=\"text-align: center; width: 190.75px;\">\n<p>2e<\/p>\n<\/td>\n<td style=\"text-align: center; width: 192.802px;\">\n<p>9,23<\/p>\n<\/td>\n<\/tr>\n<tr>\n<td style=\"width: 201.76px;\">\n<p><strong>J. Miller<\/strong><\/p>\n<\/td>\n<td style=\"text-align: center; width: 403.25px;\">\n<p>58 pts<\/p>\n<\/td>\n<td style=\"text-align: center; width: 198.74px;\">4e<\/td>\n<td style=\"text-align: center; width: 202.75px;\">\n<p>12,44<\/p>\n<\/td>\n<td style=\"text-align: center; width: 73.5729px;\">\n<p>5e<\/p>\n<\/td>\n<td style=\"text-align: center; width: 81.7083px;\">\n<p>12,78<\/p>\n<\/td>\n<td style=\"text-align: center; width: 190.75px;\">\n<p>5e<\/p>\n<\/td>\n<td style=\"text-align: center; width: 192.802px;\">\n<p>11,45<\/p>\n<\/td>\n<\/tr>\n<tr>\n<td style=\"width: 201.76px;\">\n<p><strong>\u00c1. Rins<\/strong><\/p>\n<\/td>\n<td style=\"text-align: center; width: 403.25px;\">\n<p>45 pts<\/p>\n<\/td>\n<td style=\"text-align: center; width: 198.74px;\">\n<p>9e<\/p>\n<\/td>\n<td style=\"text-align: center; width: 202.75px;\">\n<p>15,87<\/p>\n<\/td>\n<td style=\"text-align: center; width: 73.5729px;\">\n<p>8e<\/p>\n<\/td>\n<td style=\"text-align: center; width: 81.7083px;\">\n<p>15,19<\/p>\n<\/td>\n<td style=\"text-align: center; width: 190.75px;\">\n<p>10e<\/p>\n<\/td>\n<td style=\"text-align: center; width: 192.802px;\">\n<p>13<\/p>\n<\/td>\n<\/tr>\n<tr>\n<td style=\"width: 201.76px;\">\n<p><strong>M. Oliveira<\/strong><\/p>\n<\/td>\n<td style=\"text-align: center; width: 403.25px;\">\n<p>24 pts<\/p>\n<\/td>\n<td style=\"text-align: center; width: 198.74px;\">13e<\/td>\n<td style=\"text-align: center; width: 202.75px;\">\n<p>16,61<\/p>\n<\/td>\n<td style=\"text-align: center; width: 73.5729px;\">\n<p>10e<\/p>\n<\/td>\n<td style=\"text-align: center; width: 81.7083px;\">\n<p>14,5<\/p>\n<\/td>\n<td style=\"text-align: center; width: 190.75px;\">\n<p>9e<\/p>\n<\/td>\n<td style=\"text-align: center; width: 192.802px;\">\n<p>13,55<\/p>\n<\/td>\n<\/tr>\n<p>*abandons exclus<\/p>\n<p>Directement compar\u00e9 au Fran\u00e7ais, son co\u00e9quipier <a href=\"https:\/\/fr.motorsport.com\/driver\/alex-rins\/109402\/\" target=\"_blank\" rel=\"noopener\">\u00c1lex Rins<\/a> souffre de la mise en perspective de leurs performances. L&rsquo;Espagnol est supplant\u00e9 cette ann\u00e9e par Jack Miller, qui vient pourtant de d\u00e9couvrir la Yamaha et qui le devance de deux rangs au championnat tout en ayant vu l&rsquo;arriv\u00e9e d&rsquo;un moins grand nombre de courses.<\/p>\n<p>Mais c&rsquo;est avec Quartararo que la diff\u00e9rence est la plus cruelle, puisque 92 points s\u00e9parent les deux hommes au classement g\u00e9n\u00e9ral et que c&rsquo;est bien au champion du monde 2021 que sont syst\u00e9matiquement revenus les honneurs jusqu&rsquo;ici. Tr\u00e8s loin des r\u00e9compenses r\u00e9colt\u00e9es par son voisin de stand, Rins n&rsquo;est que timidement apparu parmi les dix premiers, tant en qualifications (il a pris part quatre fois \u00e0 la Q2 cette ann\u00e9e), qu&rsquo;en sprint (il n&rsquo;y a marqu\u00e9 que deux points) et en Grand Prix (une seule dixi\u00e8me place).<\/p>\n<p>Comment expliquer une telle diff\u00e9rence\u00a0?<\/p>\n<p>Rins estime que le freinage est le domaine dans lequel Quartararo d\u00e9tient le plus gros avantage, lui permettant de gagner jusqu&rsquo;\u00e0 huit dixi\u00e8mes en un seul tour, non seulement par rapport \u00e0 lui mais \u00e9galement aux autres pilotes du groupe. L&rsquo;Espagnol consid\u00e8re m\u00eame que cette force du Fran\u00e7ais au freinage contraste avec ses propres difficult\u00e9s, en particulier celles qu&rsquo;il rencontre avec les pneus tendres et donc notamment en qualification. Or, on le sait, tout d\u00e9ficit pris sur la grille se r\u00e9percute de fa\u00e7on souvent exponentielle en course.<\/p>\n<p>   <img decoding=\"async\" draggable=\"false\" src=\"https:\/\/www.europesays.com\/fr\/wp-content\/uploads\/2025\/09\/miguel-oliveira-pramac-racing-.jpg\" alt=\"Yamaha a retrouv\u00e9 quatre pilotes cette saison, en s'associant au team Pramac.\" width=\"1200\" height=\"800\" loading=\"lazy\"\/> <\/p>\n<p class=\"title\">Yamaha a retrouv\u00e9 quatre pilotes cette saison, en s&rsquo;associant au team Pramac.<\/p>\n<p class=\"photographer\">Photo de: Yamaha MotoGP<\/p>\n<p>\u00c1lex Rins a une nouvelle fois livr\u00e9 cette explication \u00e0 Misano, o\u00f9 ses r\u00e9sultats ont \u00e9t\u00e9 \u00e0 l&rsquo;image de saison, avec une qualification \u00e0 la 18e place et une 17e position seulement \u00e0 la fin du sprint. \u00ab\u00a0On a vraiment eu beaucoup de mal. On a connu des probl\u00e8mes similaires \u00e0 ceux rencontr\u00e9s lors d&rsquo;autres Grands Prix\u00a0\u00bb, expliquait-il ainsi le samedi.<\/p>\n<p>\u00ab\u00a0J&rsquo;\u00e9tais vraiment bloqu\u00e9 au niveau des freinages. Je n&rsquo;arrivais pas \u00e0 freiner plus tard, contrairement \u00e0 Fabio qui freine 20 m\u00e8tres apr\u00e8s moi. J&rsquo;ai vu les donn\u00e9es d&rsquo;Oliveira et de Miller, ils freinent \u00e0 peu pr\u00e8s comme moi. C&rsquo;est donc l\u00e0 qu&rsquo;il fait la diff\u00e9rence. C&rsquo;est l\u00e0 qu&rsquo;il nous met 0,8 seconde dans son tour le plus rapide.\u00a0\u00bb<\/p>\n<p>\u00ab\u00a0\u00c0 partir du moment o\u00f9 l&rsquo;on se qualifie comme \u00e7a, en 17e position, la course devient tr\u00e8s difficile parce qu&rsquo;on n&rsquo;a pas beaucoup d&rsquo;opportunit\u00e9s de d\u00e9passer. Il faut qu&rsquo;on continue. On doit continuer \u00e0 travailler, \u00e0 chercher la solution.\u00a0\u00bb<\/p>\n<p>Bien que moins connaisseur de la Yamaha et perturb\u00e9 dans son adaptation par une blessure en d\u00e9but de saison, Miguel Oliveira fait \u00e9cho \u00e0 l&rsquo;analyse d&rsquo;\u00c1lex Rins. Lui aussi identifie les qualifications comme \u00e9tant son plus grand point faible, alors qu&rsquo;il s&rsquo;est r\u00e9cemment dit plut\u00f4t satisfait du rythme qu&rsquo;il a pu montrer en course en d\u00e9crochant ses deux meilleurs r\u00e9sultats coup sur coup, \u00e0 savoir une neuvi\u00e8me place.<\/p>\n<p>   <img decoding=\"async\" draggable=\"false\" src=\"https:\/\/www.europesays.com\/fr\/wp-content\/uploads\/2025\/09\/1758750501_355_miguel-oliveira-pramac-racing.jpg\" alt=\"Miguel Oliveira est le plus en difficult\u00e9 du quatuor et n'a pas \u00e9t\u00e9 prolong\u00e9 pour 2025.\" width=\"1200\" height=\"800\" loading=\"lazy\"\/> <\/p>\n<p class=\"title\">Miguel Oliveira est le plus en difficult\u00e9 du quatuor et n&rsquo;a pas \u00e9t\u00e9 prolong\u00e9 pour 2025.<\/p>\n<p class=\"photographer\">Photo de: Mirco Lazzari GP &#8211; Getty Images<\/p>\n<p>Le Portugais n&rsquo;a pas encore r\u00e9ussi \u00e0 atteindre la Q2, seul pilote Yamaha \u00e0 avoir manqu\u00e9 cette phase des qualifications \u00e0 laquelle on acc\u00e8de soit en figurant parmi les dix premiers le vendredi apr\u00e8s-midi, soit en obtenant un des deux meilleurs temps de la Q1. Il en est pass\u00e9 tout pr\u00e8s \u00e0 Misano, notamment, battu alors par Quartararo ainsi qu&rsquo;Aldeguer sur la Ducati. En Allemagne, il avait malgr\u00e9 tout pris le d\u00e9part depuis la 11e place apr\u00e8s deux forfaits devant lui, mais avait par la suite abandonn\u00e9 en course.<\/p>\n<p>\u00ab\u00a0Au stade o\u00f9 j&rsquo;en suis actuellement avec la moto, ma position r\u00e9aliste se situe entre la 13e et la dixi\u00e8me place\u00a0\u00bb, observait Miguel Oliveira \u00e0 Misano. \u00ab\u00a0Certes, dans certaines courses, comme on a pu le voir [au GP de Saint-Marin], j&rsquo;arrive \u00e0 me classer parmi les dix premiers.\u00a0\u00bb<\/p>\n<p>Et le pilote Pramac de souligner son intention de se focaliser sur les qualifications pour s&rsquo;am\u00e9liorer\u00a0:\u00a0\u00ab\u00a0Pour le moment, je suis curieux de voir jusqu&rsquo;o\u00f9 je pourrais monter en course si je me qualifiais mieux, parce que mon rythme est plut\u00f4t bon, pas tr\u00e8s \u00e9loign\u00e9 de celui de Fabio. Donc, pour l&rsquo;instant, je veux juste me concentrer l\u00e0-dessus.\u00a0\u00bb<\/p>\n<p>Lire aussi :<\/p>\n","protected":false},"excerpt":{"rendered":"Si Yamaha est progressivement apparu comme le constructeur le plus en difficult\u00e9 cette saison, Honda s&rsquo;\u00e9tant sensiblement d\u00e9tach\u00e9&hellip;\n","protected":false},"author":2,"featured_media":414942,"comment_status":"","ping_status":"","sticky":false,"template":"","format":"standard","meta":{"footnotes":""},"categories":[1413],"tags":[1680,1011,27,12836,3594,1457,1456,1458,3593,54522,60,10648,3796],"class_list":{"0":"post-414941","1":"post","2":"type-post","3":"status-publish","4":"format-standard","5":"has-post-thumbnail","7":"category-moto","8":"tag-fabio-quartararo","9":"tag-fr","10":"tag-france","11":"tag-jack-miller","12":"tag-miguel-oliveira","13":"tag-moto","14":"tag-motocycle","15":"tag-motogp","16":"tag-pramac-racing","17":"tag-rins-explique-ou00f9-quartararo-tire-sa-supu00e9rioritu00e9-sur-les-autres-pilotes-yamaha","18":"tag-sports","19":"tag-u00c1lex-rins","20":"tag-yamaha-factory-racing"},"share_on_mastodon":{"url":"https:\/\/pubeurope.com\/@fr\/115261481023240070","error":""},"_links":{"self":[{"href":"https:\/\/www.europesays.com\/fr\/wp-json\/wp\/v2\/posts\/414941","targetHints":{"allow":["GET"]}}],"collection":[{"href":"https:\/\/www.europesays.com\/fr\/wp-json\/wp\/v2\/posts"}],"about":[{"href":"https:\/\/www.europesays.com\/fr\/wp-json\/wp\/v2\/types\/post"}],"author":[{"embeddable":true,"href":"https:\/\/www.europesays.com\/fr\/wp-json\/wp\/v2\/users\/2"}],"replies":[{"embeddable":true,"href":"https:\/\/www.europesays.com\/fr\/wp-json\/wp\/v2\/comments?post=414941"}],"version-history":[{"count":0,"href":"https:\/\/www.europesays.com\/fr\/wp-json\/wp\/v2\/posts\/414941\/revisions"}],"wp:featuredmedia":[{"embeddable":true,"href":"https:\/\/www.europesays.com\/fr\/wp-json\/wp\/v2\/media\/414942"}],"wp:attachment":[{"href":"https:\/\/www.europesays.com\/fr\/wp-json\/wp\/v2\/media?parent=414941"}],"wp:term":[{"taxonomy":"category","embeddable":true,"href":"https:\/\/www.europesays.com\/fr\/wp-json\/wp\/v2\/categories?post=414941"},{"taxonomy":"post_tag","embeddable":true,"href":"https:\/\/www.europesays.com\/fr\/wp-json\/wp\/v2\/tags?post=414941"}],"curies":[{"name":"wp","href":"https:\/\/api.w.org\/{rel}","templated":true}]}}