{"id":414951,"date":"2025-09-24T21:54:10","date_gmt":"2025-09-24T21:54:10","guid":{"rendered":"https:\/\/www.europesays.com\/fr\/414951\/"},"modified":"2025-09-24T21:54:10","modified_gmt":"2025-09-24T21:54:10","slug":"a-lons-le-saunier-un-nouveau-photographe-sinstalle-en-centre-ville","status":"publish","type":"post","link":"https:\/\/www.europesays.com\/fr\/414951\/","title":{"rendered":"\u00c0 Lons-le-Saunier, un nouveau photographe s\u2019installe en centre-ville"},"content":{"rendered":"<p>            Par<br \/>\n        <strong><br \/>\n            <a href=\"https:\/\/actu.fr\/auteur\/joffreyfodimbi\" title=\"Consulter tous les articles de Joffrey Fodimbi\" target=\"_blank\" rel=\"noopener\">Joffrey Fodimbi<\/a><br \/>\n        <\/strong><\/p>\n<p>        Publi\u00e9 le<\/p>\n<p>            24 sept. 2025 \u00e0 17h56        <\/p>\n<p>Install\u00e9 \u00e0 <a href=\"https:\/\/actu.fr\/bourgogne-franche-comte\/salins-les-bains_39500\" target=\"_blank\" rel=\"noopener\">Salins-les-Bains<\/a> depuis quinze ans, le <b>photographe Pascal Regaldi<\/b> d\u00e9m\u00e9nagera prochainement \u00e0 <a href=\"https:\/\/actu.fr\/bourgogne-franche-comte\/lons-le-saunier_39300\" target=\"_blank\" rel=\"noopener\">Lons-le-Saunier<\/a>, rue Perrin. Originaire de <a href=\"https:\/\/actu.fr\/bourgogne-franche-comte\/dole_39198\" target=\"_blank\" rel=\"noopener\">Dole<\/a>, celui qui, dans une autre vie professionnelle \u00e9tait <b>\u00e0 la t\u00eate d\u2019\u00e9tablissements m\u00e9dico-sociaux<\/b>, a d\u00e9cid\u00e9 de <b>rejoindre la capitale du Jura<\/b> pour des raisons familiales.<\/p>\n<p class=\" wall-content\">L\u2019occasion pour les L\u00e9doniens de d\u00e9couvrir cet <b>artiste <\/b>qui met son talent<b> au service de tous<\/b>. \u00ab\u2009Je travaille beaucoup pour les <b>entreprises<\/b>, les <b>professionnels<\/b> et les <b>agences de communication<\/b>\u2009; \u00e7a peut \u00eatre pour de la <b>photographie de pi\u00e8ces industrielles<\/b>, comme pour du <b>portrait d\u2019avocat<\/b> par exemple. En parall\u00e8le de cela, j\u2019organise \u00e9galement des <b>stages individuels \u00e0 la carte<\/b>, pour les d\u00e9butants comme pour les professionnels, afin que chacun se perfectionne dans sa pratique de la photographie. Sans oublier les<b> stages que j\u2019organise \u00e0 l\u2019\u00e9tranger<\/b>, avec des groupes.\u2009\u00bb<\/p>\n<p class=\" wall-content\"><b>Rue Perrin<\/b>, dans son nouveau studio qui ouvrira le <b>mercredi 1er\u00a0octobre 2025<\/b>, Pascal Regaldi exposera \u00e9galement ses photos plus artistiques \u2013 \u00ab\u2009des photos d\u2019ambiance, des portraits\u2009\u00bb \u2013 <b>proposera \u00e0 la vente <\/b>quelques objets photographiques et pourra \u00e9galement organiser des <b>s\u00e9ances photo<\/b> dans son studio am\u00e9nag\u00e9.<\/p>\n<p class=\" wall-content\">Personnalisez votre actualit\u00e9 en ajoutant vos villes et m\u00e9dias en favori avec <a href=\"https:\/\/moncompte.actu.fr\" title=\"D\u00e9couvez Mon Actu\" rel=\"nofollow noopener\" data-trk=\"{&quot;cta&quot;:{&quot;action&quot;:&quot;https:\\\/\\\/moncompte.actu.fr&quot;,&quot;category&quot;:&quot;mon compte&quot;,&quot;from&quot;:&quot;article footer&quot;,&quot;name&quot;:&quot;Mon actu&quot;,&quot;type&quot;:&quot;cta&quot;}}\" target=\"_blank\">Mon Actu<\/a>.<\/p>\n","protected":false},"excerpt":{"rendered":"Par Joffrey Fodimbi Publi\u00e9 le 24 sept. 2025 \u00e0 17h56 Install\u00e9 \u00e0 Salins-les-Bains depuis quinze ans, le photographe&hellip;\n","protected":false},"author":2,"featured_media":414952,"comment_status":"","ping_status":"","sticky":false,"template":"","format":"standard","meta":{"footnotes":""},"categories":[1358],"tags":[1348,1384,1385,215,1386,58,59,1011,27,3147,1756,104],"class_list":{"0":"post-414951","1":"post","2":"type-post","3":"status-publish","4":"format-standard","5":"has-post-thumbnail","7":"category-arts-et-design","8":"tag-arts","9":"tag-arts-and-design","10":"tag-arts-et-design","11":"tag-commerce","12":"tag-design","13":"tag-divertissement","14":"tag-entertainment","15":"tag-fr","16":"tag-france","17":"tag-nouveaux-commerces","18":"tag-photographie","19":"tag-societe"},"share_on_mastodon":{"url":"https:\/\/pubeurope.com\/@fr\/115261503220793120","error":""},"_links":{"self":[{"href":"https:\/\/www.europesays.com\/fr\/wp-json\/wp\/v2\/posts\/414951","targetHints":{"allow":["GET"]}}],"collection":[{"href":"https:\/\/www.europesays.com\/fr\/wp-json\/wp\/v2\/posts"}],"about":[{"href":"https:\/\/www.europesays.com\/fr\/wp-json\/wp\/v2\/types\/post"}],"author":[{"embeddable":true,"href":"https:\/\/www.europesays.com\/fr\/wp-json\/wp\/v2\/users\/2"}],"replies":[{"embeddable":true,"href":"https:\/\/www.europesays.com\/fr\/wp-json\/wp\/v2\/comments?post=414951"}],"version-history":[{"count":0,"href":"https:\/\/www.europesays.com\/fr\/wp-json\/wp\/v2\/posts\/414951\/revisions"}],"wp:featuredmedia":[{"embeddable":true,"href":"https:\/\/www.europesays.com\/fr\/wp-json\/wp\/v2\/media\/414952"}],"wp:attachment":[{"href":"https:\/\/www.europesays.com\/fr\/wp-json\/wp\/v2\/media?parent=414951"}],"wp:term":[{"taxonomy":"category","embeddable":true,"href":"https:\/\/www.europesays.com\/fr\/wp-json\/wp\/v2\/categories?post=414951"},{"taxonomy":"post_tag","embeddable":true,"href":"https:\/\/www.europesays.com\/fr\/wp-json\/wp\/v2\/tags?post=414951"}],"curies":[{"name":"wp","href":"https:\/\/api.w.org\/{rel}","templated":true}]}}