{"id":414953,"date":"2025-09-24T21:55:16","date_gmt":"2025-09-24T21:55:16","guid":{"rendered":"https:\/\/www.europesays.com\/fr\/414953\/"},"modified":"2025-09-24T21:55:16","modified_gmt":"2025-09-24T21:55:16","slug":"anne-victime-du-faux-brad-pitt-publie-un-livre-la-verite-est-moins-stupide-moins-sensationnelle","status":"publish","type":"post","link":"https:\/\/www.europesays.com\/fr\/414953\/","title":{"rendered":"Anne, victime du faux Brad Pitt, publie un livre\u00a0: \u00ab\u00a0La v\u00e9rit\u00e9 est moins stupide, moins sensationnelle\u00a0\u00bb"},"content":{"rendered":"<p class=\"text-left ap-StoryElement ap-StoryElement--mb ap-StoryText\">Anne Deneuchatel a d\u00e9cid\u00e9 de briser le silence. Souvenez-vous, son histoire avait fait le tour des m\u00e9dias. Elle a \u00e9t\u00e9 victime d&rsquo;une escroquerie qui lui a co\u00fbt\u00e9 pr\u00e8s de 830\u00a0000\u00a0euros, orchestr\u00e9e par un faux Brad Pitt. Elle publie aujourd&rsquo;hui \u00ab\u00a0Je ne serai plus une proie\u00a0\u00bb.<\/p>\n<p class=\"text-left ap-StoryElement ap-StoryElement--mb ap-StoryText\">\u00ab\u00a0J&rsquo;ai d\u00e9pass\u00e9 le stade de la honte\u00a0\u00bb, confie-t-elle \u00e0 La Nouvelle R\u00e9publique. Dans son livre, elle raconte en d\u00e9tail son parcours, d\u00e9j\u00e0 \u00e9voqu\u00e9 dans l&rsquo;\u00e9mission \u00ab\u00a0<a href=\"https:\/\/www.lalibre.be\/culture\/medias-tele\/2025\/01\/16\/la-redaction-de-sept-a-huit-reagit-aux-accusations-de-la-victime-de-larnaque-au-faux-brad-pitt-nous-avons-fait-notre-travail-de-journalistes-LTRFKNXGFNDZ7LUZ7VQ2SCYNX4\/\" target=\"_self\" rel=\"noopener\">Sept \u00e0 huit\u00a0\u00bb<\/a>, qui avait d\u00e9clench\u00e9 une vague de cyberharc\u00e8lement \u00e0 son encontre.<\/p>\n","protected":false},"excerpt":{"rendered":"Anne Deneuchatel a d\u00e9cid\u00e9 de briser le silence. Souvenez-vous, son histoire avait fait le tour des m\u00e9dias. Elle&hellip;\n","protected":false},"author":2,"featured_media":414954,"comment_status":"","ping_status":"","sticky":false,"template":"","format":"standard","meta":{"footnotes":""},"categories":[1357],"tags":[22879,8035,18735,54523,54524,1379,10104,11543,18737,54525,54526,19567,12163,54527,54528,54529,58,59,54530,54531,54532,1011,27,54533,35192,10933,54534,142,6417,54535,54536,310,1380,5803,50910,22894,1037,32083,54537,54538,54539,12999,26527,54540,22899,54541,23299,54542,10364,25628,54543,16792,54544,54545,54546,5336],"class_list":{"0":"post-414953","1":"post","2":"type-post","3":"status-publish","4":"format-standard","5":"has-post-thumbnail","7":"category-livres","8":"tag-apartment","9":"tag-application","10":"tag-attack","11":"tag-base-of-operations","12":"tag-binary","13":"tag-books","14":"tag-close-up","15":"tag-code","16":"tag-computer","17":"tag-cyber-attacks","18":"tag-cybercrime","19":"tag-dangerous","20":"tag-data","21":"tag-database","22":"tag-ddos-attacks","23":"tag-devices","24":"tag-divertissement","25":"tag-entertainment","26":"tag-evil","27":"tag-firewall","28":"tag-flooding","29":"tag-fr","30":"tag-france","31":"tag-fraudulent","32":"tag-hack","33":"tag-hacker","34":"tag-hiding","35":"tag-high-tech","36":"tag-information","37":"tag-installing","38":"tag-interface","39":"tag-internet","40":"tag-livres","41":"tag-man","42":"tag-network","43":"tag-online","44":"tag-pc","45":"tag-programmer","46":"tag-programming","47":"tag-programming-language","48":"tag-rogue","49":"tag-sabotage","50":"tag-scam","51":"tag-scammer","52":"tag-screen","53":"tag-scripts","54":"tag-secret","55":"tag-secure","56":"tag-security","57":"tag-software","58":"tag-specialist","59":"tag-spyware","60":"tag-steal","61":"tag-systems","62":"tag-trojan","63":"tag-virus"},"share_on_mastodon":{"url":"","error":"Validation failed: Text character limit of 500 exceeded"},"_links":{"self":[{"href":"https:\/\/www.europesays.com\/fr\/wp-json\/wp\/v2\/posts\/414953","targetHints":{"allow":["GET"]}}],"collection":[{"href":"https:\/\/www.europesays.com\/fr\/wp-json\/wp\/v2\/posts"}],"about":[{"href":"https:\/\/www.europesays.com\/fr\/wp-json\/wp\/v2\/types\/post"}],"author":[{"embeddable":true,"href":"https:\/\/www.europesays.com\/fr\/wp-json\/wp\/v2\/users\/2"}],"replies":[{"embeddable":true,"href":"https:\/\/www.europesays.com\/fr\/wp-json\/wp\/v2\/comments?post=414953"}],"version-history":[{"count":0,"href":"https:\/\/www.europesays.com\/fr\/wp-json\/wp\/v2\/posts\/414953\/revisions"}],"wp:featuredmedia":[{"embeddable":true,"href":"https:\/\/www.europesays.com\/fr\/wp-json\/wp\/v2\/media\/414954"}],"wp:attachment":[{"href":"https:\/\/www.europesays.com\/fr\/wp-json\/wp\/v2\/media?parent=414953"}],"wp:term":[{"taxonomy":"category","embeddable":true,"href":"https:\/\/www.europesays.com\/fr\/wp-json\/wp\/v2\/categories?post=414953"},{"taxonomy":"post_tag","embeddable":true,"href":"https:\/\/www.europesays.com\/fr\/wp-json\/wp\/v2\/tags?post=414953"}],"curies":[{"name":"wp","href":"https:\/\/api.w.org\/{rel}","templated":true}]}}