{"id":414959,"date":"2025-09-24T21:58:11","date_gmt":"2025-09-24T21:58:11","guid":{"rendered":"https:\/\/www.europesays.com\/fr\/414959\/"},"modified":"2025-09-24T21:58:11","modified_gmt":"2025-09-24T21:58:11","slug":"le-million-christian-clavier-dans-une-comedie-a-deux-balles","status":"publish","type":"post","link":"https:\/\/www.europesays.com\/fr\/414959\/","title":{"rendered":"\u00ab\u00a0Le million\u00a0\u00bb\u00a0: Christian Clavier dans une com\u00e9die \u00e0 deux balles"},"content":{"rendered":"<p class=\"ap-StoryElement ap-StoryElement--mb ap-StoryText\">Quelques heures, c&rsquo;est tout ce dont Stan (Rayane Bensetti) dispose pour remettre discr\u00e8tement dans le coffre l&rsquo;argent vol\u00e9 sur un coup de t\u00eate \u00e0 son patron. Et pour \u00e7a, il a besoin des talents d&rsquo;un serrurier margoulin avec lequel il n&rsquo;a pas le moindre atome crochu (Christian Clavier).<\/p>\n<p class=\"text-left ap-StoryElement ap-StoryElement--mb ap-StoryText\">Pour sa deuxi\u00e8me r\u00e9alisation depuis le bien nomm\u00e9 <a href=\"https:\/\/www.lalibre.be\/culture\/cinema\/2010\/10\/13\/sans-laisser-de-traces-MH6TUOOHAZCQNG4TDDJYVDW6QY\/\" target=\"_self\" rel=\"noopener\">Sans laisser de traces<\/a> en 2010, Gr\u00e9goire Vigneron aurait \u00e9t\u00e9 inspir\u00e9 de visionner After Hours de Martin Scorsese sur le m\u00eame th\u00e8me d&rsquo;une nuit d&rsquo;enfer. L&rsquo;intrigue du Million se tra\u00eene de rebondissements improbables en gags aussi peu percutants que r\u00e9p\u00e9titifs et agressifs. Le sommet est atteint lorsque Christian Clavier incarne sa propre m\u00e8re \u00e0 la m\u00e9moire d\u00e9faillante. Quelle tristesse\u2026<\/p>\n<p>Pour acc\u00e9der \u00e0 cet article, veuillez vous connecter au r\u00e9seau internet.<\/p>\n","protected":false},"excerpt":{"rendered":"Quelques heures, c&rsquo;est tout ce dont Stan (Rayane Bensetti) dispose pour remettre discr\u00e8tement dans le coffre l&rsquo;argent vol\u00e9&hellip;\n","protected":false},"author":2,"featured_media":414960,"comment_status":"","ping_status":"","sticky":false,"template":"","format":"standard","meta":{"footnotes":""},"categories":[1354],"tags":[2203,650,4228,58,59,1346,1011,27,1360,45736],"class_list":{"0":"post-414959","1":"post","2":"type-post","3":"status-publish","4":"format-standard","5":"has-post-thumbnail","7":"category-films","8":"tag-christian-clavier","9":"tag-cinema","10":"tag-comedie","11":"tag-divertissement","12":"tag-entertainment","13":"tag-films","14":"tag-fr","15":"tag-france","16":"tag-movies","17":"tag-rayane-bensetti"},"share_on_mastodon":{"url":"https:\/\/pubeurope.com\/@fr\/115261519401104917","error":""},"_links":{"self":[{"href":"https:\/\/www.europesays.com\/fr\/wp-json\/wp\/v2\/posts\/414959","targetHints":{"allow":["GET"]}}],"collection":[{"href":"https:\/\/www.europesays.com\/fr\/wp-json\/wp\/v2\/posts"}],"about":[{"href":"https:\/\/www.europesays.com\/fr\/wp-json\/wp\/v2\/types\/post"}],"author":[{"embeddable":true,"href":"https:\/\/www.europesays.com\/fr\/wp-json\/wp\/v2\/users\/2"}],"replies":[{"embeddable":true,"href":"https:\/\/www.europesays.com\/fr\/wp-json\/wp\/v2\/comments?post=414959"}],"version-history":[{"count":0,"href":"https:\/\/www.europesays.com\/fr\/wp-json\/wp\/v2\/posts\/414959\/revisions"}],"wp:featuredmedia":[{"embeddable":true,"href":"https:\/\/www.europesays.com\/fr\/wp-json\/wp\/v2\/media\/414960"}],"wp:attachment":[{"href":"https:\/\/www.europesays.com\/fr\/wp-json\/wp\/v2\/media?parent=414959"}],"wp:term":[{"taxonomy":"category","embeddable":true,"href":"https:\/\/www.europesays.com\/fr\/wp-json\/wp\/v2\/categories?post=414959"},{"taxonomy":"post_tag","embeddable":true,"href":"https:\/\/www.europesays.com\/fr\/wp-json\/wp\/v2\/tags?post=414959"}],"curies":[{"name":"wp","href":"https:\/\/api.w.org\/{rel}","templated":true}]}}