{"id":414966,"date":"2025-09-24T22:02:10","date_gmt":"2025-09-24T22:02:10","guid":{"rendered":"https:\/\/www.europesays.com\/fr\/414966\/"},"modified":"2025-09-24T22:02:10","modified_gmt":"2025-09-24T22:02:10","slug":"microsoft-offre-un-an-de-sursis-gratuit-un-debut-de-reponse-qui-ne-satisfait-pas","status":"publish","type":"post","link":"https:\/\/www.europesays.com\/fr\/414966\/","title":{"rendered":"Microsoft offre un an de sursis gratuit, un d\u00e9but de r\u00e9ponse qui ne satisfait pas"},"content":{"rendered":"<p>L\u2019\u00e9diteur de Windows a tard\u00e9 \u00e0 r\u00e9agir au courrier envoy\u00e9 par l\u2019association HOP, en juin dernier. Apr\u00e8s le lancement d\u2019une p\u00e9tition, qui remporte un beau succ\u00e8s, Microsoft vient de r\u00e9pondre et semble faire un pas en avant. Mais tout n\u2019est pas encore suffisamment clair et d\u00e9taill\u00e9 aux yeux de HOP.<\/p>\n<p>Apr\u00e8s trois mois de silence, et le lancement d&rsquo;<a href=\"https:\/\/www.halteobsolescence.org\/petitions\/non-a-la-taxe-windows\/\" target=\"_blank\" class=\"external_link\" rel=\"nofollow noopener\">une p\u00e9tition fran\u00e7aise<\/a> qui compte d\u00e9sormais pr\u00e8s de 39.000 signatures et d\u00e9nonce une \u00ab\u00a0taxe Windows\u00a0\u00bb, Microsoft a enfin r\u00e9pondu \u00e0 l\u2019association <a href=\"https:\/\/www.bfmtv.com\/tech\/hop-lance-une-petition-pour-denoncer-l-obsolescence-choquante-de-400-millions-de-pc-sous-windows-10_AN-202509160047.html\" title=\"Microsoft: HOP, l&#039;UFC Que choisir et 20 organisations lancent une p\u00e9tition contre l&#039;obsolescence de 400 millions de PC sous Windows 10\" class=\"internal_link\" rel=\"nofollow noopener\" target=\"_blank\">Halte \u00e0 l\u2019Obsolescence Programm\u00e9e<\/a> (HOP) et aux 21 autres organisations qui se sont jointes \u00e0 son combat.<\/p>\n<p>La lettre de quatre pages, que nous avons pu consulter, laisse les repr\u00e9sentants de HOP sur leur faim, nous explique Flavie Vonderscher, responsable du plaidoyer pour l\u2019association HOP. \u00ab\u00a0Certaines annonces de Microsoft\u00a0\u00bb, remarque-t-elle, \u00ab\u00a0nous semblent peu claires, puisque pas du tout communiqu\u00e9es aux consommateurs\u00a0\u00bb.<\/p>\n<p>Un an de sursis en catimini?<\/p>\n<p>La repr\u00e9sentante de l\u2019association fait en l&rsquo;occurrence r\u00e9f\u00e9rence \u00e0 un \u00e9l\u00e9ment de la lettre, dont il n\u2019avait pas \u00e9t\u00e9 fait publicit\u00e9 jusqu&rsquo;\u00e0 pr\u00e9sent. Dans son courrier, le g\u00e9ant de Redmond explique que pour \u00ab\u00a0les appareils <a href=\"https:\/\/www.bfmtv.com\/tech\/fin-des-mises-a-jour-de-windows-10-le-14-octobre-prochain-quelles-consequences-quelles-solutions_AD-202509230380.html\" title=\"Fin des mises \u00e0 jour de Windows 10 le 14 octobre prochain: quelles cons\u00e9quences? Quelles solutions?\" class=\"internal_link\" rel=\"nofollow noopener\" target=\"_blank\">Windows 10<\/a> dans l\u2019Espace Economique Europ\u00e9en (EEE) qui ne sont pas \u00e9ligibles \u00e0 la mise \u00e0 niveau (plus de 86% ont au moins cinq ans) Microsoft a annonc\u00e9 un programme ESU (Mises \u00e0 jour de s\u00e9curit\u00e9 \u00e9tendues)\u00a0\u00bb.<\/p>\n<p>Un programme annonc\u00e9&#8230; en catimini. De fait, on trouve au moins une page sur <a href=\"https:\/\/learn.microsoft.com\/fr-fr\/windows\/whats-new\/enable-extended-security-updates\" target=\"_blank\" class=\"external_link\" rel=\"nofollow noopener\">le site de Microsoft<\/a> qui d\u00e9taille ce programme et qui semble avoir \u00e9t\u00e9 mise en ligne ces derniers jours. On y apprend les pr\u00e9requis pour profiter de ce programme qui prolongerait les mises \u00e0 jour de s\u00e9curit\u00e9 critiques et importantes du 15 octobre 2025 au 13 octobre 2026&#8230; Un an de sursis, dont il est urgent de faire la publicit\u00e9 pour \u00e9viter les remplacements de PC inutiles, estime Flavie Vonderscher, \u00ab\u00a0puisqu\u2019il reste seulement deux semaines\u00a0\u00bb. Mais surtout un an de sursis, sous condition.<\/p>\n<p>Selon le courrier de l&rsquo;\u00e9diteur am\u00e9ricain, le programme ESU sera ouvert gratuitement aux \u00ab\u00a0clients particuliers de l\u2019EEE\u00a0\u00bb, s\u2019ils utilisent un compte Microsoft pour se connecter \u00e0 Windows &#8211; une fonction qui n&rsquo;avait pas fait que des utilisateurs heureux lorsqu&rsquo;elle est devenue la norme. Quoi qu&rsquo;il en soit, le respect de cette condition permettra aux utilisateurs de s\u2019inscrire \u00ab\u00a0au programme ESU sans frais\u00a0\u00bb, explique la soci\u00e9t\u00e9. Les entreprises, associations et institutions devront, elles, \u00ab\u00a0acheter le programme ESU jusqu\u2019\u00e0 trois ans\u00a0\u00bb.<\/p>\n<p>Un besoin de communication, et un manque de clart\u00e9<\/p>\n<p>Malgr\u00e9 ces points plut\u00f4t positifs, bien que limit\u00e9s \u00e0 un an, l\u2019association HOP demande \u00e0 Microsoft \u00e0 la fois un \u00ab\u00a0\u00e9claircissement\u00a0\u00bb &#8211; pourquoi un an seulement pour commencer? &#8211; mais surtout une \u00ab\u00a0communication claire pour le consommateur, pour savoir s\u2019il peut utiliser gratuitement Windows 10\u00a0\u00bb.<\/p>\n<p>Par ailleurs, Flavie Vonderscher rappelle que cette extension gratuite ne concerne que les particuliers et pas \u00ab\u00a0les entreprises ou les collectivit\u00e9s pour lesquelles renouveler une flotte de PC ou abonnement repr\u00e9sente parfois plusieurs millions d\u2019euros non pr\u00e9vus pour une ann\u00e9e de sursis\u00a0\u00bb. Le danger d&rsquo;un d\u00e9sastre \u00e9cologique \u00e9vitable est donc toujours pr\u00e9sent.<\/p>\n<p>Une \u00e9p\u00e9e de Damocl\u00e8s qui, ajout\u00e9 \u00e0 la difficult\u00e9 d\u2019avoir un \u00e9change fluide et constructif avec Microsoft, incite l\u2019association HOP \u00e0 toujours porter la voix des utilisateurs.<\/p>\n<blockquote class=\"embed embed_quote\"><p>\u00ab\u00a0Nous continuons \u00e0 appeler \u00e0 signer la p\u00e9tition, puisque nous voyons que \u00e7a fait bouger les lignes\u00a0\u00bb, assure Flavie Vonderscher, qui ne croit pas au hasard du calendrier.<\/p><\/blockquote>\n<p>\u00ab\u00a0Nous avons eu une r\u00e9ponse de Microsoft qu\u2019on attendait quand m\u00eame depuis trois mois\u00a0\u00bb, l\u00e2che-t-elle, persuad\u00e9e que le succ\u00e8s de la p\u00e9tition est pour beaucoup dans ce retour.<\/p>\n<p>Un travail de fond, en cours \u00e0 deux niveaux<\/p>\n<p>Mais la p\u00e9tition est aussi un moyen de pr\u00e9parer l\u2019apr\u00e8s. \u00ab\u00a0Si Microsoft revient sur sa position, tant mieux\u00a0\u00bb, reconna\u00eet-elle. Mais, \u00ab\u00a0si nous n\u2019obtenons pas de r\u00e9sultats satisfaisants le 14 octobre, nous saisirons les pouvoirs publics\u00a0\u00bb, avertit-elle d\u00e8s \u00e0 pr\u00e9sent. \u00ab\u00a0Nous ne voulons plus jamais \u00e7a\u00a0\u00bb, mart\u00e8le-t-elle. Et HOP, en la mati\u00e8re, a d\u00e9j\u00e0 en t\u00eate les objectifs \u00e0 atteindre.<\/p>\n<blockquote class=\"embed embed_quote\"><p>\u00ab\u00a0Il faut une r\u00e9glementation claire sur la dur\u00e9e de mises \u00e0 jour pour les ordinateurs, et pour les autres \u00e9quipements \u00e9lectriques ou \u00e9lectroniques.\u00a0\u00bb<\/p><\/blockquote>\n<p>Pour les PC, HOP vise quinze ans de suivi \u00e0 partir de la date de commercialisation du dernier produit lanc\u00e9 avec ce syst\u00e8me d&rsquo;exploitation.<\/p>\n<p>\u00ab\u00a0Pour les autres produits, il faudra une r\u00e9flexion un peu plus pouss\u00e9e\u00a0\u00bb, reconna\u00eet-elle, rappelant qu\u2019au niveau de l\u2019Union europ\u00e9enne, pour les smartphones l\u2019obligation de mise \u00e0 jour logicielle est fix\u00e9e \u00e0 cinq ans. \u00ab\u00a0Ce qui n\u2019est pas \u00e9norme\u00a0\u00bb, glisse-t-elle.<\/p>\n<p>Un exemple europ\u00e9en qui n&rsquo;est pas pris au hasard non plus. Car HOP entend travailler \u00e0 deux \u00e9chelles, nationale et europ\u00e9enne, et de mani\u00e8re simultan\u00e9e. Un travail de p\u00e9dagogie aupr\u00e8s des l\u00e9gislateurs fran\u00e7ais et de construction d\u2019un socle de travail, exportable au niveau europ\u00e9en. Ainsi, Flavie Vonderscher ambitionne \u00ab\u00a0une France pionni\u00e8re\u00a0\u00bb dans ce combat, qui aurait \u00ab\u00a0un r\u00f4le fort au niveau de la Commission europ\u00e9enne pour justement imposer des outils\u00a0\u00bb qui auraient d\u00e9j\u00e0 \u00e9t\u00e9 mis en place dans l\u2019Hexagone. Tandis qu&rsquo;au niveau europ\u00e9en, l&rsquo;association, au sein du mouvement Right to Repair, fera \u00e9galement entendre ses arguments.<\/p>\n<p>Quoi de mieux pour porter ce combat que \u00ab\u00a0la pression citoyenne de la soci\u00e9t\u00e9 civile, avec la p\u00e9tition, qui montre qu\u2019il y a une attente\u00a0\u00bb, met-elle en perspective. Alors que la p\u00e9tition approche les 40.000 signatures, Flavie Vonderscher aimerait en voir s\u2019ajouter au moins 10.000. Si le r\u00e9sultat est d\u00e9j\u00e0 beau, \u00ab\u00a0\u00e0 50.000 signatures, on aura encore gagn\u00e9 une certaine l\u00e9gitimit\u00e9\u00a0\u00bb, estime-t-elle. 50.000 voix et plus que Microsoft ou les l\u00e9gislateurs ne pourront pas ignorer\u2026<\/p>\n","protected":false},"excerpt":{"rendered":"L\u2019\u00e9diteur de Windows a tard\u00e9 \u00e0 r\u00e9agir au courrier envoy\u00e9 par l\u2019association HOP, en juin dernier. Apr\u00e8s le&hellip;\n","protected":false},"author":2,"featured_media":414967,"comment_status":"","ping_status":"","sticky":false,"template":"","format":"standard","meta":{"footnotes":""},"categories":[7],"tags":[1011,27,43,40,41,39,42,44],"class_list":{"0":"post-414966","1":"post","2":"type-post","3":"status-publish","4":"format-standard","5":"has-post-thumbnail","7":"category-sciences-et-technologies","8":"tag-fr","9":"tag-france","10":"tag-science","11":"tag-science-and-technology","12":"tag-sciences","13":"tag-sciences-et-technologies","14":"tag-technologies","15":"tag-technology"},"share_on_mastodon":{"url":"https:\/\/pubeurope.com\/@fr\/115261534713720247","error":""},"_links":{"self":[{"href":"https:\/\/www.europesays.com\/fr\/wp-json\/wp\/v2\/posts\/414966","targetHints":{"allow":["GET"]}}],"collection":[{"href":"https:\/\/www.europesays.com\/fr\/wp-json\/wp\/v2\/posts"}],"about":[{"href":"https:\/\/www.europesays.com\/fr\/wp-json\/wp\/v2\/types\/post"}],"author":[{"embeddable":true,"href":"https:\/\/www.europesays.com\/fr\/wp-json\/wp\/v2\/users\/2"}],"replies":[{"embeddable":true,"href":"https:\/\/www.europesays.com\/fr\/wp-json\/wp\/v2\/comments?post=414966"}],"version-history":[{"count":0,"href":"https:\/\/www.europesays.com\/fr\/wp-json\/wp\/v2\/posts\/414966\/revisions"}],"wp:featuredmedia":[{"embeddable":true,"href":"https:\/\/www.europesays.com\/fr\/wp-json\/wp\/v2\/media\/414967"}],"wp:attachment":[{"href":"https:\/\/www.europesays.com\/fr\/wp-json\/wp\/v2\/media?parent=414966"}],"wp:term":[{"taxonomy":"category","embeddable":true,"href":"https:\/\/www.europesays.com\/fr\/wp-json\/wp\/v2\/categories?post=414966"},{"taxonomy":"post_tag","embeddable":true,"href":"https:\/\/www.europesays.com\/fr\/wp-json\/wp\/v2\/tags?post=414966"}],"curies":[{"name":"wp","href":"https:\/\/api.w.org\/{rel}","templated":true}]}}