{"id":414972,"date":"2025-09-24T22:05:12","date_gmt":"2025-09-24T22:05:12","guid":{"rendered":"https:\/\/www.europesays.com\/fr\/414972\/"},"modified":"2025-09-24T22:05:12","modified_gmt":"2025-09-24T22:05:12","slug":"ne-pas-mentionner-une-absence-de-vingt-minutes-cest-curieux-au-proces-pechier-le-coup-de-theatre-et-lemploi-du-temps-a-trous-de-laccuse-liberation","status":"publish","type":"post","link":"https:\/\/www.europesays.com\/fr\/414972\/","title":{"rendered":"\u00abNe pas mentionner une absence de vingt minutes, c\u2019est curieux !\u00bb : au proc\u00e8s P\u00e9chier, le coup de th\u00e9\u00e2tre et l\u2019emploi du temps \u00e0 trous de l\u2019accus\u00e9 &#8211; Lib\u00e9ration"},"content":{"rendered":"<ol>\n<li><a href=\"https:\/\/news.google.com\/rss\/articles\/CBMiwwJBVV95cUxQWFRYaVZZOGxyQmd3ZzJ6bmp2N2VRbXc5UlliV1R5UWd0TjVMZEVYU082SlRSLU1xSVVYQ2ZYLS1DeE5sN0tON241aVJTUnRUOVB0aUNrTFB3OFJzbG1qUHRGNl9vcEtIQWNzVW83MzZHRFVTM2haTzl0N0ZXWHZMNU1oX2V5RUs1SVVmQk5WUmcwdjBaYV8tczhzcjRqbmtYNEtHNmdlV05ZcEdfSjRtZ2ExV0FWRTJqQWdLd2w4UDR6X2JLdWF4WUl2UWt6cGF1azBTTm1RbnMyWE9XU2NQZFdhcnkxaUxHcFNmVi0yV056Z1JoMW5EeEw0Y25XdkczcFM2VWF3QjRVWlk2RjRnTVQtak9nWUVOWnh6aDF2aTZfTjE2cWlicXhERFhWMHZxejVBcjZVYmVJRlVBV2w5X0lobw?oc=5\" target=\"_blank\" rel=\"nofollow noopener\">\u00abNe pas mentionner une absence de vingt minutes, c\u2019est curieux !\u00bb : au proc\u00e8s P\u00e9chier, le coup de th\u00e9\u00e2tre et l\u2019emploi du temps \u00e0 trous de l\u2019accus\u00e9<\/a>&nbsp;&nbsp;Lib\u00e9ration<\/li>\n<li><a href=\"https:\/\/news.google.com\/rss\/articles\/CBMirgJBVV95cUxOQ3g1Rk8xZGZqazM2NnU5TDdVUTZjVXV4ekR1ODN6LUJuVlZpSm16VGhfZTRfTi1wcUFSSzRJWDNwb2F2d3Y2djl3UkE1WFRqemdBM0NIRnRJbUFPbmtiNnA0akRGZGVUWWNWV0gydDN2dmdkTGhfSGZTYVR2dlg3M1ctb1BMYmtIdG5ZVlFlWkNYYXJLcWJISlo5M1Z4bHpJbEkxZUNSQVVJc0RPdjdQRUNxMWg4OUNaa1Z0TTVYTEV4c1ZOR1A1RW1LQk5WNVFVUUhYOWdlUTZpWmRrUUwwdjdNbGxjZ2s2Zi1fV095QW42UHRVSl9sTVAtTG1MZFQ4MndRM3djN3RZRzJUN1E0QmNPUC1qalRXRUNxeFpwT0lEOW5zWUNSWmlYOENaZw?oc=5\" target=\"_blank\" rel=\"nofollow noopener\">Proc\u00e8s P\u00e9chier : \u00ab\u00a0Jamais je ne me serais servi d&rsquo;un patient comme d&rsquo;une arme\u00a0\u00bb, pendant six heures \u00e0 la barre l&rsquo;anesth\u00e9siste se d\u00e9fend<\/a>&nbsp;&nbsp;France 3 R\u00e9gions<\/li>\n<li><a href=\"https:\/\/news.google.com\/rss\/articles\/CBMinwJBVV95cUxPUjA0SDVYMXQzZUFNU0lfcFdkd0hDNDFaaXNnWkZNaG5KSi12ZDIzcEFMVHh6QmItMXY0SE9Gc01wd0JPTHQyRjZmMmNJM256bXpGOHJRMjlZZld1dTFCM3JaZWVpTVhpazdkNks2bmtxWkZGdGU3dHRfWldTenhuM0pVUHRlNzhmamg1MWhRNTB6dVU5MUlyUTRDdXRqSG9vSlZDTkRqR1doWUNKNDlzRlpzYXJ1RVBPRUMwSVJPMWRZaU82dmE2ZTRiakF2U0Q4S0R2b2R3d1h2OFV4WnlGdmlYVzJJeG9PTElXMUR1MEQtWEZUcHdDX0piZXFKbTE5NXhzQmxiaUJCQjJDQklGYVVsZVpmWHlpN2dpamlSWQ?oc=5\" target=\"_blank\" rel=\"nofollow noopener\">\u00ab\u00a0Qui a vu Fr\u00e9d\u00e9ric P\u00e9chier faire quelque chose d&rsquo;anormal avec un patient ?\u00a0\u00bb : au proc\u00e8s de l&rsquo;ex-anesth\u00e9siste, un enqu\u00eateur malmen\u00e9 par la d\u00e9fense<\/a>&nbsp;&nbsp;RTL.fr<\/li>\n<li><a href=\"https:\/\/news.google.com\/rss\/articles\/CBMixwFBVV95cUxOc3pGdWVDS2xDTkE1QkktbmhldkNOdXgxSXA5V0VmdHZsZS1NbUd5SEVkOE9pc2J5TFdLRjhZYUFoSGt3NzNuMDdxR1pHSjRnLWJzVm1iY3dUejdvOG9XNGpBdGwzMUF1c1BESmEweU9KTzdzbWlQY3dWMFctZE1NZnp1MGZhLXNYeHlXWW8tQUJCQWFiaXlidG5PQWdvXzN6WEFCVE5zM19jTkFkbWlMRGF3UnJxeHNmSU1BdmlDd3hDTFU0QkFR?oc=5\" target=\"_blank\" rel=\"nofollow noopener\">Franche-Comt\u00e9. Proc\u00e8s P\u00e9chier : accul\u00e9, l\u2019anesth\u00e9siste tente de modifier l\u2019espace-temps<\/a>&nbsp;&nbsp;Vosges Matin<\/li>\n<li><a href=\"https:\/\/news.google.com\/rss\/articles\/CBMi2AFBVV95cUxQT3JvTFp2ZmllUHNvd1ZDYlRWOTNwQXROMGxGR0RPbXljaGFDTjk1eU5TRDVVQURFaWVKRF93QlltZ1J5dThvRmJWeDhUbk1HVkEyQjU5VW5jU1N1YTRWQmZGV3NtRXJENElXWnhUOElVcG9PQm1rb002eTYxUDhNN1A1anlycFBlcHlrU0xEZ1ljbkVKdXlaQnpOX25CeFprcHBELTkyNWpLeG1Wc3d2eUhjeFNiclZCMEpwU0p6U3ZLUGlQRkhpN0c4N3ZqNGdaNkdMOUdpT0Q?oc=5\" target=\"_blank\" rel=\"nofollow noopener\">Au proc\u00e8s de Fr\u00e9d\u00e9ric P\u00e9chier, l\u2019accusation au d\u00e9fi du temps qui est pass\u00e9<\/a>&nbsp;&nbsp;Le Monde.fr<\/li>\n<\/ol>\n","protected":false},"excerpt":{"rendered":"\u00abNe pas mentionner une absence de vingt minutes, c\u2019est curieux !\u00bb : au proc\u00e8s P\u00e9chier, le coup de&hellip;\n","protected":false},"author":2,"featured_media":414973,"comment_status":"","ping_status":"","sticky":false,"template":"","format":"standard","meta":{"footnotes":""},"categories":[4],"tags":[11,10112,1011,27,51056,12,25],"class_list":{"0":"post-414972","1":"post","2":"type-post","3":"status-publish","4":"format-standard","5":"has-post-thumbnail","7":"category-france","8":"tag-actualites","9":"tag-besancon","10":"tag-fr","11":"tag-france","12":"tag-frederic-pechier","13":"tag-news","14":"tag-republique-francaise"},"share_on_mastodon":{"url":"https:\/\/pubeurope.com\/@fr\/115261546393996135","error":""},"_links":{"self":[{"href":"https:\/\/www.europesays.com\/fr\/wp-json\/wp\/v2\/posts\/414972","targetHints":{"allow":["GET"]}}],"collection":[{"href":"https:\/\/www.europesays.com\/fr\/wp-json\/wp\/v2\/posts"}],"about":[{"href":"https:\/\/www.europesays.com\/fr\/wp-json\/wp\/v2\/types\/post"}],"author":[{"embeddable":true,"href":"https:\/\/www.europesays.com\/fr\/wp-json\/wp\/v2\/users\/2"}],"replies":[{"embeddable":true,"href":"https:\/\/www.europesays.com\/fr\/wp-json\/wp\/v2\/comments?post=414972"}],"version-history":[{"count":0,"href":"https:\/\/www.europesays.com\/fr\/wp-json\/wp\/v2\/posts\/414972\/revisions"}],"wp:featuredmedia":[{"embeddable":true,"href":"https:\/\/www.europesays.com\/fr\/wp-json\/wp\/v2\/media\/414973"}],"wp:attachment":[{"href":"https:\/\/www.europesays.com\/fr\/wp-json\/wp\/v2\/media?parent=414972"}],"wp:term":[{"taxonomy":"category","embeddable":true,"href":"https:\/\/www.europesays.com\/fr\/wp-json\/wp\/v2\/categories?post=414972"},{"taxonomy":"post_tag","embeddable":true,"href":"https:\/\/www.europesays.com\/fr\/wp-json\/wp\/v2\/tags?post=414972"}],"curies":[{"name":"wp","href":"https:\/\/api.w.org\/{rel}","templated":true}]}}