{"id":414982,"date":"2025-09-24T22:10:21","date_gmt":"2025-09-24T22:10:21","guid":{"rendered":"https:\/\/www.europesays.com\/fr\/414982\/"},"modified":"2025-09-24T22:10:21","modified_gmt":"2025-09-24T22:10:21","slug":"decouvrez-paul-nicolas","status":"publish","type":"post","link":"https:\/\/www.europesays.com\/fr\/414982\/","title":{"rendered":"D\u00e9couvrez Paul Nicolas"},"content":{"rendered":"<p>Ce jeudi 25\u00a0septembre, s\u2019ouvre le cycle de quatre conf\u00e9rences sur Paul Nicolas, artiste verrier au talent \u00e9clatant, figure souvent m\u00e9connue du grand public, mais centrale dans l\u2019histoire des arts d\u00e9coratifs du XXe\u00a0si\u00e8cle. Cette premi\u00e8re intervention sera anim\u00e9e par Alexandre Miot, doctorant et responsable administratif du Coll\u00e9gium Sciences Humaines et Sociales de l\u2019Universit\u00e9 de Lorraine. Le deuxi\u00e8me cycle est pr\u00e9vu jeudi 9\u00a0octobre, il sera anim\u00e9 par Florence Nicolas, la petite-fille de l\u2019artiste.<\/p>\n<p>Ces conf\u00e9rences accompagnent l\u2019exposition Paul Nicolas, un artiste-verrier engag\u00e9 visible jusqu\u2019au 11\u00a0octobre \u00e0 la m\u00e9diath\u00e8que G\u00e9rard Thirion, rue de Mar\u00e9ville.<\/p>\n<p class=\"note\">Jeudi 25\u00a0septembre \u00e0 20\u00a0h salle Louis-Pergaud. Entr\u00e9e libre.<\/p>\n","protected":false},"excerpt":{"rendered":"Ce jeudi 25\u00a0septembre, s\u2019ouvre le cycle de quatre conf\u00e9rences sur Paul Nicolas, artiste verrier au talent \u00e9clatant, figure&hellip;\n","protected":false},"author":2,"featured_media":414983,"comment_status":"","ping_status":"","sticky":false,"template":"","format":"standard","meta":{"footnotes":""},"categories":[9635],"tags":[1111,11,1687,1704,1777,674,1011,27,775,10426,10262,1702,12,25],"class_list":{"0":"post-414982","1":"post","2":"type-post","3":"status-publish","4":"format-standard","5":"has-post-thumbnail","7":"category-nancy","8":"tag-actu","9":"tag-actualites","10":"tag-culture-loisirs","11":"tag-edition-nancy-et-agglomeration","12":"tag-eu","13":"tag-europe","14":"tag-fr","15":"tag-france","16":"tag-grand-est","17":"tag-laxou","18":"tag-metropole-du-grand-nancy-54b5","19":"tag-nancy","20":"tag-news","21":"tag-republique-francaise"},"share_on_mastodon":{"url":"https:\/\/pubeurope.com\/@fr\/115261566125500563","error":""},"_links":{"self":[{"href":"https:\/\/www.europesays.com\/fr\/wp-json\/wp\/v2\/posts\/414982","targetHints":{"allow":["GET"]}}],"collection":[{"href":"https:\/\/www.europesays.com\/fr\/wp-json\/wp\/v2\/posts"}],"about":[{"href":"https:\/\/www.europesays.com\/fr\/wp-json\/wp\/v2\/types\/post"}],"author":[{"embeddable":true,"href":"https:\/\/www.europesays.com\/fr\/wp-json\/wp\/v2\/users\/2"}],"replies":[{"embeddable":true,"href":"https:\/\/www.europesays.com\/fr\/wp-json\/wp\/v2\/comments?post=414982"}],"version-history":[{"count":0,"href":"https:\/\/www.europesays.com\/fr\/wp-json\/wp\/v2\/posts\/414982\/revisions"}],"wp:featuredmedia":[{"embeddable":true,"href":"https:\/\/www.europesays.com\/fr\/wp-json\/wp\/v2\/media\/414983"}],"wp:attachment":[{"href":"https:\/\/www.europesays.com\/fr\/wp-json\/wp\/v2\/media?parent=414982"}],"wp:term":[{"taxonomy":"category","embeddable":true,"href":"https:\/\/www.europesays.com\/fr\/wp-json\/wp\/v2\/categories?post=414982"},{"taxonomy":"post_tag","embeddable":true,"href":"https:\/\/www.europesays.com\/fr\/wp-json\/wp\/v2\/tags?post=414982"}],"curies":[{"name":"wp","href":"https:\/\/api.w.org\/{rel}","templated":true}]}}