{"id":414984,"date":"2025-09-24T22:11:15","date_gmt":"2025-09-24T22:11:15","guid":{"rendered":"https:\/\/www.europesays.com\/fr\/414984\/"},"modified":"2025-09-24T22:11:15","modified_gmt":"2025-09-24T22:11:15","slug":"les-parcs-et-jardins-de-toulon-sont-fermes-suite-aux-intemperies","status":"publish","type":"post","link":"https:\/\/www.europesays.com\/fr\/414984\/","title":{"rendered":"les parcs et jardins de Toulon sont ferm\u00e9s suite aux intemp\u00e9ries"},"content":{"rendered":"<p>            Par<br \/>\n        <strong><br \/>\n            <a href=\"https:\/\/actu.fr\/auteur\/guillemette-herve\" title=\"Consulter tous les articles de Agence de presse APEI\" target=\"_blank\" rel=\"noopener\">Agence de presse APEI<\/a><br \/>\n        <\/strong><\/p>\n<p>        Publi\u00e9 le<\/p>\n<p>            24 sept. 2025 \u00e0 11h02        <\/p>\n<p>Alors que le soleil est de retour dans le Var, les intemp\u00e9ries qui ont s\u00e9vi en d\u00e9but de semaine ont laiss\u00e9 des traces. Ainsi, les parcs et jardins de <a href=\"https:\/\/actu.fr\/provence-alpes-cote-d-azur\/toulon_83137\/toulon-le-corps-d-un-policier-menotte-retrouve-dans-l-anse-magaud_63112148.html\" target=\"_blank\" rel=\"noopener\">Toulon<\/a> sont ferm\u00e9s par mesure de pr\u00e9vention, a annonc\u00e9 la Ville sur les r\u00e9seaux sociaux. <strong>Leur r\u00e9ouverture<\/strong> est pr\u00e9vue le jeudi 25 septembre 2025 \u00ab\u00a0par souci de s\u00e9curit\u00e9 et de nettoyage\u00a0\u00bb.<\/p>\n<p>La baignade interdite<\/p>\n<p class=\" wall-content\">Lundi 22 septembre, la Ville avait d\u00e9j\u00e0 annonc\u00e9 l\u2019interdiction temporaire de la baignade, en raison de ces fortes pluies, <strong>sur toutes les plages<\/strong> de Toulon par mesure de pr\u00e9caution sanitaire et ce jusqu\u2019\u00e0 nouvel ordre.<\/p>\n<p class=\" wall-content\">Apr\u00e8s le report du <strong>match Toulon-La Rochelle<\/strong>, dimanche soir, le <a href=\"https:\/\/actu.fr\/provence-alpes-cote-d-azur\/toulon_83137\/intemperies-le-stade-mayol-de-toulon-ferme-pour-une-semaine_63198546.html\" target=\"_blank\" rel=\"noopener\">stade Mayol<\/a> avait \u00e9galement \u00e9t\u00e9 ferm\u00e9 pour une semaine.<\/p>\n<p class=\" wall-content\">Personnalisez votre actualit\u00e9 en ajoutant vos villes et m\u00e9dias en favori avec <a href=\"https:\/\/moncompte.actu.fr\" title=\"D\u00e9couvez Mon Actu\" rel=\"nofollow noopener\" data-trk=\"{&quot;cta&quot;:{&quot;action&quot;:&quot;https:\\\/\\\/moncompte.actu.fr&quot;,&quot;category&quot;:&quot;mon compte&quot;,&quot;from&quot;:&quot;article footer&quot;,&quot;name&quot;:&quot;Mon actu&quot;,&quot;type&quot;:&quot;cta&quot;}}\" target=\"_blank\">Mon Actu<\/a>.<\/p>\n","protected":false},"excerpt":{"rendered":"Par Agence de presse APEI Publi\u00e9 le 24 sept. 2025 \u00e0 11h02 Alors que le soleil est de&hellip;\n","protected":false},"author":2,"featured_media":414985,"comment_status":"","ping_status":"","sticky":false,"template":"","format":"standard","meta":{"footnotes":""},"categories":[9619],"tags":[1111,11,1777,674,1011,27,12,8302,882,25,104,2310],"class_list":{"0":"post-414984","1":"post","2":"type-post","3":"status-publish","4":"format-standard","5":"has-post-thumbnail","7":"category-toulon","8":"tag-actu","9":"tag-actualites","10":"tag-eu","11":"tag-europe","12":"tag-fr","13":"tag-france","14":"tag-news","15":"tag-plages","16":"tag-provence-alpes-cote-dazur","17":"tag-republique-francaise","18":"tag-societe","19":"tag-toulon"},"share_on_mastodon":{"url":"https:\/\/pubeurope.com\/@fr\/115261570029019271","error":""},"_links":{"self":[{"href":"https:\/\/www.europesays.com\/fr\/wp-json\/wp\/v2\/posts\/414984","targetHints":{"allow":["GET"]}}],"collection":[{"href":"https:\/\/www.europesays.com\/fr\/wp-json\/wp\/v2\/posts"}],"about":[{"href":"https:\/\/www.europesays.com\/fr\/wp-json\/wp\/v2\/types\/post"}],"author":[{"embeddable":true,"href":"https:\/\/www.europesays.com\/fr\/wp-json\/wp\/v2\/users\/2"}],"replies":[{"embeddable":true,"href":"https:\/\/www.europesays.com\/fr\/wp-json\/wp\/v2\/comments?post=414984"}],"version-history":[{"count":0,"href":"https:\/\/www.europesays.com\/fr\/wp-json\/wp\/v2\/posts\/414984\/revisions"}],"wp:featuredmedia":[{"embeddable":true,"href":"https:\/\/www.europesays.com\/fr\/wp-json\/wp\/v2\/media\/414985"}],"wp:attachment":[{"href":"https:\/\/www.europesays.com\/fr\/wp-json\/wp\/v2\/media?parent=414984"}],"wp:term":[{"taxonomy":"category","embeddable":true,"href":"https:\/\/www.europesays.com\/fr\/wp-json\/wp\/v2\/categories?post=414984"},{"taxonomy":"post_tag","embeddable":true,"href":"https:\/\/www.europesays.com\/fr\/wp-json\/wp\/v2\/tags?post=414984"}],"curies":[{"name":"wp","href":"https:\/\/api.w.org\/{rel}","templated":true}]}}