{"id":414997,"date":"2025-09-24T22:18:35","date_gmt":"2025-09-24T22:18:35","guid":{"rendered":"https:\/\/www.europesays.com\/fr\/414997\/"},"modified":"2025-09-24T22:18:35","modified_gmt":"2025-09-24T22:18:35","slug":"un-homme-arrete-ce-que-lon-sait","status":"publish","type":"post","link":"https:\/\/www.europesays.com\/fr\/414997\/","title":{"rendered":"un homme arr\u00eat\u00e9, ce que l&rsquo;on sait"},"content":{"rendered":"<p>            Par<br \/>\n        <strong><br \/>\n            <a href=\"https:\/\/actu.fr\/auteur\/redaction-grenoble\" title=\"Consulter tous les articles de R\u00e9daction Grenoble\" target=\"_blank\" rel=\"noopener\">R\u00e9daction Grenoble<\/a><br \/>\n        <\/strong><\/p>\n<p>        Publi\u00e9 le<\/p>\n<p>            24 sept. 2025 \u00e0 18h35        <\/p>\n<p>C\u2019est au lendemain de la reconnaissance officielle par la France de l\u2019\u00c9tat de Palestine que la Ville de <a href=\"https:\/\/actu.fr\/auvergne-rhone-alpes\/grenoble_38185\" target=\"_blank\" rel=\"noopener\">Grenoble<\/a> a, <a href=\"https:\/\/actu.fr\/auvergne-rhone-alpes\/grenoble_38185\/reconnaissance-de-la-palestine-la-ville-de-grenoble-va-hisser-le-drapeau-palestinien_63189127.html\" target=\"_blank\" rel=\"noopener\">comme promis<\/a>, hiss\u00e9 le <strong>drapeau palestinien<\/strong> sur le fronton de l\u2019H\u00f4tel de Ville, mardi 23 septembre.<\/p>\n<p class=\" wall-content\">Un<strong> acte qui ne fait pas l\u2019unanimit\u00e9<\/strong> et pour lequel la pr\u00e9fecture de l\u2019Is\u00e8re a saisi la justice administrative, au nom du principe de neutralit\u00e9 des administrations publiques.<\/p>\n<p>Le drapeau arrach\u00e9, de retour une heure plus tard<\/p>\n<p class=\" wall-content\">Du c\u00f4t\u00e9 de l\u2019opinion publique aussi, les avis sont partag\u00e9s. La position de la Ville de Grenoble \u2013 et d\u2019autres mairies en France \u2013 a m\u00eame \u00e9t\u00e9 frontalement attaqu\u00e9e d\u00e8s mardi apr\u00e8s-midi, quand un homme a arrach\u00e9 le drapeau palestinien de l\u2019entr\u00e9e de l\u2019H\u00f4tel de Ville, <strong>vraisemblablement \u00e0 l\u2019aide d\u2019un b\u00e2ton<\/strong>.<\/p>\n<p class=\" wall-content\">\n<p class=\" wall-content\">Une action tout de suite condamn\u00e9e par <a href=\"https:\/\/actu.fr\/tag\/eric-piolle\" target=\"_blank\" rel=\"noopener\">\u00c9ric Piolle<\/a>, le maire \u00e9cologiste de la capitale des Alpes, qui a indiqu\u00e9 une heure plus tard que le drapeau palestinien a pu \u00e0 nouveau \u00eatre hiss\u00e9.<\/p>\n<p>La Ville d\u00e9pose plainte<\/p>\n<p class=\" wall-content\">Selon la DIPN, c\u2019est un <strong>homme \u00e2g\u00e9 de 33 ans<\/strong> qui est \u00e0 l\u2019origine de cet arrachage. Il a \u00e9t\u00e9 interpell\u00e9 directement sur les lieux par la police municipale, apr\u00e8s avoir menac\u00e9 un agent d\u2019accueil de la mairie. Il a ensuite \u00e9t\u00e9 conduit \u00e0 l\u2019h\u00f4tel de police.<\/p>\n<p class=\" wall-content\">La Ville de Grenoble a annonc\u00e9 dans la foul\u00e9e son intention de d\u00e9poser plainte.<\/p>\n<p class=\" wall-content\">Personnalisez votre actualit\u00e9 en ajoutant vos villes et m\u00e9dias en favori avec <a href=\"https:\/\/moncompte.actu.fr\" title=\"D\u00e9couvez Mon Actu\" rel=\"nofollow noopener\" data-trk=\"{&quot;cta&quot;:{&quot;action&quot;:&quot;https:\\\/\\\/moncompte.actu.fr&quot;,&quot;category&quot;:&quot;mon compte&quot;,&quot;from&quot;:&quot;article footer&quot;,&quot;name&quot;:&quot;Mon actu&quot;,&quot;type&quot;:&quot;cta&quot;}}\" target=\"_blank\">Mon Actu<\/a>.<\/p>\n","protected":false},"excerpt":{"rendered":"Par R\u00e9daction Grenoble Publi\u00e9 le 24 sept. 2025 \u00e0 18h35 C\u2019est au lendemain de la reconnaissance officielle par&hellip;\n","protected":false},"author":2,"featured_media":412150,"comment_status":"","ping_status":"","sticky":false,"template":"","format":"standard","meta":{"footnotes":""},"categories":[9566],"tags":[1111,11,2430,1777,674,118,1011,27,2731,5643,12,25],"class_list":{"0":"post-414997","1":"post","2":"type-post","3":"status-publish","4":"format-standard","5":"has-post-thumbnail","7":"category-grenoble","8":"tag-actu","9":"tag-actualites","10":"tag-auvergne-rhone-alpes","11":"tag-eu","12":"tag-europe","13":"tag-faits-divers","14":"tag-fr","15":"tag-france","16":"tag-grenoble","17":"tag-guerre-israel-hamas","18":"tag-news","19":"tag-republique-francaise"},"share_on_mastodon":{"url":"https:\/\/pubeurope.com\/@fr\/115261597523104329","error":""},"_links":{"self":[{"href":"https:\/\/www.europesays.com\/fr\/wp-json\/wp\/v2\/posts\/414997","targetHints":{"allow":["GET"]}}],"collection":[{"href":"https:\/\/www.europesays.com\/fr\/wp-json\/wp\/v2\/posts"}],"about":[{"href":"https:\/\/www.europesays.com\/fr\/wp-json\/wp\/v2\/types\/post"}],"author":[{"embeddable":true,"href":"https:\/\/www.europesays.com\/fr\/wp-json\/wp\/v2\/users\/2"}],"replies":[{"embeddable":true,"href":"https:\/\/www.europesays.com\/fr\/wp-json\/wp\/v2\/comments?post=414997"}],"version-history":[{"count":0,"href":"https:\/\/www.europesays.com\/fr\/wp-json\/wp\/v2\/posts\/414997\/revisions"}],"wp:featuredmedia":[{"embeddable":true,"href":"https:\/\/www.europesays.com\/fr\/wp-json\/wp\/v2\/media\/412150"}],"wp:attachment":[{"href":"https:\/\/www.europesays.com\/fr\/wp-json\/wp\/v2\/media?parent=414997"}],"wp:term":[{"taxonomy":"category","embeddable":true,"href":"https:\/\/www.europesays.com\/fr\/wp-json\/wp\/v2\/categories?post=414997"},{"taxonomy":"post_tag","embeddable":true,"href":"https:\/\/www.europesays.com\/fr\/wp-json\/wp\/v2\/tags?post=414997"}],"curies":[{"name":"wp","href":"https:\/\/api.w.org\/{rel}","templated":true}]}}