{"id":414999,"date":"2025-09-24T22:20:33","date_gmt":"2025-09-24T22:20:33","guid":{"rendered":"https:\/\/www.europesays.com\/fr\/414999\/"},"modified":"2025-09-24T22:20:33","modified_gmt":"2025-09-24T22:20:33","slug":"le-reseau-star-gratuit-ce-samedi-27-septembre-a-rennes-a-loccasion-du-festival-des","status":"publish","type":"post","link":"https:\/\/www.europesays.com\/fr\/414999\/","title":{"rendered":"Le r\u00e9seau Star gratuit ce samedi 27\u00a0septembre \u00e0 Rennes, \u00e0 l\u2019occasion du festival des"},"content":{"rendered":"<p>Bonne nouvelle pour les habitants de <a href=\"https:\/\/rennes.maville.com\/info\/info-locale\/\" target=\"_self\" rel=\"noopener\">Rennes<\/a> (Ille-et-Vilaine). Samedi 27\u00a0septembre2025, l\u2019acc\u00e8s \u00e0 l\u2019ensemble du r\u00e9seau Star (bus, m\u00e9tro), ainsi qu\u2019aux 8\u00a0parcs relais, sera enti\u00e8rement gratuit de 5\u00a0h \u00e0 2\u00a0h, pour la 7e \u00e9dition des Rues Vivantes, le festival des commer\u00e7ants. <strong>\u00ab\u00a0L\u2019occasion parfaite pour vous d\u00e9placer librement dans la m\u00e9tropole\u00a0!\u00a0\u00bb<\/strong>, indique le service de transport public sur ses r\u00e9seaux sociaux.<\/p>\n<\/p>\n<p>Fanfare entra\u00eenante, chasse aux tr\u00e9sors\u2026<\/p>\n<p>Soutenu par la municipalit\u00e9 et\u00a0organis\u00e9 par le Carr\u00e9 Rennais, <a href=\"https:\/\/www.facebook.com\/events\/1833254497269172?locale=fr_FR\" target=\"_self\" rel=\"noopener\">le festival des commer\u00e7ants<\/a> devrait animer le centre-ville de la capitale bretonne, de 10\u00a0h \u00e0 19\u00a0h Toute la journ\u00e9e, les commer\u00e7ants ont pr\u00e9vu d\u2019organiser plus d\u2019une centaine d\u2019animations. Avec au programme\u00a0: fanfare entra\u00eenante, bulles de savon g\u00e9antes, danse swing ou encore quiz mobile.<\/p>\n<p>\u00a0<\/p>\n","protected":false},"excerpt":{"rendered":"Bonne nouvelle pour les habitants de Rennes (Ille-et-Vilaine). Samedi 27\u00a0septembre2025, l\u2019acc\u00e8s \u00e0 l\u2019ensemble du r\u00e9seau Star (bus, m\u00e9tro),&hellip;\n","protected":false},"author":2,"featured_media":415000,"comment_status":"","ping_status":"","sticky":false,"template":"","format":"standard","meta":{"footnotes":""},"categories":[2821],"tags":[14016,1111,11,829,7230,1777,674,849,1011,27,326,12,13719,3086,584,25,2421,3982,395,974],"class_list":{"0":"post-414999","1":"post","2":"type-post","3":"status-publish","4":"format-standard","5":"has-post-thumbnail","7":"category-rennes","8":"tag-14016","9":"tag-actu","10":"tag-actualites","11":"tag-bretagne","12":"tag-commercants","13":"tag-eu","14":"tag-europe","15":"tag-festival","16":"tag-fr","17":"tag-france","18":"tag-gratuit","19":"tag-news","20":"tag-occasion","21":"tag-redon","22":"tag-rennes","23":"tag-republique-francaise","24":"tag-reseau","25":"tag-samedi","26":"tag-septembre","27":"tag-star"},"share_on_mastodon":{"url":"https:\/\/pubeurope.com\/@fr\/115261605762834870","error":""},"_links":{"self":[{"href":"https:\/\/www.europesays.com\/fr\/wp-json\/wp\/v2\/posts\/414999","targetHints":{"allow":["GET"]}}],"collection":[{"href":"https:\/\/www.europesays.com\/fr\/wp-json\/wp\/v2\/posts"}],"about":[{"href":"https:\/\/www.europesays.com\/fr\/wp-json\/wp\/v2\/types\/post"}],"author":[{"embeddable":true,"href":"https:\/\/www.europesays.com\/fr\/wp-json\/wp\/v2\/users\/2"}],"replies":[{"embeddable":true,"href":"https:\/\/www.europesays.com\/fr\/wp-json\/wp\/v2\/comments?post=414999"}],"version-history":[{"count":0,"href":"https:\/\/www.europesays.com\/fr\/wp-json\/wp\/v2\/posts\/414999\/revisions"}],"wp:featuredmedia":[{"embeddable":true,"href":"https:\/\/www.europesays.com\/fr\/wp-json\/wp\/v2\/media\/415000"}],"wp:attachment":[{"href":"https:\/\/www.europesays.com\/fr\/wp-json\/wp\/v2\/media?parent=414999"}],"wp:term":[{"taxonomy":"category","embeddable":true,"href":"https:\/\/www.europesays.com\/fr\/wp-json\/wp\/v2\/categories?post=414999"},{"taxonomy":"post_tag","embeddable":true,"href":"https:\/\/www.europesays.com\/fr\/wp-json\/wp\/v2\/tags?post=414999"}],"curies":[{"name":"wp","href":"https:\/\/api.w.org\/{rel}","templated":true}]}}