{"id":415001,"date":"2025-09-24T22:21:33","date_gmt":"2025-09-24T22:21:33","guid":{"rendered":"https:\/\/www.europesays.com\/fr\/415001\/"},"modified":"2025-09-24T22:21:33","modified_gmt":"2025-09-24T22:21:33","slug":"le-feffs-va-dechainer-strasbourg-pendant-10-jours","status":"publish","type":"post","link":"https:\/\/www.europesays.com\/fr\/415001\/","title":{"rendered":"le FEFFS va d\u00e9cha\u00eener Strasbourg pendant 10 jours !"},"content":{"rendered":"<p><b>Des salles de cin\u00e9mas \u00e0 la place Saint-Thomas, la petite pieuvre de ce festival tentaculaire se glisse une nouvelle fois dans l\u2019agenda strasbourgeois. Du 26 septembre au 5 octobre, le Festival europ\u00e9en du film fantastique de Strasbourg revient faire frissonner la ville avec ses comp\u00e9titions, ses r\u00e9trospectives, ses rencontres \u2013 d\u2019Alexandre Aja \u00e0 Jean Dujardin \u2013, et ses nombreux \u00e9v\u00e9nements gratuits. Une 18e \u00e9dition qui prouve que le FEFFS est toujours un \u00e9v\u00e9nement pr\u00e9cieux du cin\u00e9ma de genre en Europe.<\/b><\/p>\n<p>Si \u00ab\u00a0dix-huit ans, c\u2019est le passage \u00e0 l\u2019\u00e2ge adulte\u00a0\u00bb, rassurons-nous\u00a0: <b>le FEFFS n\u2019est <\/b><b>\u00ab\u00a0certainement pas\u00a0\u00bb<\/b><b> pr\u00eat \u00e0 <\/b><b>\u00ab\u00a0perdre son insouciance\u00a0\u00bb<\/b>, pour reprendre les mots de Daniel Cohen \u2013 son directeur artistique. S\u2019il serait bien difficile de te faire le topo complet de sa prog\u2019, on peut te dire que \u00e7a va d\u00e9coiffer.<\/p>\n<p><b>Plus d\u2019une centaine de films<\/b> et une <b>vingtaine d\u2019\u00e9v\u00e9nements insolites <\/b>\u2013 dont de nombreuses <b>animations gratuites\u00a0<\/b>: c\u2019est l\u2019affiche que nous propose cette 18e \u00e9dition du Festival europ\u00e9en du film fantastique (FEFFS), du <b>26 septembre au 5 octobre<\/b>.<\/p>\n<p>    <img width=\"800\" height=\"533\" src=\"https:\/\/www.europesays.com\/fr\/wp-content\/uploads\/2025\/09\/feffs-2-e1695074983161-800x533.jpg\" class=\"attachment-image-size-L size-image-size-L\" alt=\"feffs + festival europ\u00e9en du film fantastique + cin\u00e9ma vox\" decoding=\"async\" loading=\"lazy\"  \/>         \u00a9 FEFFS \/ Document remis <\/p>\n<p>Pendant 10 jours \u2013 et comme chaque ann\u00e9e \u2013, il accueillera ses traditionnelles<strong> comp\u00e9titions\u00a0: Films fantastiques, Crossovers, <\/strong><strong>Films d\u2019animation<\/strong>\u00a0; ainsi qu\u2019une <strong>s\u00e9lection de <\/strong><strong>courts-m\u00e9trages<\/strong> avec diverses cat\u00e9gories (animation, et made in France).<\/p>\n<p>Un programme charg\u00e9, que rejoignent quelques <strong>Midnight Movies<\/strong>, des<strong> Midnight Shorts<\/strong>, et des<strong> s\u00e9ances sp\u00e9ciales<\/strong>, ainsi que de nombreuses <strong>r\u00e9trospectives<\/strong>, et <strong>des avant-premi\u00e8res<\/strong>. Un festival qui s\u2019ach\u00e8vera, par ailleurs, avec l\u2019une d\u2019entre elles : <strong>Bugonia, le nouvel OVNI de Yorgos Lanthimos<\/strong> \u2013 qui signe sa troisi\u00e8me collaboration avec Emma Stone.<\/p>\n<\/p>\n<p>Pleins feux sur l&rsquo;affiche\u00a0: \u00ab\u00a0FasciFiction\u00a0\u00bb<\/p>\n<p>Difficile de passer \u00e0 c\u00f4t\u00e9 de <b>la DA sombre de l\u2019affiche de cette 18e \u00e9dition<\/b>.<\/p>\n<p>Apr\u00e8s<a href=\"https:\/\/strasbourgfestival.com\/fr\/archives-festival\/\" target=\"_blank\" rel=\"noopener\"> les illustrations color\u00e9es des derni\u00e8res ann\u00e9es<\/a>, br\u00fblant sous les pneus des motard(e)s et des courses de voitures, ou \u00e9clair\u00e9e par une f\u00eate foraine d\u00e9lirante\u2026 Se dessine ici <b>le brasier d\u2019une culture sacrifi\u00e9e\u00a0<\/b>: sous les bottes d\u2019un soldat mena\u00e7ant, et arme flambante au poing, g\u00eet un autodaf\u00e9.<\/p>\n<p>    <img width=\"428\" height=\"600\" src=\"https:\/\/www.europesays.com\/fr\/wp-content\/uploads\/2025\/09\/mahon-feffs-428x600.png\" class=\"attachment-image-size-M size-image-size-M\" alt=\"Mahon FEFFS\" decoding=\"async\" loading=\"lazy\"  \/>         Affiche 2025. \u00a9 Mahon &#8211; FEFFS \/ Document remis <\/p>\n<p>                <img width=\"356\" height=\"500\" src=\"https:\/\/www.europesays.com\/fr\/wp-content\/uploads\/2025\/09\/mahon-feffs-20241-356x500.jpg\" class=\"attachment-gallery size-gallery\" alt=\"Mahon FEFFS\" data-full-url=\"https:\/\/pokaa.fr\/wp-content\/uploads\/2025\/09\/23\/mahon-feffs-20241.jpg\" decoding=\"async\" loading=\"lazy\"  \/>            <\/p>\n<p>                <img width=\"355\" height=\"500\" src=\"https:\/\/www.europesays.com\/fr\/wp-content\/uploads\/2025\/09\/mahon-feffs-2023-355x500.png\" class=\"attachment-gallery size-gallery\" alt=\"Mahon FEFFS\" data-full-url=\"https:\/\/pokaa.fr\/wp-content\/uploads\/2025\/09\/23\/mahon-feffs-2023.png\" decoding=\"async\" loading=\"lazy\"  \/>            <\/p>\n<p>                <img width=\"333\" height=\"500\" src=\"https:\/\/www.europesays.com\/fr\/wp-content\/uploads\/2025\/09\/mahon-feffs-2021-333x500.jpg\" class=\"attachment-gallery size-gallery\" alt=\"Mahon FEFFS\" data-full-url=\"https:\/\/pokaa.fr\/wp-content\/uploads\/2025\/09\/23\/mahon-feffs-2021.jpg\" decoding=\"async\" loading=\"lazy\"  \/>            <\/p>\n<p>                <img width=\"359\" height=\"500\" src=\"https:\/\/www.europesays.com\/fr\/wp-content\/uploads\/2025\/09\/mahon-feffs-2022-359x500.jpg\" class=\"attachment-gallery size-gallery\" alt=\"Mahon FEFFS\" data-full-url=\"https:\/\/pokaa.fr\/wp-content\/uploads\/2025\/09\/23\/mahon-feffs-2022.jpg\" decoding=\"async\" loading=\"lazy\"  \/>            <\/p>\n<p>                    De gauche \u00e0 droite : affiches 2024, 2023, 2022, 2021. \u00a9 Mahon &#8211; FEFFS \/ Documents remis<\/p>\n<p>Si l\u2019ombre de Nosferatu planait sur la cath\u00e9drale en 2022 (pour le centenaire du grand classique de Murnau), les peurs d\u2019aujourd\u2019hui ne sont plus celles des cr\u00e9atures de l\u2019obscurit\u00e9, mais bien les monstres qui assombrissent notre actualit\u00e9.<\/p>\n<p>Une fois de plus pens\u00e9e par <b>l\u2019artiste Maho<\/b><strong>n<\/strong>, celle-ci annonce la couleur de la r\u00e9trospective principale du festival\u00a0: <b>\u00ab\u00a0FasciFiction\u00a0\u00bb<\/b>. <b>Une r\u00e9ponse du festival \u00e0 la <\/b><b>\u00ab\u00a0<\/b><b>mont\u00e9e inqui\u00e9tante des r\u00e9gimes autoritaires, entravant certaines libert\u00e9s fondamentales de nos d\u00e9mocraties\u00a0\u00bb<\/b>.<\/p>\n<\/p>\n<p><b>Un choix artistique et politique<\/b>, de \u00ab\u00a0remettre en lumi\u00e8re <b>des \u0153uvres dystopiques qui imaginaient ce futur sombre<\/b> ou faisaient ressurgir des blessures du pass\u00e9\u00a0\u00bb.<\/p>\n<p>Seront ainsi reprogramm\u00e9s <b>11 films<\/b> dont Fahrenheit 451 de Fran\u00e7ois Truffaut, La Ferme des animaux de John Halas et Joy Batchelor, Starship Troopers de Paul Verhoeven, Les Cannibales de Liliana Cavani, THX 1138 de George Lucas\u2026<\/p>\n<p>On y reconna\u00eetra parmi eux plusieurs adaptations de romans (comme ceux d\u2019Orwell), \u00e0 l\u2019instar de <b>La Servante \u00e9carlate<\/b><b> de Volker Schl\u00f6ndorff<\/b>, tir\u00e9e du livre \u00e9ponyme de Margaret Atwood \u2013 et \u00e9galement adapt\u00e9e dans la s\u00e9rie \u00e0 succ\u00e8s The Handmaid\u2019s Tale.<\/p>\n<\/p>\n<p>Des invit\u00e9s d&rsquo;honneur\u00a0: Alexandre Aja, Jan Kounen et Jean Dujardin<\/p>\n<p>De <b>La colline a des yeux<\/b><b> <\/b>\u00e0 <b>Piranha 3D<\/b>, ou encore <b>Horns<\/b>, <b>le r\u00e9alisateur fran\u00e7ais Alexandre Aja<\/b> s\u2019est impos\u00e9 \u00e0 Hollywood, mettant le cin\u00e9ma de genre en haut de l\u2019affiche.<\/p>\n<p>Pour faire honneur \u00e0 sa filmo\u2019, le FEFFS reprogrammera quelques-uns de ses plus gros succ\u00e8s, d\u2019hier \u00e0 aujourd\u2019hui\u2026 De <b>Haute Tension<\/b> \u2013 un slasher inspir\u00e9 de ceux des ann\u00e9es 1970 et qui l\u2019a rendu c\u00e9l\u00e8bre \u2013, au plus r\u00e9cent Mother Land.<\/p>\n<\/p>\n<p>Le festival lui a \u00e9galement confi\u00e9 <b>une carte blanche <\/b>pour s\u00e9lectionner deux films\u00a0: The Thing de John Carpenter et Onibaba\u00a0: Les Tueuses de Kaneto Shind\u014d ; ainsi que les cl\u00e9s d\u2019<b>une masterclass (le dimanche 28 septembre)<\/b>. Le<b> vendredi 26 septembre<\/b>, pour la c\u00e9r\u00e9monie d\u2019inauguration du festival, le cin\u00e9aste recevra \u00e9galement <b>un prix d\u2019honneur pour sa contribution au cin\u00e9ma de genre<\/b>. <\/p>\n<p>Une remise de prix qui sera suivie de la projection en avant-premi\u00e8re de <b>L\u2019Homme qui r\u00e9tr\u00e9cit <\/b><b>en pr\u00e9sence de son r\u00e9alisateur Jan Kounen, et de l\u2019acteur Jean Dujardin<\/b>. Une nouvelle adaptation du roman culte de Richard Matheson.<\/p>\n<\/p>\n<p>\u00ab\u00a0Guilty Pleasures\u00a0\u00bb, \u00ab\u00a0Freaks\u00a0\u00bb au cirque et Nuit excentrique<\/p>\n<p>Dans l\u2019ADN du festival, <b>les r\u00e9trospectives<\/b> font partie prenante de la prog\u2019. Outre celle consacr\u00e9e \u00e0 Alexandre Aja, le FEFFS en r\u00e9serve d\u2019autres. On croisera ainsi <b>deux films de Florent-Emilio Siri <\/b>(Nid de gu\u00eapes et Otage), des <b>\u00ab\u00a0Guilty Pleasures\u00a0\u00bb dont <\/b><b>Les Dents de la Mer<\/b><b> <\/b>de Steven Spielberg.<\/p>\n<p>On se notera aussi la s\u00e9ance spectaculaire et insolite de <b>Freaks \u2013 La Monstrueuse parade<\/b>, le chef-d\u2019\u0153uvre de Tod Browning (1932), <b>projet\u00e9 sous chapiteau <\/b>en collaboration <b>avec Graine de Cirque<\/b>. Le<b> jeudi 2 octobre<\/b>, au Jardin des Deux-Rives.<\/p>\n<\/p>\n<p>    <img width=\"800\" height=\"533\" src=\"https:\/\/www.europesays.com\/fr\/wp-content\/uploads\/2025\/09\/200919nouveauchapiteauecole-31-800x533.jpg\" class=\"attachment-image-size-L size-image-size-L\" alt=\"Graine de cirque\" decoding=\"async\" loading=\"lazy\"  \/>         \u00a9 Graine de Cirque \/ Document remis <\/p>\n<p>Et bien s\u00fbr\u00a0: la tr\u00e8s attendue <b>Nuit excentrique<\/b>.<\/p>\n<p>Clou du festival, celle-ci nous offrira <b>le samedi 4 octobre, de minuit au petit matin<\/b>, un \u00ab\u00a0moment de r\u00e9gression d\u00e9complex\u00e9\u00a0\u00bb, avec des <b>nanars s\u00e9lectionn\u00e9s par la Cin\u00e9math\u00e8que fran\u00e7aise<\/b>. Et dans la salle\u00a0: <b>un public surchauff\u00e9<\/b>, parfois costum\u00e9 ou en pyjama, qui jase, et qui vanne les films projet\u00e9s.<\/p>\n<p>    <img width=\"800\" height=\"602\" src=\"https:\/\/www.europesays.com\/fr\/wp-content\/uploads\/2025\/09\/nuit-excentrique-2024-800x602.jpg\" class=\"attachment-image-size-L size-image-size-L\" alt=\"Nuit excentrique 2024\" decoding=\"async\" loading=\"lazy\"  \/>         Nuit excentrique 2024. \u00a9 Fanny Soriano \/ Pokaa <\/p>\n<p>Et \u00e0 l\u2019affiche\u00a0? <b>Les Fantastiques Supermen Chinois <\/b><b>(de Chung-Kuang Lin, 1976),<\/b> <b>Godzilla contre Mecanik Monster<\/b> (de Jun Fukuda, 1974) et<b> <\/b>le polisson <b>Laissez-Vous Croquer, Petites Chattes <\/b>(de Franz Josef Gottlieb).<\/p>\n<p>Soit \u00ab trois longs-m\u00e9trages truff\u00e9s de faux raccords, aux<b> effets sp\u00e9ciaux qui piquent les yeux<\/b> et avec des acteurs au <b>jeu approximatif <\/b>doubl\u00e9s dans un fran\u00e7ais qui l\u2019est tout autant\u00a0\u00bb.<\/p>\n<p>Et entre chaque masterpiece\u00a0: des <b>bandes-annonces<\/b> p\u00e9pites, et<b> un petit-d\u00e9j\u2019 offert <\/b>\u00e0 mi-parcours. C\u2019est dr\u00f4le, d\u00e9tendu, et \u00e7a vaut le coup d\u2019\u00eatre v\u00e9cu.<\/p>\n<p>    <img width=\"700\" height=\"370\" src=\"https:\/\/www.europesays.com\/fr\/wp-content\/uploads\/2025\/09\/les-fantastiques-supermen-chinois.png\" class=\"attachment-image-size-L size-image-size-L\" alt=\"Nuit excentrique\" decoding=\"async\" loading=\"lazy\"  \/>         \u00ab Godzilla contre Mecanik Monster \u00bb (Nuit excentrique 2025). \u00a9 FEFFS \/ Capture d&rsquo;\u00e9cran <\/p>\n<p>    <img width=\"700\" height=\"370\" src=\"https:\/\/www.europesays.com\/fr\/wp-content\/uploads\/2025\/09\/godzilla-contre-mecanik-monster.png\" class=\"attachment-image-size-L size-image-size-L\" alt=\"Nuit excentrique\" decoding=\"async\" loading=\"lazy\"  \/>         \u00ab Godzilla contre Mecanik Monster \u00bb (Nuit excentrique 2025). \u00a9 FEFFS \/ Capture d&rsquo;\u00e9cran <\/p>\n<p>Immersif\u00a0: VR et jeux vid\u00e9o au Cosmos<\/p>\n<p>Pour aller plus loin et changer son regard sur le cinoche, on fait confiance \u00e0 <a href=\"https:\/\/strasbourgfestival.com\/fr\/programmation-2025\/#jeux-videos-realite-virtuelle\" target=\"_blank\" rel=\"noopener\">la section <b>Connexions<\/b> d\u00e9di\u00e9e au num\u00e9rique<\/a>. Pour vivre le cin\u00e9ma \u00e0 360\u00b0\u00a0: <b>le VR FILM CORNER<\/b>.<\/p>\n<p>Un \u00ab\u00a0voyage immersif\u00a0\u00bb en r\u00e9alit\u00e9 virtuelle, avec une s\u00e9lection de <b>huit cr\u00e9ations \u00e0 retrouver au cin\u00e9ma Le Cosmos les 27 et 28 septembre<\/b>, et <b>les 4 et 5 octobre<\/b> (de 14h \u00e0 17h30).<\/p>\n<p>    <img width=\"400\" height=\"600\" src=\"https:\/\/www.europesays.com\/fr\/wp-content\/uploads\/2025\/09\/flore-wodey-2-400x600.jpg\" class=\"attachment-image-size-M size-image-size-M\" alt=\"village fantastique + feffs + festival europ\u00e9en du film fantastique + vr\" decoding=\"async\" loading=\"lazy\"  \/>         \u00a9 Flore Wodey \/ Document remis <\/p>\n<p>Toujours au Cosmos\u00a0: le rendez-vous avec <b>Kino Games<\/b>, le programme d\u00e9di\u00e9 \u00e0 <b>l\u2019exp\u00e9rimentation vid\u00e9oludique en salle de cin\u00e9ma, le vendredi 3 octobre <\/b>(d\u00e8s 16h30). Une soir\u00e9e sp\u00e9ciale \u00e0 tout petit prix.<\/p>\n<p>Il y projettera <b>Chained Together<\/b><b> <\/b>afin de<b> jouer sur grand \u00e9cran<\/b> (jeu coop\u00e9ratif en rotations de 4 joueurs\/ses et accessible \u00e0 tous les niveaux). Il y pr\u00e9sentera aussi \u00ab\u00a07 p\u00e9pites\u00a0\u00bb du <b>jeu vid\u00e9o ind\u00e9pendant en libre acc\u00e8s<\/b>, puis la <b>projection de <\/b><b>Mad Max\u00a0: Fury Road<\/b><b> <\/b>de George Miller pour c\u00e9l\u00e9brer les 10 ans du film.<\/p>\n<p>    <img width=\"800\" height=\"533\" src=\"https:\/\/www.europesays.com\/fr\/wp-content\/uploads\/2025\/07\/cinemaodyssee.jpg\" class=\"attachment-image-size-L size-image-size-L\" alt=\"cin\u00e9maodyss\u00e9e\" decoding=\"async\" loading=\"lazy\"  \/>         \u00a9 Mathilde Piaud \/ Pokaa <\/p>\n<p>    <img width=\"700\" height=\"370\" src=\"https:\/\/www.europesays.com\/fr\/wp-content\/uploads\/2025\/09\/chained-together.png\" class=\"attachment-image-size-L size-image-size-L\" alt=\"chained together\" decoding=\"async\" loading=\"lazy\"  \/>         \u00ab Chained Together \u00bb. \u00a9 FEFFS \/ Capture d&rsquo;\u00e9cran <\/p>\n<p>Le Village\u00a0et ses animations gratos pour tous les \u00e2ges<\/p>\n<p>Et enfin, pour souffler entre deux repr\u00e9sentations ou prolonger une discussion\u00a0: direction <a href=\"https:\/\/strasbourgfestival.com\/fr\/2025-village\/\" target=\"_blank\" rel=\"noopener\"><b>le Village du festival, place Saint-Thomas<\/b><\/a>.<\/p>\n<p>Rendez-vous des cin\u00e9philes comme des familles, il accueillera pendant 10 jours un<b> espace bar et restauration \u00e0 la d\u00e9co soign\u00e9e<\/b>, ainsi qu\u2019un <b>stand de merch\u2019 du FEFFS<\/b>, du <b>tatouage<\/b>, des <b>ventes-expos<\/b> d\u2019artistes, et <b>l\u2019expo\u2019 consacr\u00e9e \u00e0 <\/b><b>l\u2019artiste belge Gilles Vranckx<\/b> (\u00e0 retrouver \u00e9galement \u00e0 UGC Cin\u00e9 Cit\u00e9 Strasbourg).<\/p>\n<p>    <img width=\"800\" height=\"533\" src=\"https:\/\/www.europesays.com\/fr\/wp-content\/uploads\/2025\/09\/nicolas-busser-e1695075008414-800x533.jpg\" class=\"attachment-image-size-L size-image-size-L\" alt=\"village fantastique + feffs + festival europ\u00e9en du film fantastique\" decoding=\"async\" loading=\"lazy\"  \/>         Le Village du FEFFS. \u00a9 Nicolas Busser \/ Document remis <\/p>\n<p>Mais le Village a son propre agenda qui m\u00e9rite qu\u2019on y fasse plus qu\u2019un tour, avec <b>des animations gratuites <\/b>dont des<b> DJ sets quotidiens<\/b>. (Avec<b> <\/b>Phil Mr.P, Justine Maze, Just Yasmine, Vladimir Spoutnik, DJ Super, Zhar, Aneka, Rachid Bowie et Iyass pour se relayer chaque soir aux platines).<\/p>\n<p>Ou plus ludiques encore\u00a0: le Parcours Halloween de <b>Mad Knacks<\/b> (un jeu pour les kids, disponible chaque jour sur le site du Village), et le <b>spectacle d\u2019improvisation avec doublage de films<\/b> (avec la compagnie strasbourgeoise J\u2019Te Paye impro), le samedi 4 octobre.<\/p>\n<p>S\u2019il est pas fantastique, ce festival\u00a0!<\/p>\n<p>                <img width=\"750\" height=\"500\" src=\"https:\/\/www.europesays.com\/fr\/wp-content\/uploads\/2025\/09\/vladimir-spoutnik-au-village-lors-du-feffs-2022-nicolas-busser-e1695074994997-750x500.jpg\" class=\"attachment-gallery size-gallery\" alt=\"vladimir spoutnik + bernadette superstar + village fantastique + feffs + festival europ\u00e9en du film fantastique\" data-full-url=\"https:\/\/pokaa.fr\/wp-content\/uploads\/2023\/09\/vladimir-spoutnik-au-village-lors-du-feffs-2022-nicolas-busser-1500x1000.jpg\" decoding=\"async\" loading=\"lazy\"  \/>            <\/p>\n<p>                <img width=\"750\" height=\"500\" src=\"https:\/\/www.europesays.com\/fr\/wp-content\/uploads\/2025\/09\/feffs-e1693839069783-750x500.jpg\" class=\"attachment-gallery size-gallery\" alt=\"cip + collectif impro potes + feffs + village fantastique\" data-full-url=\"https:\/\/pokaa.fr\/wp-content\/uploads\/2023\/09\/feffs-1500x1000.jpg\" decoding=\"async\" loading=\"lazy\"  \/>            <\/p>\n<p>                <img width=\"750\" height=\"500\" src=\"https:\/\/www.europesays.com\/fr\/wp-content\/uploads\/2025\/09\/claire-lemasson-nicolas-busser-e1695074971398-750x500.jpg\" class=\"attachment-gallery size-gallery\" alt=\"village fantastique + feffs + festival europ\u00e9en du film fantastique\" data-full-url=\"https:\/\/pokaa.fr\/wp-content\/uploads\/2023\/09\/claire-lemasson-nicolas-busser-1500x1000.jpg\" decoding=\"async\" loading=\"lazy\"  \/>            <\/p>\n<p>                    Animations au Village (2022). 1. 2. \u00a9 Nicolas Busser \/ Documents remis ; 3. \u00a9 Claire Lemasson et Nicolas Busser \/ Document remis<\/p>\n<p>            Festival europ\u00e9en du film fantastique de Strasbourg (FEFFS) \u2013 18e \u00e9dition<\/p>\n<p>            Quoi ? <\/p>\n<p>Festival de cin\u00e9ma avec projections, rencontres, animations<\/p>\n<p>                Quand ?<\/p>\n<p>Du 26 septembre au 5 octobre<\/p>\n<p>            o\u00f9 ?<\/p>\n<p>\u00c0 Strasbourg :<\/p>\n<ul>\n<li>Dans les cin\u00e9mas Star Saint-Exup\u00e9ry, Vox, Le Cosmos, et UGC Cin\u00e9 Cit\u00e9 Strasbourg<\/li>\n<li>Au Village, place Saint-Thomas<\/li>\n<\/ul>\n<p>                Plus d&rsquo;infos ?<\/p>\n<p><a href=\"https:\/\/strasbourgfestival.com\/\" target=\"_blank\" rel=\"noopener\">Programme complet et billetterie<\/a><\/p>\n","protected":false},"excerpt":{"rendered":"Des salles de cin\u00e9mas \u00e0 la place Saint-Thomas, la petite pieuvre de ce festival tentaculaire se glisse une&hellip;\n","protected":false},"author":2,"featured_media":415002,"comment_status":"","ping_status":"","sticky":false,"template":"","format":"standard","meta":{"footnotes":""},"categories":[2820],"tags":[1111,11,4763,650,251,12084,1777,674,652,54547,849,54548,1011,27,775,326,12,54549,54550,25,640,4064],"class_list":{"0":"post-415001","1":"post","2":"type-post","3":"status-publish","4":"format-standard","5":"has-post-thumbnail","7":"category-strasbourg","8":"tag-actu","9":"tag-actualites","10":"tag-agenda","11":"tag-cinema","12":"tag-culture","13":"tag-dj-set","14":"tag-eu","15":"tag-europe","16":"tag-famille","17":"tag-feffs","18":"tag-festival","19":"tag-festival-europeen-du-film-fantastique-de-strasbourg","20":"tag-fr","21":"tag-france","22":"tag-grand-est","23":"tag-gratuit","24":"tag-news","25":"tag-nuit-excentrique","26":"tag-place-saint-thomas","27":"tag-republique-francaise","28":"tag-strasbourg","29":"tag-week-end"},"share_on_mastodon":{"url":"https:\/\/pubeurope.com\/@fr\/115261610395016892","error":""},"_links":{"self":[{"href":"https:\/\/www.europesays.com\/fr\/wp-json\/wp\/v2\/posts\/415001","targetHints":{"allow":["GET"]}}],"collection":[{"href":"https:\/\/www.europesays.com\/fr\/wp-json\/wp\/v2\/posts"}],"about":[{"href":"https:\/\/www.europesays.com\/fr\/wp-json\/wp\/v2\/types\/post"}],"author":[{"embeddable":true,"href":"https:\/\/www.europesays.com\/fr\/wp-json\/wp\/v2\/users\/2"}],"replies":[{"embeddable":true,"href":"https:\/\/www.europesays.com\/fr\/wp-json\/wp\/v2\/comments?post=415001"}],"version-history":[{"count":0,"href":"https:\/\/www.europesays.com\/fr\/wp-json\/wp\/v2\/posts\/415001\/revisions"}],"wp:featuredmedia":[{"embeddable":true,"href":"https:\/\/www.europesays.com\/fr\/wp-json\/wp\/v2\/media\/415002"}],"wp:attachment":[{"href":"https:\/\/www.europesays.com\/fr\/wp-json\/wp\/v2\/media?parent=415001"}],"wp:term":[{"taxonomy":"category","embeddable":true,"href":"https:\/\/www.europesays.com\/fr\/wp-json\/wp\/v2\/categories?post=415001"},{"taxonomy":"post_tag","embeddable":true,"href":"https:\/\/www.europesays.com\/fr\/wp-json\/wp\/v2\/tags?post=415001"}],"curies":[{"name":"wp","href":"https:\/\/api.w.org\/{rel}","templated":true}]}}