{"id":415023,"date":"2025-09-24T22:33:11","date_gmt":"2025-09-24T22:33:11","guid":{"rendered":"https:\/\/www.europesays.com\/fr\/415023\/"},"modified":"2025-09-24T22:33:11","modified_gmt":"2025-09-24T22:33:11","slug":"un-ophtalmologiste-de-marseille-dans-le-viseur-de-ses-patients","status":"publish","type":"post","link":"https:\/\/www.europesays.com\/fr\/415023\/","title":{"rendered":"un ophtalmologiste de Marseille dans le viseur de ses patients"},"content":{"rendered":"<p>            Par<br \/>\n        <strong><br \/>\n            <a href=\"https:\/\/actu.fr\/auteur\/fabien-binacchi\" title=\"Consulter tous les articles de Fabien Binacchi\" target=\"_blank\" rel=\"noopener\">Fabien Binacchi<\/a><br \/>\n        <\/strong><\/p>\n<p>        Publi\u00e9 le<\/p>\n<p>            24 sept. 2025 \u00e0 18h44        <\/p>\n<p>Lionel Guedj, surnomm\u00e9 <a href=\"https:\/\/actu.fr\/provence-alpes-cote-d-azur\/marseille_13055\/marseille-proces-guedj-8-ans-de-prison-pour-le-dentiste-coupable-de-centaines-de-mutilations_53664261.html\" target=\"_blank\" rel=\"noopener\">le \u00ab\u2009dentiste boucher\u2009\u00bb,<\/a> pourrait ne pas \u00eatre le seul praticien de <a href=\"https:\/\/actu.fr\/marseille\/\" target=\"_blank\" rel=\"noopener\">Marseille<\/a> \u00e0 avoir multipli\u00e9 les victimes. Erreurs m\u00e9dicales, soup\u00e7ons de fraudes\u2026 les pratiques d\u2019un ophtalmologiste de la cit\u00e9 phoc\u00e9enne sont \u00e9galement point\u00e9es du doigt par plusieurs de <strong>ses patients dont \u00ab\u2009la vie a \u00e9t\u00e9 massacr\u00e9e\u2009\u00bb,<\/strong> t\u00e9moigne l\u2019un d\u2019eux aupr\u00e8s d\u2019actu Marseille. Au centre d\u2019un nouveau num\u00e9ro de l\u2019\u00e9mission de M6 Arnaques\u2009! diffus\u00e9e ce jeudi 25 septembre, ce m\u00e9decin est toujours en activit\u00e9 malgr\u00e9 plusieurs signalements.<\/p>\n<p>Un diagnostic inattendu<\/p>\n<p class=\" wall-content\">Sportive, passionn\u00e9e de plong\u00e9e sous-marine et de voyages, Danielle Hamou a toujours eu la bougeotte. Elle d\u00e9bordait d\u2019\u00e9nergie. Mais pour cette quinquag\u00e9naire originaire de Marseille, <strong>tout a bascul\u00e9 un jour de mars\u00a02021.<\/strong><\/p>\n<p class=\" wall-content\">\u00ab\u2009J\u2019\u00e9tais charg\u00e9e de client\u00e8le au t\u00e9l\u00e9phone et donc toute la journ\u00e9e, derri\u00e8re un \u00e9cran d\u2019ordinateur. J\u2019avais les yeux toujours fatigu\u00e9s et la vue qui baissait de plus en plus vite, rembobine-t-elle. J\u2019en \u00e9tais arriv\u00e9e \u00e0 devoir changer de lunettes tous les six mois.\u2009\u00bb Elle s\u2019inqui\u00e8te et <strong>d\u00e9cide de se trouver un nouveau sp\u00e9cialiste,<\/strong> un autre praticien que son \u00ab\u2009ophtalmo lambda\u2009\u00bb.<\/p>\n<p class=\" wall-content\">La dynamique quinqua prend un rendez-vous sur Doctolib, \u00ab\u2009c\u2019\u00e9tait le premier disponible\u2009\u00bb dit-elle. Quelques jours plus tard, surprise\u2009: ce fameux m\u00e9decin pose un diagnostic inattendu. \u00ab\u2009Il m\u2019a dit que je souffrais d\u2019une <strong>cataracte aggrav\u00e9e<\/strong> et qu\u2019il pouvait m\u2019op\u00e9rer, qu\u2019il \u00e9tait mon sauveur et qu\u2019avec un implant, je n\u2019aurais jamais plus besoin de lunettes.\u2009\u00bb<\/p>\n<p>\u00ab\u2009L\u2019infirmi\u00e8re m\u2019a dit de ne pas revenir\u2009\u00bb<\/p>\n<p class=\" wall-content\">Souffl\u00e9e par cette annonce alors qu\u2019elle n\u2019a \u00ab\u2009que 51\u00a0ans\u2009\u00bb \u00e0 l\u2019\u00e9poque, Danielle a du mal \u00e0 y croire. D\u2019autant plus que le praticien d\u00e9c\u00e8le le m\u00eame mal \u00e0 son compagnon, pr\u00e9sent \u00e0 ses c\u00f4t\u00e9s dans le cabinet ce jour-l\u00e0, rapporte-t-elle. <strong>La co\u00efncidence est \u00e9trange.<\/strong> \u00ab\u2009Mais il \u00e9tait formel. Il nous a juste dit que son stade \u00e0 lui \u00e9tait moins avanc\u00e9.\u2009\u00bb<\/p>\n<p class=\" wall-content\">Apr\u00e8s quelques jours de r\u00e9flexion, elle fixe un nouveau rendez-vous. Le 16\u00a0mars 2021, son \u0153il droit est op\u00e9r\u00e9. Tout se passe bien. La visite de contr\u00f4le est \u00ab\u2009OK\u2009\u00bb. Deux jours plus tard, c\u2019est donc au tour de l\u2019\u0153il gauche de passer entre les mains du docteur. Et l\u00e0 c\u2019est le trou noir. \u00ab\u2009Je ne vois rien. Il me dit de patienter. Le lendemain, toujours rien.\u2009\u00bb De retour au cabinet, c\u2019est la catastrophe\u2009: un crochet de <strong>l\u2019implant \u00ab\u2009multifocal\u2009\u00bb n\u2019aurait pas tenu.<\/strong><\/p>\n<blockquote class=\"ac-article-quote wall-content\">\n<p>\u00ab\u00a0Il me r\u00e9op\u00e8re puis c&rsquo;est une autre attache qui l\u00e2che. Et ainsi de suite. Une troisi\u00e8me et une quatri\u00e8me fois. Mon \u0153il est inject\u00e9 de sang. Il veut y retourner une cinqui\u00e8me fois. J&rsquo;accepte \u00e0 contrec\u0153ur. J&rsquo;ai peur.\u00a0\u00bb\u00a0<\/p>\n<p>    <strong>Danielle Hamou<\/strong>\n            <\/p><\/blockquote>\n<p>Votre r\u00e9gion, votre actu !<\/p>\n<p>Recevez chaque jour les infos qui comptent pour vous.<\/p>\n<p>\t<a href=\"https:\/\/actu.fr\/newsletter\" class=\"ac-btn ac-btn--corner ac-btn--medium ac-btn--blue800\" target=\"_blank\" rel=\"noopener\">S&rsquo;incrire<\/a><\/p>\n<p class=\" wall-content\">Rien ne se passe comme pr\u00e9vu. \u00ab\u2009Il ne faisait pas ce qu\u2019il fallait. L\u2019infirmi\u00e8re le reprenait. Elle a fini par me dire de ne plus revenir, <strong>qu\u2019il m\u2019avait massacr\u00e9e<\/strong>\u2009\u00bb, confie encore Danielle. Son \u0153il est tr\u00e8s endommag\u00e9. Elle ne sait plus \u00e9valuer les distances\u2009: \u00ab\u2009Je me cogne contre des murs, je ne peux plus conduire, ni travailler, m\u00eame pas cuisiner.\u2009\u00bb<\/p>\n<p>D\u00e9passements d\u2019honoraires et \u00ab\u2009fraude fiscale\u2009\u00bb\u2009?<\/p>\n<p class=\" wall-content\">Plusieurs sp\u00e9cialistes vont tenter de r\u00e9parer les d\u00e9g\u00e2ts. Le chemin est long. Elle trouve finalement le salut en septembre\u00a02023, plus de 2\u00a0ans plus tard, aupr\u00e8s d\u2019un professeur de Montpellier. <strong>Une technique de greffe de corn\u00e9e aid\u00e9e par de la membrane amniotique,<\/strong> du placenta en clair. Aujourd\u2019hui, cette habitante de Berre-L\u2019\u00c9tang a retrouv\u00e9 6\/10 \u00e0 l\u2019\u0153il gauche mais \u00ab\u2009a toujours des probl\u00e8mes avec la lumi\u00e8re\u2009\u00bb.<\/p>\n<p class=\" wall-content\">Puis, elle assure avoir \u00ab\u2009presque tout perdu\u2009\u00bb\u2009: elle est au RSA et s\u2019est s\u00e9par\u00e9e de son compagnon \u00ab\u2009apr\u00e8s 13 ans de relation\u2009\u00bb. \u00ab\u2009Tout \u00e7a pourquoi\u2009? Pour rien. <strong>Je n\u2019avais m\u00eame pas de cataracte.<\/strong> Et je ne suis pas la seule. Il a fait plusieurs victimes dont la vie a \u00e9t\u00e9 massacr\u00e9e.\u2009\u00bb<\/p>\n<p class=\" wall-content\">M6 r\u00e9v\u00e8le que le fameux docteur op\u00e9rerait \u00e0 la cha\u00eene, cataracte ou pas, pour une bonne raison\u2009: des d\u00e9passements d\u2019honoraires r\u00e9gl\u00e9s par les patients mais non factur\u00e9s. <strong>\u00ab\u2009\u00c7a s\u2019appelle une fraude fiscale\u2009\u00bb,<\/strong> explique Me Philippe Courtois, l\u2019avocat de plusieurs victimes, \u00e0 la cha\u00eene. Une enqu\u00eate aurait d\u00e9j\u00e0 \u00e9t\u00e9 class\u00e9e sans suite, pour cause de prescription. Un appel a \u00e9t\u00e9 interjet\u00e9 contre cette d\u00e9cision.<\/p>\n<p class=\" wall-content\"><a href=\"https:\/\/www.instagram.com\/p\/DO6i1mKjhO1\/embed\" title=\"Ouvrir le lien sur Instagram\" target=\"_blank\" rel=\"noopener\">Visualiser le contenu sur Instagram<\/a><\/p>\n<p>Un patient pris pour un autre<\/p>\n<p class=\" wall-content\">Un autre de ses patients qui avait saisi le conseil de l\u2019ordre a d\u00e9j\u00e0 obtenu \u00e0 son encontre une \u00ab\u2009sanction d\u2019interdiction d\u2019exercer la m\u00e9decine d\u2019une dur\u00e9e de 6\u00a0mois\u2009\u00bb. Entre f\u00e9vrier et ao\u00fbt\u00a02024. Elle n\u2019a jamais \u00e9t\u00e9 effective, le docteur ayant lui aussi fait appel.<\/p>\n<p class=\" wall-content\">Pas de quoi apaiser la col\u00e8re et la douleur de <strong>Christophe, 46\u00a0ans,<\/strong> qui regrette aussi tous les jours d\u2019avoir crois\u00e9 le chemin de cet ophtalmologue qui l\u2019aurait op\u00e9r\u00e9 par erreur, vraisemblablement en se trompant de patient. C\u2019\u00e9tait le 5\u00a0octobre 2020.<\/p>\n<p class=\" wall-content\">DJ prolifique \u00e0 Duba\u00ef, ce Marseillais d\u2019origine \u00e9tait venu se confiner dans la cit\u00e9 phoc\u00e9enne en pleine crise du Covid. \u00ab\u2009Il \u00e9tait le docteur de ma m\u00e8re alors j\u2019\u00e9tais confiant. Je souffre parfois de migraines ophtalmiques. J\u2019y allais pour me faire prescrire de nouvelles lunettes de repos. Je m\u2019installe dans la salle d\u2019attente. <strong>Il d\u00e9boule et me dit \u2018c\u2019est \u00e0 toi\u2019, en me tutoyant.<\/strong> Il me fait m\u2019asseoir \u00e0 une machine. Je lui dis\u2009: \u2018attendez, vous ne voulez pas savoir pourquoi je suis l\u00e0\u2009?\u2019, il ne me r\u00e9pond pas.\u2009\u00bb<\/p>\n<p class=\" wall-content\">Le sp\u00e9cialiste commet alors l\u2019irr\u00e9parable\u2009: confondant Christophe avec un autre patient qui n\u2019avait pourtant rien \u00e0 voir, \u00e2g\u00e9 d\u2019une quinzaine d\u2019ann\u00e9es de plus, il lui envoie <strong>des coups de laser dans les deux yeux.<\/strong> L\u2019appareil, un Nd-YAG, est con\u00e7u pour r\u00e9parer les \u00ab\u2009opacifications capsulaires post\u00e9rieures\u2009\u00bb, autrement dit, les cataractes, dont ce quadrag\u00e9naire ne souffre pas non plus. \u00ab\u2009Quand il m\u2019a appel\u00e9 Fr\u00e9d\u00e9ric, c\u2019\u00e9tait trop tard.\u2009\u00bb Les rayons ont caus\u00e9 <strong>des d\u00e9g\u00e2ts irr\u00e9versibles \u00e0 son cristallin.<\/strong> Le patient est aveugl\u00e9.<\/p>\n<p>\u00ab\u2009Encore lui\u2009\u00bb<\/p>\n<p class=\" wall-content\">Tant bien que mal, Christophe avertit le m\u00e9decin. \u00ab\u2009Il finit par me dire\u2009: \u2018tu as eu le Covid, c\u2019est \u00e7a qui t\u2019a rendu comme \u00e7a.\u2009\u00bb Le choc sur le choc. Les services d\u2019urgences ophtalmiques n\u2019ont jamais vu \u00e7a. \u00ab\u2009Quand j\u2019ai dit de quel cabinet je venais, j\u2019ai entendu quelqu\u2019un dire\u2009\u2019encore lui\u2019. <strong>J\u2019ai compris que c\u2019\u00e9tait tr\u00e8s grave.<\/strong>\u2009\u00bb<\/p>\n<p class=\" wall-content\">Il fait <strong>118 passages dans des h\u00f4pitaux de Marseille.<\/strong> Un colloque de sp\u00e9cialistes est m\u00eame d\u00e9p\u00each\u00e9 pour r\u00e9soudre le cas de cet homme d\u2019alors 41 ans. Ses cristallins lui est ont \u00e9t\u00e9 amput\u00e9s. Sa vision est aujourd\u2019hui de 1\/10 et les douleurs sont permanentes. \u00ab\u2009Comme si on me pin\u00e7ait de l\u2019int\u00e9rieur.\u2009\u00bb Christophe est aujourd\u2019hui reconnu handicap\u00e9. Il touche un peu plus de 1034 euros par mois alors que son ancienne activit\u00e9 lui rapportait \u00ab\u2009au moins un z\u00e9ro de plus\u2009\u00bb. Mais il ne peut plus la pratiquer.<\/p>\n<p class=\" wall-content\">D\u00e9sormais, cette victime attend que l\u2019assurance du praticien l\u2019indemnise \u00ab\u2009mais surtout qu\u2019il arr\u00eate d\u2019exercer et qu\u2019il soit condamn\u00e9\u2009\u00bb. De son c\u00f4t\u00e9, <strong>le docteur semble balayer toutes les accusations.<\/strong> Contact\u00e9 par actu Marseille, son cabinet coupe court\u2009: \u00ab\u2009Il ne r\u00e9pond pas aux journalistes\u2009\u00bb. Il continue de recevoir des patients.<\/p>\n<p class=\" wall-content\">Personnalisez votre actualit\u00e9 en ajoutant vos villes et m\u00e9dias en favori avec <a href=\"https:\/\/moncompte.actu.fr\" title=\"D\u00e9couvez Mon Actu\" rel=\"nofollow noopener\" data-trk=\"{&quot;cta&quot;:{&quot;action&quot;:&quot;https:\\\/\\\/moncompte.actu.fr&quot;,&quot;category&quot;:&quot;mon compte&quot;,&quot;from&quot;:&quot;article footer&quot;,&quot;name&quot;:&quot;Mon actu&quot;,&quot;type&quot;:&quot;cta&quot;}}\" target=\"_blank\">Mon Actu<\/a>.<\/p>\n<p>                    <script async src=\"\/\/www.instagram.com\/embed.js\"><\/script><\/p>\n","protected":false},"excerpt":{"rendered":"Par Fabien Binacchi Publi\u00e9 le 24 sept. 2025 \u00e0 18h44 Lionel Guedj, surnomm\u00e9 le \u00ab\u2009dentiste boucher\u2009\u00bb, pourrait ne&hellip;\n","protected":false},"author":2,"featured_media":415024,"comment_status":"","ping_status":"","sticky":false,"template":"","format":"standard","meta":{"footnotes":""},"categories":[2814],"tags":[1111,11,3514,1777,674,1011,27,884,2673,12,882,25,71,104],"class_list":{"0":"post-415023","1":"post","2":"type-post","3":"status-publish","4":"format-standard","5":"has-post-thumbnail","7":"category-marseille","8":"tag-actu","9":"tag-actualites","10":"tag-arnaque","11":"tag-eu","12":"tag-europe","13":"tag-fr","14":"tag-france","15":"tag-marseille","16":"tag-medecins","17":"tag-news","18":"tag-provence-alpes-cote-dazur","19":"tag-republique-francaise","20":"tag-sante","21":"tag-societe"},"share_on_mastodon":{"url":"https:\/\/pubeurope.com\/@fr\/115261656511820290","error":""},"_links":{"self":[{"href":"https:\/\/www.europesays.com\/fr\/wp-json\/wp\/v2\/posts\/415023","targetHints":{"allow":["GET"]}}],"collection":[{"href":"https:\/\/www.europesays.com\/fr\/wp-json\/wp\/v2\/posts"}],"about":[{"href":"https:\/\/www.europesays.com\/fr\/wp-json\/wp\/v2\/types\/post"}],"author":[{"embeddable":true,"href":"https:\/\/www.europesays.com\/fr\/wp-json\/wp\/v2\/users\/2"}],"replies":[{"embeddable":true,"href":"https:\/\/www.europesays.com\/fr\/wp-json\/wp\/v2\/comments?post=415023"}],"version-history":[{"count":0,"href":"https:\/\/www.europesays.com\/fr\/wp-json\/wp\/v2\/posts\/415023\/revisions"}],"wp:featuredmedia":[{"embeddable":true,"href":"https:\/\/www.europesays.com\/fr\/wp-json\/wp\/v2\/media\/415024"}],"wp:attachment":[{"href":"https:\/\/www.europesays.com\/fr\/wp-json\/wp\/v2\/media?parent=415023"}],"wp:term":[{"taxonomy":"category","embeddable":true,"href":"https:\/\/www.europesays.com\/fr\/wp-json\/wp\/v2\/categories?post=415023"},{"taxonomy":"post_tag","embeddable":true,"href":"https:\/\/www.europesays.com\/fr\/wp-json\/wp\/v2\/tags?post=415023"}],"curies":[{"name":"wp","href":"https:\/\/api.w.org\/{rel}","templated":true}]}}