{"id":415038,"date":"2025-09-24T22:42:16","date_gmt":"2025-09-24T22:42:16","guid":{"rendered":"https:\/\/www.europesays.com\/fr\/415038\/"},"modified":"2025-09-24T22:42:16","modified_gmt":"2025-09-24T22:42:16","slug":"un-rapport-alerte-sur-les-comptes-de-la-ville-de-paris-et-la-gestion-danne-hidalgo","status":"publish","type":"post","link":"https:\/\/www.europesays.com\/fr\/415038\/","title":{"rendered":"un rapport alerte sur les comptes de la Ville de Paris et la gestion d\u2019Anne Hidalgo"},"content":{"rendered":"<p><strong>D\u00c9CRYPTAGE <\/strong>&#8211; Si l\u2019ex\u00e9cutif parisien est cat\u00e9gorique sur la bonne tenue des comptes de la rue Lobau, un rapport de la Cour r\u00e9gionale des comptes affirme que \u00abdes mesures de redressement\u00bb seront \u00abn\u00e9cessaires\u00bb pour remettre \u00e0 flot l\u2019H\u00f4tel de Ville.<\/p>\n<p class=\"fig-paragraph\">\u00abC\u2019est un tsunami\u00bb, tacle la droite parisienne alors qu\u2019un rapport de la chambre r\u00e9gionale des comptes (CRC) d\u2019\u00cele-de-France &#8211; que Le Figaro a pu consulter &#8211; pointe\u00a0<a href=\"http:\/\/www.lefigaro.fr\/conjoncture\/plus-de-9-milliards-d-euros-de-dette-le-tres-lourd-bilan-economique-d-anne-hidalgo-a-la-mairie-de-paris-20241126\" data-fig-type=\"NewsFlash\" data-gtm-custom-categorie=\"navigation\" data-gtm-custom-action=\"crossclick\" data-gtm-custom-label=\"Contextuel\" data-gtm-event=\"customEventSPE\" data-fig-domain=\"LEFIGARO\" target=\"_blank\" rel=\"noopener\">la d\u00e9gradation financi\u00e8re de la Ville de Paris<\/a>. \u00c0 six mois des \u00e9lections municipales, l\u2019institution d\u00e9plore la poursuite d\u2019une politique d\u2019investissements ambitieuse &#8211; \u00e0 hauteur de \u00ab1,6 milliard d\u2019euros par an en moyenne entre 2021 et 2024\u00bb &#8211; de l\u2019ex\u00e9cutif, alors que l\u2019\u00e9pargne brute \u00abest demeur\u00e9e insuffisante et trop volatile pour couvrir ces investissements\u00bb. Et la sentence est irr\u00e9vocable puisque la CRC affirme que \u00abla situation financi\u00e8re s\u2019est d\u00e9grad\u00e9e\u00bb \u00e0 tel point qu\u2019elle \u00abne permet plus \u00e0 la Ville de financer ses investissements autrement que par un recours \u00e0 l\u2019emprunt qui d\u00e9passe aujourd\u2019hui les ratios prudentiels\u00bb.<\/p>\n<p class=\"fig-paragraph\">\u00abEntre 2021 et 2024, les d\u00e9penses de fonctionnement progressent de 13%, alors que les recettes de fonctionnement n\u2019augmentent que de 11,6 %\u00bb, peut-on lire par exemple dans la synth\u00e8se du rapport de la CRC\u2026<\/p>\n<p class=\"fig-premium-paywall__infos\">\n        Cet article est r\u00e9serv\u00e9 aux abonn\u00e9s.        Il vous reste 86% \u00e0 d\u00e9couvrir.\n    <\/p>\n<p>                <img  data- alt=\"Le Figaro\" class=\"fig-img--complete fig-img\"\/><\/p>\n<p class=\"fig-premium-paywall__title\">Vous avez envie de lire la suite ?<\/p>\n<p class=\"fig-premium-paywall__subtitle\">D\u00e9bloquez tous les articles imm\u00e9diatement.<\/p>\n<p class=\"fig-premium-paywall__connect\">\n                D\u00e9j\u00e0 abonn\u00e9\u00a0?                <a class=\"fig-premium-paywall__connect-link\" href=\"https:\/\/connect.lefigaro.fr\/login?client=horizon_web&amp;type=main&amp;redirect_uri=https%3A%2F%2Fwww.lefigaro.fr%2Fconjoncture%2Fune-situation-financiere-degradee-un-rapport-alerte-sur-les-comptes-de-la-ville-de-paris-et-la-gestion-d-anne-hidalgo-20250924\" data-js-gtm=\"{&quot;customCategorie&quot;: &quot;conversion&quot;, &quot;customAction&quot;: &quot;before_Landing_Connexion_paywall_auto&quot;, &quot;customLabel&quot;: &quot;bGVmaWdhcm8uZnJfXzFmMDk5NDQwLWFhNWYtNjE1Mi04M2NjLWY5ZTEzOGUyOTIzOV9fTmV3c0ZsYXNo_\u00abUne situation financi\u00e8re d\u00e9grad\u00e9e\u00bb\u00a0: un rapport alerte sur les comptes de la Ville de Paris et la gestion d\u2019Anne Hidalgo_205&quot;, &quot;customIDSPE&quot;: &quot;bGVmaWdhcm8uZnJfXzFmMDk5NDQwLWFhNWYtNjE1Mi04M2NjLWY5ZTEzOGUyOTIzOV9fTmV3c0ZsYXNo&quot;, &quot;event&quot;: &quot;customEventSPE&quot;}\" target=\"_blank\" rel=\"noopener\"><br \/>\n                    Connectez-vous<br \/>\n                <\/a>\n            <\/p>\n","protected":false},"excerpt":{"rendered":"D\u00c9CRYPTAGE &#8211; Si l\u2019ex\u00e9cutif parisien est cat\u00e9gorique sur la bonne tenue des comptes de la rue Lobau, un&hellip;\n","protected":false},"author":2,"featured_media":415039,"comment_status":"","ping_status":"","sticky":false,"template":"","format":"standard","meta":{"footnotes":""},"categories":[1888],"tags":[11,2618,7993,33,1777,674,1011,27,12,626,25],"class_list":{"0":"post-415038","1":"post","2":"type-post","3":"status-publish","4":"format-standard","5":"has-post-thumbnail","7":"category-paris","8":"tag-actualites","9":"tag-anne-hidalgo","10":"tag-dette-publique","11":"tag-economie","12":"tag-eu","13":"tag-europe","14":"tag-fr","15":"tag-france","16":"tag-news","17":"tag-paris","18":"tag-republique-francaise"},"share_on_mastodon":{"url":"https:\/\/pubeurope.com\/@fr\/115261691898292812","error":""},"_links":{"self":[{"href":"https:\/\/www.europesays.com\/fr\/wp-json\/wp\/v2\/posts\/415038","targetHints":{"allow":["GET"]}}],"collection":[{"href":"https:\/\/www.europesays.com\/fr\/wp-json\/wp\/v2\/posts"}],"about":[{"href":"https:\/\/www.europesays.com\/fr\/wp-json\/wp\/v2\/types\/post"}],"author":[{"embeddable":true,"href":"https:\/\/www.europesays.com\/fr\/wp-json\/wp\/v2\/users\/2"}],"replies":[{"embeddable":true,"href":"https:\/\/www.europesays.com\/fr\/wp-json\/wp\/v2\/comments?post=415038"}],"version-history":[{"count":0,"href":"https:\/\/www.europesays.com\/fr\/wp-json\/wp\/v2\/posts\/415038\/revisions"}],"wp:featuredmedia":[{"embeddable":true,"href":"https:\/\/www.europesays.com\/fr\/wp-json\/wp\/v2\/media\/415039"}],"wp:attachment":[{"href":"https:\/\/www.europesays.com\/fr\/wp-json\/wp\/v2\/media?parent=415038"}],"wp:term":[{"taxonomy":"category","embeddable":true,"href":"https:\/\/www.europesays.com\/fr\/wp-json\/wp\/v2\/categories?post=415038"},{"taxonomy":"post_tag","embeddable":true,"href":"https:\/\/www.europesays.com\/fr\/wp-json\/wp\/v2\/tags?post=415038"}],"curies":[{"name":"wp","href":"https:\/\/api.w.org\/{rel}","templated":true}]}}