{"id":415049,"date":"2025-09-24T22:48:18","date_gmt":"2025-09-24T22:48:18","guid":{"rendered":"https:\/\/www.europesays.com\/fr\/415049\/"},"modified":"2025-09-24T22:48:18","modified_gmt":"2025-09-24T22:48:18","slug":"euronews-etend-sa-couverture-dans-les-balkans-en-ouvrant-un-nouveau-bureau-au-montenegro","status":"publish","type":"post","link":"https:\/\/www.europesays.com\/fr\/415049\/","title":{"rendered":"Euronews \u00e9tend sa couverture dans les Balkans en ouvrant un nouveau bureau au Mont\u00e9n\u00e9gro"},"content":{"rendered":"<p class=\"mb-4 text-lg md:leading-8 break-words\">Une nouvelle filiale d&rsquo;Euronews dans les Balkans occidentaux, Euronews Mont\u00e9n\u00e9gro, a \u00e9t\u00e9 officiellement lanc\u00e9e lors d&rsquo;une c\u00e9r\u00e9monie qui s&rsquo;est tenue \u00e0 Podgorica mardi. Il s&rsquo;agit du 19e bureau d&rsquo;Euronews sur le continent europ\u00e9en.<\/p>\n<p class=\"mb-4 text-lg md:leading-8 break-words\">\u00ab\u00a0Avec le lancement d&rsquo;Euronews Mont\u00e9n\u00e9gro et l&rsquo;arriv\u00e9e du Mont\u00e9n\u00e9gro dans notre grande famille europ\u00e9enne, nous esp\u00e9rons \u00e9largir notre distribution ici au Mont\u00e9n\u00e9gro et dans les Balkans occidentaux, ainsi que dans les \u00c9tats membres de l&rsquo;UE\u00a0\u00bb, a d\u00e9clar\u00e9 le pr\u00e9sident d&rsquo;Euronews, Pedro Vargas David.<\/p>\n<p class=\"mb-4 text-lg md:leading-8 break-words\">Ce dernier indique que les ambitions d&rsquo;Euronews dans la r\u00e9gion sont \u00e9troitement li\u00e9es au processus d&rsquo;\u00e9largissement de l&rsquo;UE.<\/p>\n<p class=\"mb-4 text-lg md:leading-8 break-words\">\u00ab\u00a0Nous voulons \u00eatre la voix de l&rsquo;Union europ\u00e9enne ici &#8211; et nous en sommes fiers, fiers de repr\u00e9senter les valeurs europ\u00e9ennes et d&rsquo;\u00eatre une voix europ\u00e9enne\u00a0\u00bb, d\u00e9clare Pedro Vargas David.<\/p>\n<p>Un service en langue locale pour 90 % des Europ\u00e9ens<\/p>\n<p class=\"mb-4 text-lg md:leading-8 break-words\">Pedro Vargas David souligne que l&rsquo;un des \u00e9l\u00e9ments cl\u00e9s du succ\u00e8s d&rsquo;Euronews est que la cha\u00eene diffuse dans les langues locales de chaque pays.<\/p>\n<p class=\"mb-4 text-lg md:leading-8 break-words\">\u00ab\u00a0Aujourd&rsquo;hui, nous atteignons les foyers des Europ\u00e9ens dans plus de pays que jamais auparavant, et nous servons 90 % de la population europ\u00e9enne dans sa langue maternelle. C&rsquo;est le plus grand atout d&rsquo;Euronews\u00a0\u00bb, affirme-t-il.<\/p>\n<p class=\"mb-4 text-lg md:leading-8 break-words\">\u00ab\u00a0Nous sommes des Europ\u00e9ens. La plupart d&rsquo;entre nous parlent anglais, mais \u00e0 la maison, nous parlons nos propres langues &#8211; et c&rsquo;est pourquoi la fourniture d&rsquo;un service multilingue depuis Bruxelles et d&rsquo;autres capitales est la cl\u00e9 de notre succ\u00e8s\u00a0\u00bb.<\/p>\n<p><img alt=\"Pedro Vargas David d'Euronews, Minja Mileti\u0107 et Milutin Stjepovi\u0107, et Vladimir Lu\u010di\u0107 de Telecom Srbija \u00e0 Podgorica, le 23 septembre 2025\" loading=\"lazy\" width=\"808\" height=\"539\" decoding=\"async\" data-nimg=\"1\" class=\"rounded-lg\" style=\"color:transparent\" src=\"https:\/\/www.europesays.com\/fr\/wp-content\/uploads\/2025\/09\/80baa2c330543bce26e0fe99ef7b67bd.jpeg\"\/><\/p>\n<p> Pedro Vargas David d&rsquo;Euronews, Minja Mileti\u0107 et Milutin Stjepovi\u0107, et Vladimir Lu\u010di\u0107 de Telecom Srbija \u00e0 Podgorica, le 23 septembre 2025   &#8211; Euronews <\/p>\n<p class=\"mb-4 text-lg md:leading-8 break-words\">Vladimir Lu\u010di\u0107, le PDG de Telekom Srbija, a exprim\u00e9 sa gratitude envers le gouvernement du Mont\u00e9n\u00e9gro, qui a permis \u00e0 l&rsquo;entreprise d&rsquo;investir dans le pays pendant pr\u00e8s de deux d\u00e9cennies.<\/p>\n<p class=\"mb-4 text-lg md:leading-8 break-words\">\u00ab\u00a0Chez Telekom Srbija, nous pensons que l&rsquo;Europe est une grande famille, et nous sommes fiers qu&rsquo;Euronews soit l&rsquo;un des symboles de cette Europe. Nous sommes \u00e9galement fiers d&rsquo;\u00eatre l&rsquo;entreprise qui a apport\u00e9 ce symbole au Mont\u00e9n\u00e9gro, avec Euronews\u00a0\u00bb, a-t-il d\u00e9clar\u00e9.<\/p>\n<p class=\"mb-4 text-lg md:leading-8 break-words\">\u00ab\u00a0\u00c9tant donn\u00e9 le succ\u00e8s d&rsquo;Euronews Serbie, nous nous attendons \u00e0 ce que les t\u00e9l\u00e9spectateurs d&rsquo;ici reconnaissent rapidement la qualit\u00e9 d&rsquo;Euronews et s&rsquo;y fient pour obtenir des informations pr\u00e9cises\u00a0\u00bb.<\/p>\n<p>\u00ab\u00a0Montrer \u00e0 l&rsquo;Europe les valeurs que le Mont\u00e9n\u00e9gro a \u00e0 offrir\u00a0\u00bb<\/p>\n<p class=\"mb-4 text-lg md:leading-8 break-words\">Minja Mileti\u0107, directrice r\u00e9gionale d&rsquo;Euronews Serbie, Bosnie-Herz\u00e9govine et Mont\u00e9n\u00e9gro, a soulign\u00e9 la cr\u00e9dibilit\u00e9 croissante de la marque dans la r\u00e9gion et a exprim\u00e9 l&rsquo;espoir qu&rsquo;Euronews Mont\u00e9n\u00e9gro suive un chemin similaire.<\/p>\n<p class=\"mb-4 text-lg md:leading-8 break-words\">\u00ab\u00a0Nos objectifs sont clairs : fournir des informations objectives, v\u00e9rifi\u00e9es et impartiales, \u00eatre un pont entre la r\u00e9gion et le monde, et ouvrir un espace de dialogue dans la soci\u00e9t\u00e9, qui \u00e9volue rapidement ces derniers temps\u00a0\u00bb, explique-t-elle.<\/p>\n<p class=\"mb-4 text-lg md:leading-8 break-words\">\u00ab\u00a0Euronews Serbie et Euronews Bosnie-Herz\u00e9govine sont d\u00e9j\u00e0 reconnues comme des sources d&rsquo;information cr\u00e9dibles et respectant des normes professionnelles \u00e9lev\u00e9es. Nous souhaitons apporter la m\u00eame qualit\u00e9, la m\u00eame responsabilit\u00e9 et le m\u00eame engagement \u00e0 Euronews Mont\u00e9n\u00e9gro\u00a0\u00bb, a-t-elle d\u00e9clar\u00e9.<\/p>\n<p class=\"mb-4 text-lg md:leading-8 break-words\"><b class=\"c-widget-related__title__text\">Related<\/b><\/p>\n<p class=\"mb-4 text-lg md:leading-8 break-words\">Le r\u00e9dacteur en chef d&rsquo;Euronews Mont\u00e9n\u00e9gro, Milutin Stjepovi\u0107, estime que l&rsquo;ouverture de ce nouveau bureau intervient \u00e0 un moment crucial pour le pays des Balkans.<\/p>\n<p class=\"mb-4 text-lg md:leading-8 break-words\">\u00ab\u00a0Nous nous effor\u00e7ons de faire partie de l&rsquo;Union europ\u00e9enne &#8211; les chapitres d&rsquo;adh\u00e9sion sont en train de se fermer, et nous sommes heureux de nous lancer \u00e0 ce moment important\u00a0\u00bb, se r\u00e9jouit-il.<\/p>\n<p class=\"mb-4 text-lg md:leading-8 break-words\">\u00ab\u00a0Nous voulons montrer \u00e0 l&rsquo;Europe les valeurs que le Mont\u00e9n\u00e9gro a \u00e0 offrir, mais nous voulons aussi apporter les valeurs europ\u00e9ennes et mondiales dans notre pays. Nous sommes une \u00e9quipe jeune et nouvelle, pleine d&rsquo;\u00e9nergie et pr\u00eate \u00e0 relever des d\u00e9fis\u00a0\u00bb.<\/p>\n","protected":false},"excerpt":{"rendered":"Une nouvelle filiale d&rsquo;Euronews dans les Balkans occidentaux, Euronews Mont\u00e9n\u00e9gro, a \u00e9t\u00e9 officiellement lanc\u00e9e lors d&rsquo;une c\u00e9r\u00e9monie qui&hellip;\n","protected":false},"author":2,"featured_media":415050,"comment_status":"","ping_status":"","sticky":false,"template":"","format":"standard","meta":{"footnotes":""},"categories":[1586],"tags":[11,13307,1777,24528,674,1011,27,2794,54554,12,54553,25,54555],"class_list":{"0":"post-415049","1":"post","2":"type-post","3":"status-publish","4":"format-standard","5":"has-post-thumbnail","7":"category-europe","8":"tag-actualites","9":"tag-balkans","10":"tag-eu","11":"tag-euronews","12":"tag-europe","13":"tag-fr","14":"tag-france","15":"tag-la-region","16":"tag-milutin-stjepovic","17":"tag-news","18":"tag-pedro-vargas","19":"tag-republique-francaise","20":"tag-telekom-srbija"},"share_on_mastodon":{"url":"https:\/\/pubeurope.com\/@fr\/115261715842889099","error":""},"_links":{"self":[{"href":"https:\/\/www.europesays.com\/fr\/wp-json\/wp\/v2\/posts\/415049","targetHints":{"allow":["GET"]}}],"collection":[{"href":"https:\/\/www.europesays.com\/fr\/wp-json\/wp\/v2\/posts"}],"about":[{"href":"https:\/\/www.europesays.com\/fr\/wp-json\/wp\/v2\/types\/post"}],"author":[{"embeddable":true,"href":"https:\/\/www.europesays.com\/fr\/wp-json\/wp\/v2\/users\/2"}],"replies":[{"embeddable":true,"href":"https:\/\/www.europesays.com\/fr\/wp-json\/wp\/v2\/comments?post=415049"}],"version-history":[{"count":0,"href":"https:\/\/www.europesays.com\/fr\/wp-json\/wp\/v2\/posts\/415049\/revisions"}],"wp:featuredmedia":[{"embeddable":true,"href":"https:\/\/www.europesays.com\/fr\/wp-json\/wp\/v2\/media\/415050"}],"wp:attachment":[{"href":"https:\/\/www.europesays.com\/fr\/wp-json\/wp\/v2\/media?parent=415049"}],"wp:term":[{"taxonomy":"category","embeddable":true,"href":"https:\/\/www.europesays.com\/fr\/wp-json\/wp\/v2\/categories?post=415049"},{"taxonomy":"post_tag","embeddable":true,"href":"https:\/\/www.europesays.com\/fr\/wp-json\/wp\/v2\/tags?post=415049"}],"curies":[{"name":"wp","href":"https:\/\/api.w.org\/{rel}","templated":true}]}}