{"id":415055,"date":"2025-09-24T22:51:11","date_gmt":"2025-09-24T22:51:11","guid":{"rendered":"https:\/\/www.europesays.com\/fr\/415055\/"},"modified":"2025-09-24T22:51:11","modified_gmt":"2025-09-24T22:51:11","slug":"adele-exarchopoulos-enceinte-de-francois-civil","status":"publish","type":"post","link":"https:\/\/www.europesays.com\/fr\/415055\/","title":{"rendered":"Ad\u00e8le Exarchopoulos enceinte de Fran\u00e7ois Civil"},"content":{"rendered":"<p>Un amour \u00ab\u00a0ouf\u00a0\u00bb, qui va \u00e0 100 \u00e0 l\u2019heure. Fran\u00e7ois Civil et <a href=\"https:\/\/www.public.fr\/tag\/adele-exarchopoulos\" target=\"_blank\" rel=\"noopener\">Ad\u00e8le Exarchopoulos<\/a> n\u2019auraient eu besoin que de quelques ann\u00e9es avant de franchir un cap important dans leur couple. Selon les informations de nos confr\u00e8res de <a href=\"https:\/\/www.parismatch.com\/People\/exclusif-adele-exarchopoulos-et-francois-civil-bientot-un-bebe-257550\" target=\"_blank\" rel=\"noopener\">Paris Match<\/a>, <a href=\"https:\/\/www.public.fr\/cest-exceptionnel-adele-exarchopoulos-revele-que-francois-civil-est-a-la-fois-son-amoureux-et-meilleur-ami\" target=\"_blank\" rel=\"noopener\">les deux com\u00e9diens<\/a> <strong>attendent en effet leur premier enfant.<\/strong><\/p>\n<p>Ad\u00e8le Exarchopoulos et Fran\u00e7ois Civil se rencontrent gr\u00e2ce \u00e0 C\u00e9dric Jimenez en 2020, sur le tournage de <strong>Bac Nord<\/strong>. C\u2019est d\u2019ailleurs leur partenaire dans ce film, et r\u00e9alisateur de <strong><a href=\"https:\/\/www.public.fr\/adele-exarchopoulos-baiser-fougueux-avec-francois-civil-pour-feter-les-scores-fous-de-lamour-ouf\" target=\"_blank\" rel=\"noopener\">L\u2019amour ouf<\/a><\/strong>, <a href=\"https:\/\/www.public.fr\/tag\/gilles-lellouche\" target=\"_blank\" rel=\"noopener\">Gilles Lellouche<\/a>, qui vend en partie la m\u00e8che sur la nature de la  relation que les deux acteurs entretiendraient depuis quelques ann\u00e9es.\u00a0<\/p>\n<p>Fran\u00e7ois Civil et Ad\u00e8le Exarchopoulos, fous amoureux ? <\/p>\n<p>\u00ab\u00a0Ad\u00e8le avait compl\u00e8tement oubli\u00e9 qu\u2019elle \u00e9tait cens\u00e9e \u00eatre mari\u00e9e \u00e0 Karim Leklou dans le film, elle regardait Fran\u00e7ois comme si c\u2019\u00e9tait un Dieu. [\u2026] Je les regardais et je me disais : mais ils ne jouent pas du tout la sc\u00e8ne les deux l\u00e0 !\u00a0\u00bb, se souvenait le com\u00e9dien sur le plateau de <strong>C \u00e0 Vous<\/strong> en mai 2024.<\/p>\n<p>N\u00e9anmoins, ce n\u2019est que le 28 f\u00e9vrier 2025 qu\u2019Ad\u00e8le Exarchopoulos et Fran\u00e7ois Civil font leur premi\u00e8re apparition officielle ensemble, lors de la c\u00e9r\u00e9monie des C\u00e9sar. Aujourd\u2019hui, selon les informations de Paris Match, ils nageraient en plein bonheur.\u00a0<\/p>\n<p>Nos confr\u00e8res ont d\u2019ailleurs publi\u00e9 des clich\u00e9s des principaux int\u00e9ress\u00e9s ensemble, complices, enlac\u00e9s dans les rues de Paris ces derniers jours. \u00ab\u00a0<strong>Son ventre \u00e0 peine rond d\u00e9voile une jolie promesse<\/strong>.\u00a0Ad\u00e8le Exarchopoulos\u00a0et\u00a0Fran\u00e7ois Civil\u00a0l\u2019ont d\u00e9j\u00e0 annonc\u00e9 \u00e0 leurs proches : dans quelques mois, si rien ne vient enrayer leur bonheur, <strong>ils seront parents<\/strong>\u00ab\u00a0, r\u00e9v\u00e8le Paris Match.\u00a0<\/p>\n<p>Le couple attend son premier enfant<\/p>\n<p>Et le quotidien du couple prouverait cette future arriv\u00e9e. En effet, toujours d\u2019\u2019apr\u00e8s nos confr\u00e8res, l\u2019actrice de 31 ans et d\u00e9j\u00e0 maman, aurait <strong>renonc\u00e9 \u00e0 se rendre au mariage de C\u00e9dric Jimenez<\/strong> et Capucine Martin \u00e0 Marseille, le 13 septembre dernier, pour se reposer.<\/p>\n<p>Du c\u00f4t\u00e9 de Fran\u00e7ois Civil, celui-ci s\u2019exprimait aupr\u00e8s de Mouloud Achour au sujet de son \u00e9ventuelle paternit\u00e9 \u00e0 venir, la premi\u00e8re le concernant. \u00ab\u00a0J\u2019ai l\u2019impression qu\u2019il faut que \u00e7a arrive pour savoir. L\u00e0, comme \u00e7a, je dirais : fou de joie !\u00a0\u00bb, confiait-il \u00e0 notre confr\u00e8re en octobre 2024. Avant de poursuivre : \u00ab\u00a0tout de suite, je ne sais pas, mais j\u2019ai envie\u2026\u00a0\u00bb<\/p>\n<p>Une envie qui devrait donc se concr\u00e9tiser sous peu pour le com\u00e9dien et sa compagne avec qui il ne sort \u00ab\u00a0que le soir pour retrouver leurs potes au Costes ou au Ferdi, dans le Ier arrondissement\u00a0\u00bb de Paris comme l\u2019indique Paris Match.\u00a0<\/p>\n<p>      Mentionn\u00e9s dans cet article<\/p>\n<p>      Sur le m\u00eame sujet<\/p>\n","protected":false},"excerpt":{"rendered":"Un amour \u00ab\u00a0ouf\u00a0\u00bb, qui va \u00e0 100 \u00e0 l\u2019heure. Fran\u00e7ois Civil et Ad\u00e8le Exarchopoulos n\u2019auraient eu besoin que&hellip;\n","protected":false},"author":2,"featured_media":415056,"comment_status":"","ping_status":"","sticky":false,"template":"","format":"standard","meta":{"footnotes":""},"categories":[2],"tags":[11,34114,1193,1011,27,22659,196,12,25],"class_list":{"0":"post-415055","1":"post","2":"type-post","3":"status-publish","4":"format-standard","5":"has-post-thumbnail","7":"category-actualites","8":"tag-actualites","9":"tag-adele-exarchopoulos","10":"tag-couple","11":"tag-fr","12":"tag-france","13":"tag-francois-civil","14":"tag-grossesse","15":"tag-news","16":"tag-republique-francaise"},"share_on_mastodon":{"url":"https:\/\/pubeurope.com\/@fr\/115261727279121880","error":""},"_links":{"self":[{"href":"https:\/\/www.europesays.com\/fr\/wp-json\/wp\/v2\/posts\/415055","targetHints":{"allow":["GET"]}}],"collection":[{"href":"https:\/\/www.europesays.com\/fr\/wp-json\/wp\/v2\/posts"}],"about":[{"href":"https:\/\/www.europesays.com\/fr\/wp-json\/wp\/v2\/types\/post"}],"author":[{"embeddable":true,"href":"https:\/\/www.europesays.com\/fr\/wp-json\/wp\/v2\/users\/2"}],"replies":[{"embeddable":true,"href":"https:\/\/www.europesays.com\/fr\/wp-json\/wp\/v2\/comments?post=415055"}],"version-history":[{"count":0,"href":"https:\/\/www.europesays.com\/fr\/wp-json\/wp\/v2\/posts\/415055\/revisions"}],"wp:featuredmedia":[{"embeddable":true,"href":"https:\/\/www.europesays.com\/fr\/wp-json\/wp\/v2\/media\/415056"}],"wp:attachment":[{"href":"https:\/\/www.europesays.com\/fr\/wp-json\/wp\/v2\/media?parent=415055"}],"wp:term":[{"taxonomy":"category","embeddable":true,"href":"https:\/\/www.europesays.com\/fr\/wp-json\/wp\/v2\/categories?post=415055"},{"taxonomy":"post_tag","embeddable":true,"href":"https:\/\/www.europesays.com\/fr\/wp-json\/wp\/v2\/tags?post=415055"}],"curies":[{"name":"wp","href":"https:\/\/api.w.org\/{rel}","templated":true}]}}