{"id":415062,"date":"2025-09-24T22:58:20","date_gmt":"2025-09-24T22:58:20","guid":{"rendered":"https:\/\/www.europesays.com\/fr\/415062\/"},"modified":"2025-09-24T22:58:20","modified_gmt":"2025-09-24T22:58:20","slug":"le-programme-nocturne-du-gp-du-japon","status":"publish","type":"post","link":"https:\/\/www.europesays.com\/fr\/415062\/","title":{"rendered":"Le programme nocturne du GP du Japon"},"content":{"rendered":"<p>C&rsquo;est parti pour les Grands Prix matinaux\u00a0! Apr\u00e8s un back-to-back spectaculaire \u00e0 Barcelone et Misano, le MotoGP\u2122 retrouve Motegi ce week-end pour prendre part au Grand Prix Motul du Japon. D\u00e8s jeudi, rends-toi sur notre site \u00e0 partir de 9h00 pour suivre la conf\u00e9rence de presse du week-end.<\/p>\n<p>Vendredi, les pilotes prendront la piste \u00e0 partir de 2h00 pour la FP1 du Moto3\u2122, suivi du Moto2\u2122 \u00e0 2h50 puis du MotoGP\u2122 \u00e0 3h45. Tout ce beau monde sera de retour en piste plus tard dans le m\u00eame ordre pour la Practice, respectivement \u00e0 6h15, 7h05 et 8h00.<\/p>\n<p>Samedi, place \u00e0 la FP2, ultime r\u00e9p\u00e9tition avant les qualifications. Le Moto3\u2122 ouvrira le bal \u00e0 1h40, suivi du Moto2\u2122 \u00e0 2h25, avant que le MotoGP\u2122 n&rsquo;entre en piste \u00e0 3h10. Imm\u00e9diatement apr\u00e8s cette FP2, les acteurs du MotoGP\u2122 disputeront les qualifications du week-end \u00e0 3h50. De leur c\u00f4t\u00e9, les pilotes des classes l\u00e9g\u00e8re et interm\u00e9diaire se battront pour la pole respectivement \u00e0 5h45 et 6h40. \u00c0 8h00, le MotoGP\u2122 retrouvera la piste pour 12 tours intenses \u00e0 l&rsquo;occasion de la Tissot Sprint.<\/p>\n<p>Dimanche, sois pr\u00e9sent \u00e0 partir de 2h40 pour le warm-up MotoGP\u2122. Le Moto3\u2122 s&rsquo;\u00e9lancera \u00e0 4h00 avant la bataille du Moto2\u2122, dont le coup d&rsquo;envoi sera donn\u00e9 \u00e0 5h15. Enfin, l&rsquo;extinction des feux de la tr\u00e8s attendue course MotoGP\u2122 aura lieu \u00e0 7h00. L&rsquo;\u00e9mission After the Flag et la conf\u00e9rence de presse te seront propos\u00e9es dans la foul\u00e9e.<\/p>\n","protected":false},"excerpt":{"rendered":"C&rsquo;est parti pour les Grands Prix matinaux\u00a0! Apr\u00e8s un back-to-back spectaculaire \u00e0 Barcelone et Misano, le MotoGP\u2122 retrouve&hellip;\n","protected":false},"author":2,"featured_media":415063,"comment_status":"","ping_status":"","sticky":false,"template":"","format":"standard","meta":{"footnotes":""},"categories":[1413],"tags":[1011,27,1457,1456,60,2032],"class_list":{"0":"post-415062","1":"post","2":"type-post","3":"status-publish","4":"format-standard","5":"has-post-thumbnail","7":"category-moto","8":"tag-fr","9":"tag-france","10":"tag-moto","11":"tag-motocycle","12":"tag-sports","13":"tag-text"},"share_on_mastodon":{"url":"https:\/\/pubeurope.com\/@fr\/115261754844258061","error":""},"_links":{"self":[{"href":"https:\/\/www.europesays.com\/fr\/wp-json\/wp\/v2\/posts\/415062","targetHints":{"allow":["GET"]}}],"collection":[{"href":"https:\/\/www.europesays.com\/fr\/wp-json\/wp\/v2\/posts"}],"about":[{"href":"https:\/\/www.europesays.com\/fr\/wp-json\/wp\/v2\/types\/post"}],"author":[{"embeddable":true,"href":"https:\/\/www.europesays.com\/fr\/wp-json\/wp\/v2\/users\/2"}],"replies":[{"embeddable":true,"href":"https:\/\/www.europesays.com\/fr\/wp-json\/wp\/v2\/comments?post=415062"}],"version-history":[{"count":0,"href":"https:\/\/www.europesays.com\/fr\/wp-json\/wp\/v2\/posts\/415062\/revisions"}],"wp:featuredmedia":[{"embeddable":true,"href":"https:\/\/www.europesays.com\/fr\/wp-json\/wp\/v2\/media\/415063"}],"wp:attachment":[{"href":"https:\/\/www.europesays.com\/fr\/wp-json\/wp\/v2\/media?parent=415062"}],"wp:term":[{"taxonomy":"category","embeddable":true,"href":"https:\/\/www.europesays.com\/fr\/wp-json\/wp\/v2\/categories?post=415062"},{"taxonomy":"post_tag","embeddable":true,"href":"https:\/\/www.europesays.com\/fr\/wp-json\/wp\/v2\/tags?post=415062"}],"curies":[{"name":"wp","href":"https:\/\/api.w.org\/{rel}","templated":true}]}}