{"id":415070,"date":"2025-09-24T23:02:10","date_gmt":"2025-09-24T23:02:10","guid":{"rendered":"https:\/\/www.europesays.com\/fr\/415070\/"},"modified":"2025-09-24T23:02:10","modified_gmt":"2025-09-24T23:02:10","slug":"david-hallyday-a-pete-les-plombs-ce-que-laeticia-a-fait-avec-nikos-aliagas-il-ne-le-lui-pardonnera-jamais","status":"publish","type":"post","link":"https:\/\/www.europesays.com\/fr\/415070\/","title":{"rendered":"David Hallyday a \u00ab\u00a0p\u00e9t\u00e9 les plombs\u00a0\u00bb : ce que Laeticia a fait avec Nikos Aliagas, il ne le lui pardonnera jamais"},"content":{"rendered":"<p>Johnny Hallyday nous a quitt\u00e9s en d\u00e9cembre 2017, \u00e0 l&rsquo;\u00e2ge de 74 ans. Ce 24 septembre 2025, <strong>le concert hommage de son fils, David, \u00ab\u00a0Requiem pour un fou\u00a0\u00bb, est diffus\u00e9 sur France 4<\/strong>. La captation s&rsquo;est faite il y a quelques mois seulement, au Forest National de Bruxelles. C&rsquo;\u00e9tait le 13 avril 2025. <\/p>\n<p>Et c&rsquo;est toute une partie de la carri\u00e8re du Taulier qui va revivre dans le coeur des fans. Des fans fid\u00e8les, qui ont trembl\u00e9 pendant des ann\u00e9es, \u00e0 chaque fois que l&rsquo;idole des jeunes traversait des coups durs. Comme en 2009, <strong>lorsque \u00e0 la suite d&rsquo;une op\u00e9ration, le chanteur est pass\u00e9 tr\u00e8s pr\u00e8s de la mort. <\/strong><\/p>\n<p>En d\u00e9cembre de cette ann\u00e9e-l\u00e0, il a <strong>d\u00fb \u00eatre hospitalis\u00e9 en urgence \u00e0 Los Angeles<\/strong>. \u00c0 l\u2019h\u00f4pital Cedars-Sina\u00ef, pr\u00e9cis\u00e9ment. Et sur place, arriv\u00e9 parmi une foule de stars au chevet de son p\u00e8re, son fils David Hallyday s&rsquo;\u00e9tait pris le bec avec sa belle-m\u00e8re. <\/p>\n<p>Son coup de gueule contre Laeticia Hallyday<\/p>\n<p>Dans son livre Johnny \u2013 Histoire d\u2019une idole, Eric Le Bourhis rapporte en effet : \u00ab\u00a0alors que Johnny \u00e9tait dans le coma (&#8230;) <strong>David a p\u00e9t\u00e9 les plombs\u00a0\u00bb. <\/strong><\/p>\n<p>Et pour cause, raconte ce biographe : \u00ab\u00a0il a estim\u00e9 que Laeticia voulait faire du gossip et du &lsquo;people&rsquo; autour de cet \u00e9v\u00e9nement\u00a0\u00bb. Son tort ? Elle avait ouvert \u00ab\u00a0<strong>les portes de la chambre \u00e0 quelques journalistes, comme Nikos\u00a0\u00bb<\/strong>, et \u00ab\u00a0se faisait photographier complaisamment\u00a0\u00bb.<\/p>\n<p>Boulevers\u00e9 par ce d\u00e9fil\u00e9, David Hallyday aurait alors balanc\u00e9 \u00e0 sa belle-m\u00e8re : <strong>\u201cMon p\u00e8re est en train de mourir et tu te pavanes !<\/strong>\u201d Un coup de gueule que n&rsquo;avait pas appr\u00e9ci\u00e9 son p\u00e8re, \u00e0 son r\u00e9veil, quelques jours plus tard. Et ils ont m\u00eame \u00e9t\u00e9 en froid pendant plusieurs ann\u00e9es apr\u00e8s cette \u00e9preuve&#8230;<\/p>\n<p><strong>La r\u00e9conciliation, elle, \u00e9tait \u00e9galement importante sur sc\u00e8ne<\/strong>, pour le fils a\u00een\u00e9 de Johnny Hallyday. Apr\u00e8s sa mort, celui qui lui avait \u00e9crit l&rsquo;album \u00ab\u00a0Sang pour sang\u00a0\u00bb a d\u00e9cid\u00e9 de retourner en studio. Pour ce projet d&rsquo;envergure, David a ainsi r\u00e9enregistr\u00e9 certaines musiques de son p\u00e8re.<\/p>\n<p>L&rsquo;h\u00e9ritage musical de David Hallyday<\/p>\n<p>C\u2019est avec des titres comme \u201cL\u2019Envie\u201d, \u201cQuelque chose de Tennessee\u201d, \u201cLaura\u201d ou encore \u201cSang pour sang\u201d, que David partage <strong>sa vision sur cet h\u00e9ritage musical<\/strong>. Un droit pour lequel il s&rsquo;est battu pendant plusieurs ann\u00e9es. En effet, \u00e0 la mort de Johnny, en 2017, son dernier testament avait \u00e9t\u00e9 remis en question par ses deux premiers enfants, David et Laura.<\/p>\n<p>En 2018, David Hallyday avait pris la parole sur TF1, et assur\u00e9 : \u00ab\u00a0Beaucoup de gens parlent d&rsquo;argent, (mais) un h\u00e9ritage, c&rsquo;est la preuve qu&rsquo;on a exist\u00e9 pour un parent, c&rsquo;est surtout \u00e7a\u00a0\u00bb.<\/p>\n<p>Et d&rsquo;ajouter : \u00ab\u00a0Je <a href=\"https:\/\/www.public.fr\/david-hallyday-le-jure-johnny-lui-avait-promis-qu-il-serait-sur-son-testament\" target=\"_blank\" rel=\"noopener\">demande simplement le droit moral de nous quatre<\/a> (les 4 enfants de la star, ndlr), voil\u00e0, que ce soit partag\u00e9 entre nous quatre\u00a0\u00bb. Dans l\u2019\u00e9mission Sept \u00e0 Huit, il avait souhait\u00e9 \u00ab\u00a0Qu&rsquo;on puisse avoir le droit de g\u00e9rer son image, d&rsquo;avoir en tout cas un droit de regard sur son image, et personnellement sur ce qui me liait avec lui, <strong>c&rsquo;est-\u00e0-dire la musique et rien du reste<\/strong>\u00ab\u00a0.<\/p>\n<p>Les hommages \u00e0 Johnny Hallyday <\/p>\n<p>Avant lui, ils sont nombreux \u00e0 avoir repris le r\u00e9pertoire du Taulier. Rien que pour le titre \u201cRequiem pour un fou\u201d, sorti en 1976, on se souvient des interpr\u00e9tations de Gr\u00e9gory Lemarchal, en 2004, \u00e0 la Star Academy, mais aussi de Florent Pagny en 2017, sur son album hommage \u00ab\u00a0On a tous quelque chose de Johnny\u00a0\u00bb. <\/p>\n<p>Et comment oublier le duo que Johnny avait form\u00e9 avec Lara Fabian sur la sc\u00e8ne du Stade de France en 1998 pour le spectacle \u00ab\u00a0Johnny allume le feu\u00a0\u00bb ?<\/p>\n<p>En 2024, est finalement venue la version <a href=\"https:\/\/vsd.fr\/74432-une-chanson-magnifique-david-hallyday-avoue-sa-preference-pour-lun-des-tubes-mythiques-de-son-pere\/\" target=\"_blank\" rel=\"noopener\">de David Hallyday, qu&rsquo;il continue d&rsquo;interpr\u00e9ter en live<\/a>. D&rsquo;ailleurs, le chanteur de 59 ans est toujours en tourn\u00e9e pour d\u00e9fendre cet album. Lui qui vient tout juste d&rsquo;annoncer qu&rsquo;il \u00e9tait <a href=\"https:\/\/www.public.fr\/baby-boom-chez-les-hallyday-surprise-apres-ilona-smet-emma-smet-aussi-est-devenue-maman\" target=\"_blank\" rel=\"noopener\">deux fois grand-p\u00e8re rien que cette ann\u00e9e<\/a>, sera par exemple le 12 novembre 2025 au Palais des Sports, \u00e0 Paris.<\/p>\n<p>Apr\u00e8s son concert \u00e0 Marseille le 30 novembre 2025, le chef de famille marquera une pause bien m\u00e9rit\u00e9e pour les f\u00eates de fin d&rsquo;ann\u00e9e et continuera <strong>son tour de chant en mars 2026.<\/strong> En tout, ce sont plus de 100 dates qu&rsquo;il a \u00e9tal\u00e9es sur deux ans. Sans doute la meilleure th\u00e9rapie apr\u00e8s un deuil douloureux.<\/p>\n<p>      Mentionn\u00e9s dans cet article<\/p>\n<p>      Sur le m\u00eame sujet<\/p>\n","protected":false},"excerpt":{"rendered":"Johnny Hallyday nous a quitt\u00e9s en d\u00e9cembre 2017, \u00e0 l&rsquo;\u00e2ge de 74 ans. Ce 24 septembre 2025, le&hellip;\n","protected":false},"author":2,"featured_media":415071,"comment_status":"","ping_status":"","sticky":false,"template":"","format":"standard","meta":{"footnotes":""},"categories":[1359],"tags":[1300,58,59,1011,27,1304,973],"class_list":{"0":"post-415070","1":"post","2":"type-post","3":"status-publish","4":"format-standard","5":"has-post-thumbnail","7":"category-people","8":"tag-david-hallyday","9":"tag-divertissement","10":"tag-entertainment","11":"tag-fr","12":"tag-france","13":"tag-johnny-hallyday","14":"tag-people"},"share_on_mastodon":{"url":"https:\/\/pubeurope.com\/@fr\/115261770596286988","error":""},"_links":{"self":[{"href":"https:\/\/www.europesays.com\/fr\/wp-json\/wp\/v2\/posts\/415070","targetHints":{"allow":["GET"]}}],"collection":[{"href":"https:\/\/www.europesays.com\/fr\/wp-json\/wp\/v2\/posts"}],"about":[{"href":"https:\/\/www.europesays.com\/fr\/wp-json\/wp\/v2\/types\/post"}],"author":[{"embeddable":true,"href":"https:\/\/www.europesays.com\/fr\/wp-json\/wp\/v2\/users\/2"}],"replies":[{"embeddable":true,"href":"https:\/\/www.europesays.com\/fr\/wp-json\/wp\/v2\/comments?post=415070"}],"version-history":[{"count":0,"href":"https:\/\/www.europesays.com\/fr\/wp-json\/wp\/v2\/posts\/415070\/revisions"}],"wp:featuredmedia":[{"embeddable":true,"href":"https:\/\/www.europesays.com\/fr\/wp-json\/wp\/v2\/media\/415071"}],"wp:attachment":[{"href":"https:\/\/www.europesays.com\/fr\/wp-json\/wp\/v2\/media?parent=415070"}],"wp:term":[{"taxonomy":"category","embeddable":true,"href":"https:\/\/www.europesays.com\/fr\/wp-json\/wp\/v2\/categories?post=415070"},{"taxonomy":"post_tag","embeddable":true,"href":"https:\/\/www.europesays.com\/fr\/wp-json\/wp\/v2\/tags?post=415070"}],"curies":[{"name":"wp","href":"https:\/\/api.w.org\/{rel}","templated":true}]}}