{"id":415088,"date":"2025-09-24T23:12:13","date_gmt":"2025-09-24T23:12:13","guid":{"rendered":"https:\/\/www.europesays.com\/fr\/415088\/"},"modified":"2025-09-24T23:12:13","modified_gmt":"2025-09-24T23:12:13","slug":"snapdragon-8-elite-gen-5-puissance-et-ia-le-cocktail-detonant-de-qualcomm-a-la-conquete-du-marche-du-smartphone","status":"publish","type":"post","link":"https:\/\/www.europesays.com\/fr\/415088\/","title":{"rendered":"Snapdragon 8 Elite Gen 5 : puissance et IA, le cocktail d\u00e9tonant de Qualcomm \u00e0 la conqu\u00eate du march\u00e9 du smartphone"},"content":{"rendered":"<p class=\"ed__a-p ed__bdy__l\">L\u2019organisation d\u2019un Snapdragon Summit par Qualcomm &#8211; il se tient cette ann\u00e9e du 23 au 25 septembre &#8211; est synonyme d\u2019annonces tr\u00e8s attendues chaque ann\u00e9e, parmi lesquelles celle d\u2019un nouveau chipset mobile destin\u00e9 \u00e0 \u00e9quiper une multitude de smartphones haut de gamme. Cette \u00e9dition ne d\u00e9roge pas \u00e0 la r\u00e8gle et accueille les d\u00e9buts du <a href=\"https:\/\/www.lesnumeriques.com\/telephone-portable\/snapdragon-8-elite-gen-5-la-nouvelle-arme-fatale-des-smartphones-android-arrive-enfin-n242413.html\" title=\"Snapdragon\u00a08 Elite Gen\u00a05\u00a0: la nouvelle arme fatale des smartphones Android arrive enfin\" rel=\"nofollow noopener\" target=\"_blank\">Snapdragon 8 Elite Gen 5<\/a>, que l&rsquo;on s&rsquo;attend \u00e0 retrouver au sein des smartphones stars des principaux fabricants de smartphones d\u00e8s la fin 2025, et tout au long de l&rsquo;ann\u00e9e 2026.<\/p>\n<p class=\"ed__a-p ed__bdy__l\"><img loading=\"lazy\" decoding=\"async\" src=\"data:image\/svg+xml,%3Csvg xmlns='http:\/\/www.w3.org\/2000\/svg'%3E%3C\/svg%3E\" draggable=\"false\" width=\"3000\" height=\"2594\" class=\"ed__title-xxs\" alt=\"Snapdragon 8 Elite Gen 5\" style=\"background-color: #f2f2f2; aspect-ratio:3000\/2594;\"\/><\/p>\n<p>            Publicit\u00e9, votre contenu continue ci-dessous<\/p>\n<p>        Publicit\u00e9<\/p>\n<p class=\"ed__a-p ed__bdy__l\">La nomenclature est plus complexe que jamais, mais esp\u00e9rons que les performances de cette puce succ\u00e9dant aux Snapdragon 8 Gen 3 (2023) et <a href=\"https:\/\/www.lesnumeriques.com\/mobilite\/qualcomm-lance-officiellement-sa-nouvelle-puce-snapdragon-8-elite-n227888.html\" title=\"Qualcomm lance sa nouvelle puce Snapdragon 8 Elite, toujours plus puissante c\u00f4t\u00e9 performances et IA\" rel=\"nofollow noopener\" target=\"_blank\">Snapdragon 8 Elite<\/a> (2024) fassent oublier son titre \u00e0 rallonge. Que retenir de cet SoC mobile ? D\u2019abord, qu\u2019il s\u2019appuie comme le 8 Elite sur des c\u0153urs Oryon (ici de 3e g\u00e9n\u00e9ration), dont le principal est cadenc\u00e9 \u00e0 4,6 GHz (4,3 GHz au sein du 8 Elite), et qui promettent des performances multit\u00e2ches en hausse de 20 %. \u00ab\u00a0Il s\u2019impose comme le CPU mobile le plus rapide au monde\u00a0\u00bb, se targue la firme am\u00e9ricaine, dont l\u2019annonce intervient tout juste quelques jours apr\u00e8s celle du <a href=\"https:\/\/www.lesnumeriques.com\/telephone-portable\/mediatek-dimensity-9500-30-milliards-de-transistors-dans-votre-smartphone-n242737.html\" title=\"MediaTek Dimensity 9500 : 30\u00a0milliards de transistors dans votre smartphone\" rel=\"nofollow noopener\" target=\"_blank\">Dimensity 9500 de MediaTek<\/a>, son rival annonc\u00e9.<\/p>\n<p class=\"ed__a-p ed__bdy__l\">Faut-il le pr\u00e9ciser ? La puce est synonyme de performances \u00e9galement revues \u00e0 la hausse sur le plan du GPU (puce graphique Adreno \u00e0 1,2 GHz) que Qualcomm estime \u00e0 +23 %. La puce int\u00e8gre le mod\u00e8le X85 de l\u2019am\u00e9ricain, mais aussi une puce wifi 7, Bluetooth et Ultra-Wide Band.<\/p>\n<p class=\"ed__a-p ed__bdy__l\"><img loading=\"lazy\" decoding=\"async\" src=\"data:image\/svg+xml,%3Csvg xmlns='http:\/\/www.w3.org\/2000\/svg'%3E%3C\/svg%3E\" draggable=\"false\" width=\"3000\" height=\"2250\" class=\"ed__title-xxs\" alt=\"Snapdragon 8 Elite Gen 5\" style=\"background-color: #f2f2f2; aspect-ratio:3000\/2250;\"\/><\/p>\n<p class=\"ed__a-p ed__bdy__l\">Que seraient ces \u00e9l\u00e9ments sans un mot sur l\u2019intelligence artificielle ? Elle est bien s\u00fbr au c\u0153ur de la strat\u00e9gie de Qualcomm, qui annonce que son NPU (Neural Processing Unit) Hexagon produit des performances en hausse de 37 % compar\u00e9es \u00e0 sa pr\u00e9c\u00e9dente g\u00e9n\u00e9ration. Il embarque \u00ab\u00a0des acc\u00e9l\u00e9rateurs IA pour que les appareils puissent ex\u00e9cuter les derniers mod\u00e8les de langage (LLM) qui animent les agents AI on-device sans \u00e9puiser la batterie\u00a0\u00bb. Des fonctions IA \u00e9conomes en \u00e9nergie, voici qui int\u00e9resse. On note en outre que l\u2019IA est mise \u00e0 profit par l\u2019ISP (en charge du traitement des images) pour le traitement des images nocturnes (Night Vision 3.0) et l\u2019ajustement des couleurs en temps r\u00e9el. Le Snapdragon 8 Elite Gen 5 se veut d\u2019ailleurs le compagnon parfait des vid\u00e9astes mobiles.<\/p>\n<p>Les premiers smartphones d\u00e9j\u00e0 attendus<\/p>\n<p class=\"ed__a-p ed__bdy__l\">La pr\u00e9sentation du Snapdragon 8 Elite Gen 5, que Qualcomm int\u00e8gre \u00e0 des smartphones-types (des \u00ab\u00a0designs de r\u00e9f\u00e9rence\u00a0\u00bb) sur lesquels nous avons pu faire tourner quelques benchmarks prometteurs, sera rapidement suivie de celle de smartphones qui l\u2019int\u00e9greront.<\/p>\n<p class=\"ed__a-p ed__bdy__l\"><img loading=\"lazy\" decoding=\"async\" src=\"data:image\/svg+xml,%3Csvg xmlns='http:\/\/www.w3.org\/2000\/svg'%3E%3C\/svg%3E\" draggable=\"false\" width=\"3000\" height=\"1893\" class=\"ed__title-xxs\" alt=\"Qualcomm Snapdragon 8 Elite Gen 5\" style=\"background-color: #f2f2f2; aspect-ratio:3000\/1893;\"\/><\/p>\n<p>Qualcomm Snapdragon 8 Elite Gen 5 : des benchmarks prometteurs, \u00e9videmment !<\/p>\n<p>\u00a9 Les Num\u00e9riques<\/p>\n<\/p>\n<p class=\"ed__a-p ed__bdy__l\">La firme am\u00e9ricaine cite pl\u00e9thore de fabricants, dont Honor, OnePlus, Oppo, Realme, Samsung ou Xiaomi, et on ne doute pas que l\u2019un des premiers terminaux ainsi \u00e9quip\u00e9s soit le <a href=\"https:\/\/www.lesnumeriques.com\/telephone-portable\/xiaomi-17-17-pro-rendez-vous-la-semaine-prochaine-pour-decouvrir-les-smartphones-de-premiers-details-deja-confirmes-n242861.html\" title=\"Xiaomi 17 &amp; 17 Pro\u00a0: rendez-vous la semaine prochaine pour d\u00e9couvrir les smartphones, de premiers d\u00e9tails d\u00e9j\u00e0 confirm\u00e9s\" rel=\"nofollow noopener\" target=\"_blank\">Xiaomi 17 Pro Max, dont l\u2019annonce est pr\u00e9vue le 25 septembre en Chine<\/a>. Realme confirme pour sa part qu\u2019un GT 8 Pro, \u00e0 officialiser d\u2019ici la fin de l\u2019ann\u00e9e en Europe, en sera \u00e9galement pourvu. La mention de Samsung rassure quant \u00e0 elle sur la probable inclusion de la puce au sein du <a href=\"https:\/\/www.lesnumeriques.com\/telephone-portable\/galaxy-s26-ultra-pro-et-edge-design-photo-et-recharge-les-dernieres-rumeurs-samsung-n242130.html\" title=\"Galaxy S26 Ultra, Pro et Edge\u00a0: design, photo, et recharge\u2026 Les derni\u00e8res rumeurs Samsung\" rel=\"nofollow noopener\" target=\"_blank\">Galaxy S26 Ultra<\/a>, ou du moins d\u2019une de ses versions, \u00e0 officialiser courant janvier 2026.<\/p>\n<p>            Publicit\u00e9, votre contenu continue ci-dessous<\/p>\n<p>        Publicit\u00e9<\/p>\n<p class=\"ed__a-p ed__bdy__l\">Les Num\u00e9riques s\u2019installe \u00e0 Beaugrenelle Paris pour <a href=\"https:\/\/www.lesnumeriques.com\/evenement\/les-jours-les-plus-tech-2025.html\" rel=\"nofollow noopener\" target=\"_blank\">Les Jours Les Plus Tech<\/a> : d\u00e9monstrations de produits, conseils d\u2019usage ou d\u2019achat, \u00e9changes avec nos journalistes\u2026D\u00e9couvrez le <a href=\"https:\/\/www.lesnumeriques.com\/evenement\/les-jours-les-plus-tech-2025.html\" rel=\"nofollow noopener\" target=\"_blank\">programme complet<\/a>.<\/p>\n","protected":false},"excerpt":{"rendered":"L\u2019organisation d\u2019un Snapdragon Summit par Qualcomm &#8211; il se tient cette ann\u00e9e du 23 au 25 septembre &#8211;&hellip;\n","protected":false},"author":2,"featured_media":415089,"comment_status":"","ping_status":"","sticky":false,"template":"","format":"standard","meta":{"footnotes":""},"categories":[7],"tags":[1011,27,43,40,41,39,42,44],"class_list":{"0":"post-415088","1":"post","2":"type-post","3":"status-publish","4":"format-standard","5":"has-post-thumbnail","7":"category-sciences-et-technologies","8":"tag-fr","9":"tag-france","10":"tag-science","11":"tag-science-and-technology","12":"tag-sciences","13":"tag-sciences-et-technologies","14":"tag-technologies","15":"tag-technology"},"share_on_mastodon":{"url":"https:\/\/pubeurope.com\/@fr\/115261810035694597","error":""},"_links":{"self":[{"href":"https:\/\/www.europesays.com\/fr\/wp-json\/wp\/v2\/posts\/415088","targetHints":{"allow":["GET"]}}],"collection":[{"href":"https:\/\/www.europesays.com\/fr\/wp-json\/wp\/v2\/posts"}],"about":[{"href":"https:\/\/www.europesays.com\/fr\/wp-json\/wp\/v2\/types\/post"}],"author":[{"embeddable":true,"href":"https:\/\/www.europesays.com\/fr\/wp-json\/wp\/v2\/users\/2"}],"replies":[{"embeddable":true,"href":"https:\/\/www.europesays.com\/fr\/wp-json\/wp\/v2\/comments?post=415088"}],"version-history":[{"count":0,"href":"https:\/\/www.europesays.com\/fr\/wp-json\/wp\/v2\/posts\/415088\/revisions"}],"wp:featuredmedia":[{"embeddable":true,"href":"https:\/\/www.europesays.com\/fr\/wp-json\/wp\/v2\/media\/415089"}],"wp:attachment":[{"href":"https:\/\/www.europesays.com\/fr\/wp-json\/wp\/v2\/media?parent=415088"}],"wp:term":[{"taxonomy":"category","embeddable":true,"href":"https:\/\/www.europesays.com\/fr\/wp-json\/wp\/v2\/categories?post=415088"},{"taxonomy":"post_tag","embeddable":true,"href":"https:\/\/www.europesays.com\/fr\/wp-json\/wp\/v2\/tags?post=415088"}],"curies":[{"name":"wp","href":"https:\/\/api.w.org\/{rel}","templated":true}]}}