{"id":41509,"date":"2025-04-21T12:43:10","date_gmt":"2025-04-21T12:43:10","guid":{"rendered":"https:\/\/www.europesays.com\/fr\/41509\/"},"modified":"2025-04-21T12:43:10","modified_gmt":"2025-04-21T12:43:10","slug":"sylvain-moniquet-quand-je-vois-dou-je-viens-ce-nest-pas-si-mal-actualite","status":"publish","type":"post","link":"https:\/\/www.europesays.com\/fr\/41509\/","title":{"rendered":"Sylvain Moniquet : \u00ab Quand je vois d&rsquo;o\u00f9 je viens, ce n&rsquo;est pas si mal \u00bb &#8211; Actualit\u00e9"},"content":{"rendered":"<p style=\"text-align: justify;\">Sylvain Moniquet a lanc\u00e9 une bonne dynamique, ce week-end, sur le triptyque franc-comtois. Apr\u00e8s une 6e place vendredi \u00e0 la Classic Grand Besan\u00e7on Doubs, il a d\u00e9croch\u00e9 deux 13e places les deux jours suivants, au Tour du Jura et au Tour du Doubs. \u00ab\u00a0\u00c7a s&rsquo;est bien pass\u00e9 vendredi surtout, hier (samedi) un peu moins, j&rsquo;avais des jambes un peu moins bonnes. Niveau collectif, je pense qu&rsquo;on a quand m\u00eame bien jou\u00e9 ici\u00a0\u00bb. Le\u00a0pensionnaire de Cofidis ne venait pas en Bourgogne-Franche-Comt\u00e9 pour regarder la course. \u00ab\u00a0Je voulais vraiment venir avec de grandes attentes, surtout en vue de la Fl\u00e8che et de Li\u00e8ge-Bastogne-Li\u00e8ge la semaine prochaine. Je pense que je peux \u00eatre assez satisfait malgr\u00e9 la petite d\u00e9faillance dans le final samedi. Mais je pense que les sensations sont bonnes. Et quand je vois d&rsquo;o\u00f9 je viens avec la blessure, ce n&rsquo;est pas si mal\u00a0\u00bb.<\/p>\n<p>En effet, 2025 avait bien mal commenc\u00e9 pour le Belge, puisqu&rsquo;il a \u00e9t\u00e9 victime d&rsquo;un accident \u00e0 l&rsquo;entrainement. \u00ab\u00a0J&rsquo;ai \u00e9t\u00e9 renvers\u00e9 d\u00e9but janvier, donc l\u00e0 j&rsquo;ai d\u00e9j\u00e0 eu trois semaines sans v\u00e9lo. J&rsquo;ai perdu un mois d&rsquo;entra\u00eenement, en gros, avec la chute, puis les probl\u00e8mes de genoux ont commenc\u00e9, etc. J&rsquo;ai d\u00fb faire l&rsquo;impasse sur tout le d\u00e9but de la saison et j&rsquo;ai recommenc\u00e9 \u00e0 Paris-Nice. Je n&rsquo;avais rien dans le sac et l\u00e0 je reviens petit \u00e0 petit\u00a0\u00bb, raconte-t-il. Surtout que cette ann\u00e9e, Sylvain Moniquet porte un autre maillot apr\u00e8s quatre ann\u00e9es chez Lotto. \u00ab\u00a0\u00c7a change un peu, \u00e7a change d&rsquo;air. C&rsquo;est bien de voir de nouvelles choses, d&rsquo;avoir d&rsquo;autres perspectives, d&rsquo;autres tactiques, etc. Le fait d&rsquo;avoir un autre r\u00f4le motive aussi. Je pense que j&rsquo;ai fait le bon choix\u00a0\u00bb.<\/p>\n<p><strong>\u00ab IL Y A MOINS SOUVENT UN SEUL LEADER \u00bb<\/strong><\/p>\n<p>Ce n&rsquo;est pas la premi\u00e8re exp\u00e9rience en France pour le coureur de 27 ans, puisqu&rsquo;il avait \u00e9volu\u00e9 une saison avec la Conti Groupama-FDJ. Mais ce n&rsquo;est pas la nostalgie de l&rsquo;Hexagone qui l&rsquo;a men\u00e9 vers Cofidis. \u00ab\u00a0\u00c7a, peu importe. C&rsquo;est surtout que j&rsquo;aime bien la philosophie qu&rsquo;ils ont, avec des cartes blanches, je voulais de la libert\u00e9. Quand j&rsquo;ai vu les transferts qu&rsquo;ils faisaient pour cette ann\u00e9e, je me suis dit qu&rsquo;on allait avoir une grosse \u00e9quipe et que les r\u00e9sultats allaient suivre. C&rsquo;est le cas pour le moment\u00a0\u00bb. T\u00e2che \u00e0 lui de maintenir \u00e0 flot la structure manag\u00e9e par C\u00e9dric Vasseur. \u00ab\u00a0Je pense qu&rsquo;il faut ramener des points, faire des bons r\u00e9sultats, notamment sur des courses comme ici. Peut-\u00eatre que sur les plus grosses courses du genre Li\u00e8ge-Bastogne-Li\u00e8ge, j&rsquo;aiderai (Alex) Aranburu, par exemple. C&rsquo;est un bon compromis\u00a0\u00bb.<\/p>\n<p>Cette qu\u00eate de points va l&rsquo;aider dans sa mani\u00e8re de courir. \u00ab\u00a0Il y a moins souvent un seul leader. Maintenant, c&rsquo;est plus souvent plusieurs coureurs qui jouent leur carte. \u00c7a fonctionne pour le moment donc c&rsquo;est une bonne chose. C&rsquo;est tout \u00e7a qui a fait que j&rsquo;ai chang\u00e9 d&rsquo;\u00e9quipe. M\u00eame si de temps en temps, j&rsquo;aime aussi pouvoir mettre ma pierre \u00e0 l&rsquo;\u00e9difice pour un leader\u00a0\u00bb. Parmi les bons coureurs du peloton Espoir durant sa p\u00e9riode avec Groupama-FDJ, Sylvain Moniquet a depuis connu des hauts et des bas. \u00ab\u00a0Je pense que je suis sur une courbe ascendante depuis que je suis pass\u00e9 professionnel. C&rsquo;est le truc \u00e0 retenir. C&rsquo;est souvent que des gars r\u00e9gressent\u00a0\u00bb. La suite se fera donc \u00e0 la Fl\u00e8che et \u00e0 Li\u00e8ge, des courses qu&rsquo;il connait tr\u00e8s bien, avant le Giro \u00ab\u00a0pour chercher une victoire d&rsquo;\u00e9tape et aller dans les \u00e9chapp\u00e9es, mais pas vraiment un g\u00e9n\u00e9ral\u00a0\u00bb, et continuer sa mont\u00e9e en puissance.<\/p>\n<p><img loading=\"lazy\" decoding=\"async\" src=\"https:\/\/www.europesays.com\/fr\/wp-content\/uploads\/2025\/04\/6804be407ccde.jpg\" alt=\"\" width=\"650\" height=\"488\"\/><\/p>\n","protected":false},"excerpt":{"rendered":"Sylvain Moniquet a lanc\u00e9 une bonne dynamique, ce week-end, sur le triptyque franc-comtois. Apr\u00e8s une 6e place vendredi&hellip;\n","protected":false},"author":2,"featured_media":41510,"comment_status":"","ping_status":"","sticky":false,"template":"","format":"standard","meta":{"footnotes":""},"categories":[1411],"tags":[834,828,836,829,837,827,83,826,824,823,1154,207,814,817,815,816,822,821,832,211,839,1011,27,820,818,819,835,831,830,833,838,60,212,208,825],"class_list":{"0":"post-41509","1":"post","2":"type-post","3":"status-publish","4":"format-standard","5":"has-post-thumbnail","7":"category-cyclisme","8":"tag-attaque","9":"tag-belgique","10":"tag-braquet","11":"tag-bretagne","12":"tag-chute","13":"tag-competition","14":"tag-coupe-de-france","15":"tag-coureur","16":"tag-course-cyclisme","17":"tag-course-cycliste","18":"tag-cycling","19":"tag-cyclisme","20":"tag-direct","21":"tag-direct-velo","22":"tag-directvelo","23":"tag-directvelo-com","24":"tag-epreuve","25":"tag-epreuve-cycliste","26":"tag-federation-francaise-de-cyclisme","27":"tag-ffc","28":"tag-flandres","29":"tag-fr","30":"tag-france","31":"tag-live","32":"tag-live-course","33":"tag-live-epreuve","34":"tag-peloton","35":"tag-radio-peloton","36":"tag-radio-tour","37":"tag-ravitaillement","38":"tag-relance","39":"tag-sports","40":"tag-uci","41":"tag-velo","42":"tag-velos"},"share_on_mastodon":{"url":"https:\/\/pubeurope.com\/@fr\/114376016142472362","error":""},"_links":{"self":[{"href":"https:\/\/www.europesays.com\/fr\/wp-json\/wp\/v2\/posts\/41509","targetHints":{"allow":["GET"]}}],"collection":[{"href":"https:\/\/www.europesays.com\/fr\/wp-json\/wp\/v2\/posts"}],"about":[{"href":"https:\/\/www.europesays.com\/fr\/wp-json\/wp\/v2\/types\/post"}],"author":[{"embeddable":true,"href":"https:\/\/www.europesays.com\/fr\/wp-json\/wp\/v2\/users\/2"}],"replies":[{"embeddable":true,"href":"https:\/\/www.europesays.com\/fr\/wp-json\/wp\/v2\/comments?post=41509"}],"version-history":[{"count":0,"href":"https:\/\/www.europesays.com\/fr\/wp-json\/wp\/v2\/posts\/41509\/revisions"}],"wp:featuredmedia":[{"embeddable":true,"href":"https:\/\/www.europesays.com\/fr\/wp-json\/wp\/v2\/media\/41510"}],"wp:attachment":[{"href":"https:\/\/www.europesays.com\/fr\/wp-json\/wp\/v2\/media?parent=41509"}],"wp:term":[{"taxonomy":"category","embeddable":true,"href":"https:\/\/www.europesays.com\/fr\/wp-json\/wp\/v2\/categories?post=41509"},{"taxonomy":"post_tag","embeddable":true,"href":"https:\/\/www.europesays.com\/fr\/wp-json\/wp\/v2\/tags?post=41509"}],"curies":[{"name":"wp","href":"https:\/\/api.w.org\/{rel}","templated":true}]}}