{"id":415094,"date":"2025-09-24T23:15:26","date_gmt":"2025-09-24T23:15:26","guid":{"rendered":"https:\/\/www.europesays.com\/fr\/415094\/"},"modified":"2025-09-24T23:15:26","modified_gmt":"2025-09-24T23:15:26","slug":"vous-nous-racontez-une-histoire-mais-vous-nen-savez-rien-lenquete-passee-au-crible","status":"publish","type":"post","link":"https:\/\/www.europesays.com\/fr\/415094\/","title":{"rendered":"\u00ab\u00a0Vous nous racontez une histoire mais vous n\u2019en savez rien\u00a0\u00bb\u2026 L\u2019enqu\u00eate pass\u00e9e au crible"},"content":{"rendered":"<p>Le troisi\u00e8me jour du proc\u00e8s pour meurtre de <a href=\"https:\/\/www.20minutes.fr\/justice\/4175009-20250924-proces-cedric-jubillar-accuse-dit-comprendre-colere-fils-louis\" target=\"_blank\" class=\"c-link c-link--is-underlined\" rel=\"noopener\">C\u00e9dric Jubillar<\/a> s\u2019ouvre sur un parall\u00e8le saisissant\u00a0: dehors, un vent frisquet balaie les rues <a href=\"https:\/\/www.20minutes.fr\/dossier\/albi\" class=\"c-link c-link--is-underlined\" target=\"_blank\" rel=\"noopener\">d\u2019Albi<\/a> dans le <a href=\"https:\/\/www.20minutes.fr\/toulouse\/tarn\/\" class=\"c-link c-link--is-underlined\" target=\"_blank\" rel=\"noopener\">Tarn<\/a>, tandis qu\u2019\u00e0 l\u2019int\u00e9rieur du tribunal, la tension et la temp\u00e9rature montent. L\u2019audience entre enfin dans le vif du sujet\u00a0: l\u2019enqu\u00eate qui a men\u00e9 \u00e0 ce <a href=\"https:\/\/www.20minutes.fr\/justice\/4174737-20250923-proces-cedric-jubillar-petit-louis-convaincu-pere-responsable-disparition-mere\" target=\"_blank\" class=\"c-link c-link--is-underlined\" rel=\"noopener\">proc\u00e8s aux assises<\/a>. Mardi apr\u00e8s-midi et mercredi, la cour a auditionn\u00e9 tout d\u2019abord les gendarmes dits primo-intervenants \u2013 Fanny L., Sophie F \u2013 et leur sup\u00e9rieur S\u00e9bastien E. Ils ont racont\u00e9 les premi\u00e8res constatations dans cette maison inachev\u00e9e de Cagnac-les-Mines\u00a0: C\u00e9dric alternant calme et stress, les enfants endormis, le v\u00e9hicule de Delphine gar\u00e9 en descente \u2013 un indice cl\u00e9 pour l\u2019accusation, sugg\u00e9rant un d\u00e9placement nocturne. Mais la d\u00e9fense, men\u00e9e par Me Emmanuelle Franck et Me Alexandre Martin, d\u00e9monte ce r\u00e9cit point par point. Et ce, pendant deux jours.<\/p>\n<\/p>\n<p>\u00ab\u00a0Vous ne pensez qu\u2019\u00e0 [C\u00e9dric]\u00a0\u00bb<\/p>\n<p>O\u00f9 est pass\u00e9 le \u00ab\u00a0petit fourgon blanc\u00a0\u00bb gar\u00e9 devant le domicile\u00a0? \u00ab\u00a0Ni vous, ni votre coll\u00e8gue, cela ne vous semble int\u00e9ressant de mentionner ces deux \u00e9l\u00e9ments hyper importants devant la cour\u00a0\u00bb, lance Me Franck, \u00e9voquant aussi l\u2019omission du t\u00e9moignage de la meilleure amie de Delphine, qui a affirm\u00e9 qu\u2019il lui arrivait \u00ab\u00a0de se balader r\u00e9guli\u00e8rement \u00e0 pied la nuit\u00a0\u00bb. Un fait contredisant la th\u00e8se d\u2019une femme effray\u00e9e par l\u2019obscurit\u00e9, jamais sortie seule. \u00ab\u00a0\u00cates-vous brief\u00e9es avant de venir devant nous\u00a0?\u00a0\u00bb, insinue l\u2019avocate, sous-entendant une pr\u00e9paration orient\u00e9e. Les gendarmes r\u00e9futent, \u00e9voquant des formations g\u00e9n\u00e9rales de la gendarmerie pour les assises. Thierry D., major de la brigade de Cagnac, est \u00e0 son tour \u00e9pingl\u00e9\u00a0: \u00ab\u00a0Les premiers actes que vous allez mener sont des actes \u00e0 l\u2019encontre de C\u00e9dric Jubillar, vous ne pensez qu\u2019\u00e0 lui\u00a0\u00bb, reproche Me Martin. \u00ab\u00a0Je n\u2019ai pas dit \u00e7a\u00a0\u00bb, r\u00e9torque l\u2019officier. \u00ab\u00a0Aucune piste, par exp\u00e9rience, ne peut \u00eatre \u00e9cart\u00e9e et bien entendu la famille est dans le noyau des personnes qui peuvent \u00eatre \u00e0 l\u2019origine de la disparition.\u00a0\u00bb<\/p>\n<p>\u00ab\u00a0Vous ne demandez rien, vous ne faites rien\u00a0\u00bb<\/p>\n<p>Puis J\u00e9r\u00f4me G., de la section de recherches de Toulouse, et Bernard L., le directeur d\u2019enqu\u00eate, arrivent \u00e0 la barre. L\u00e0, c\u2019est du lourd\u00a0: des mois de battues g\u00e9antes, perquisitions, fouilles dans les bois environnants \u2013 un \u00ab\u00a0gros boulot\u00a0\u00bb, avec des moyens massifs d\u00e9ploy\u00e9s d\u00e8s l\u2019aube du 16\u00a0d\u00e9cembre 2020. Mais la d\u00e9fense y voit un g\u00e2chis\u00a0: recherches \u00ab\u00a0pour rien\u00a0\u00bb, C\u00e9dric dans le viseur \u00ab\u00a0trop vite\u00a0\u00bb. L\u2019interrogatoire de Bernard L. par les avocats de la d\u00e9fense dure trois heures. Impitoyable, Me Franck le presse sur les d\u00e9tails\u00a0: pourquoi n\u2019avoir pas pouss\u00e9 les auditions de certains t\u00e9moins\u00a0? Pourquoi ignorer les v\u00e9rifications sur des pistes alternatives, comme des tests ADN sur d\u2019autres hommes\u00a0? Pourquoi ne pas \u00e9voquer que C\u00e9dric se pr\u00e9parait \u00e0 ce divorce\u00a0? Le directeur en difficult\u00e9 est incapable de r\u00e9pondre pr\u00e9cis\u00e9ment. Ce dernier avait pourtant conclu l\u2019audition sur son enqu\u00eate clairement\u00a0: \u00ab\u00a0[C\u00e9dric] avait la motivation, un mobile et l\u2019opportunit\u00e9\u00a0\u00bb.<\/p>\n<p>\u00ab\u00a0Vous nous racontez une histoire mais vous n\u2019en savez rien\u00a0\u00bb, ass\u00e8ne Me Franck. \u00ab\u00a0Vous ne demandez rien, vous ne faites rien\u00a0\u00bb, ajoute-t-elle, apr\u00e8s avoir list\u00e9 des manquements flagrants\u00a0: auditions b\u00e2cl\u00e9es, v\u00e9rifications omises, ADN non test\u00e9s. Bernard L. marmonne, d\u00e9stabilis\u00e9 par ces attaques. La joute verbale s\u2019amplifie alors entre d\u00e9fense et parties civiles\u00a0; en fin de journ\u00e9e, mercredi, Me Franck s\u2019\u00e9nerve ouvertement, le ton monte, les accusations fusent \u2013 un climat \u00e9lectrique qui souligne les failles d\u2019une enqu\u00eate jug\u00e9e \u00ab\u00a0exclusivement orient\u00e9e\u00a0\u00bb vers l\u2019accus\u00e9. La strat\u00e9gie paie\u00a0: en discr\u00e9ditant ces bases, la d\u00e9fense vise \u00e0 saper tout le dossier.<\/p>\n<p>La piste du chemin de Pign\u00e8s remise sur la table<\/p>\n<p>La d\u00e9fense ne s\u2019arr\u00eate pas l\u00e0\u00a0: elle rouvre des voies alternatives, ces \u00ab\u00a0dilutions et diversions\u00a0\u00bb d\u00e9nonc\u00e9es par Me Laurent de Caunes, avocat du fr\u00e8re de Delphine, comme une perte de temps. Focus sur le chemin de Pign\u00e8s, ce sentier isol\u00e9 pr\u00e8s de Cagnac. Olivier L., chauffeur de taxi, t\u00e9moigne en premier\u00a0: \u00e0 l\u2019aube du 16\u00a0d\u00e9cembre, dans la brume \u00e9paisse, il roule \u00e0 60\u00a0km\/h et aper\u00e7oit \u00ab\u00a0une silhouette en doudoune beige marchant sur le c\u00f4t\u00e9 droit, en direction de Gaillac\u00a0\u00bb, un \u00ab\u00a0petit gabarit\u00a0\u00bb \u2013 mais impossible d\u2019affirmer s\u2019il s\u2019agit d\u2019une femme. Les gendarmes, eux, ne s\u2019emballent pas\u00a0: piste ti\u00e8de, trop vague pour enflammer l\u2019enqu\u00eate.<\/p>\n<p>Vient ensuite J\u00e9r\u00f4me V., un automobiliste se rendant au travail, qui dit avoir vu une voiture stationn\u00e9e sur ce chemin, plafonnier allum\u00e9 \u2013 d\u00e9tail corrobor\u00e9 par sa coll\u00e8gue Deborah D., qui confirme avoir vu un v\u00e9hicule suspect en allant au boulot. L\u00e0 encore, les enqu\u00eateurs haussent les \u00e9paules\u00a0: une ombre dans la nuit. La d\u00e9fense y voit un scandale\u00a0: pourquoi n\u2019avoir pas fouill\u00e9 plus\u00a0? Ces t\u00e9moignages, entendus ce mercredi, ravivent le doute sur une Delphine partie volontairement, en balade nocturne ou pour rendez-vous secret. Mais l\u2019accusation balaie\u00a0: recherches exhaustives men\u00e9es, sans r\u00e9sultat concret. C\u00e9dric Jubillar, dans son box, semble au fur et \u00e0 mesure des interventions de ses avocats plus d\u00e9tendu.<\/p>\n<p>Un unique t\u00e9moignage qui laisse muet la d\u00e9fense<\/p>\n<p>Jusqu\u2019\u00e0 l\u2019arriv\u00e9e de la commandante Sophie L. Cette enqu\u00eatrice chevronn\u00e9e tue dans l\u2019\u0153uf les critiques d\u2019une enqu\u00eate b\u00e2cl\u00e9e. D\u2019une voix pos\u00e9e, elle d\u00e9taille les protocoles\u00a0: \u00ab\u00a0Aucune piste n\u2019a \u00e9t\u00e9 \u00e9cart\u00e9e\u00a0\u00bb, mart\u00e8le-t-elle, du suicide \u00e0 la disparition volontaire ou l\u2019enl\u00e8vement, expliquant les v\u00e9rifications crois\u00e9es, les battues syst\u00e9matiques, les analyses ADN pouss\u00e9es. Le travail titanesque des \u00e9quipes d\u2019investigation \u00e9merge\u00a0: des milliers d\u2019heures, des experts mobilis\u00e9s, un dossier b\u00e9ton malgr\u00e9 les zones d\u2019ombre. Pour la premi\u00e8re fois depuis l\u2019ouverture du proc\u00e8s, la d\u00e9fense reste muette \u2013 pas une question.<\/p>\n<p><a href=\"https:\/\/www.20minutes.fr\/faits_divers\/affaire-jubillar\/\" class=\"c-link c-btn c-btn--primary\" target=\"_blank\" rel=\"noopener\">Notre dossier sur l&rsquo;affaire Jubillar<\/a><\/p>\n<p>Ce portrait nuanc\u00e9 d\u2019une enqu\u00eate colossale, imparfaite mais rigoureuse, laisse la cour face \u00e0 son myst\u00e8re\u00a0: Delphine, l\u2019infirmi\u00e8re timide et d\u00e9vou\u00e9e, disparue sans trace. L\u2019audience du jour, entre omissions et rebondissements, n\u2019a rien perdu de son \u00e9paisseur. Verdict attendu le 17\u00a0octobre.<\/p>\n","protected":false},"excerpt":{"rendered":"Le troisi\u00e8me jour du proc\u00e8s pour meurtre de C\u00e9dric Jubillar s\u2019ouvre sur un parall\u00e8le saisissant\u00a0: dehors, un vent&hellip;\n","protected":false},"author":2,"featured_media":415095,"comment_status":"","ping_status":"","sticky":false,"template":"","format":"standard","meta":{"footnotes":""},"categories":[4],"tags":[47,11,33044,7296,2715,3555,1011,27,303,2721,12,2680,2694,25,8412,797],"class_list":{"0":"post-415094","1":"post","2":"type-post","3":"status-publish","4":"format-standard","5":"has-post-thumbnail","7":"category-france","8":"tag-actualite","9":"tag-actualites","10":"tag-affaire-jubillar","11":"tag-albi","12":"tag-disparition","13":"tag-feminicide","14":"tag-fr","15":"tag-france","16":"tag-justice","17":"tag-midi-pyrenees","18":"tag-news","19":"tag-occitanie","20":"tag-proces","21":"tag-republique-francaise","22":"tag-tarn","23":"tag-violences-faites-aux-femmes"},"share_on_mastodon":{"url":"https:\/\/pubeurope.com\/@fr\/115261821762636646","error":""},"_links":{"self":[{"href":"https:\/\/www.europesays.com\/fr\/wp-json\/wp\/v2\/posts\/415094","targetHints":{"allow":["GET"]}}],"collection":[{"href":"https:\/\/www.europesays.com\/fr\/wp-json\/wp\/v2\/posts"}],"about":[{"href":"https:\/\/www.europesays.com\/fr\/wp-json\/wp\/v2\/types\/post"}],"author":[{"embeddable":true,"href":"https:\/\/www.europesays.com\/fr\/wp-json\/wp\/v2\/users\/2"}],"replies":[{"embeddable":true,"href":"https:\/\/www.europesays.com\/fr\/wp-json\/wp\/v2\/comments?post=415094"}],"version-history":[{"count":0,"href":"https:\/\/www.europesays.com\/fr\/wp-json\/wp\/v2\/posts\/415094\/revisions"}],"wp:featuredmedia":[{"embeddable":true,"href":"https:\/\/www.europesays.com\/fr\/wp-json\/wp\/v2\/media\/415095"}],"wp:attachment":[{"href":"https:\/\/www.europesays.com\/fr\/wp-json\/wp\/v2\/media?parent=415094"}],"wp:term":[{"taxonomy":"category","embeddable":true,"href":"https:\/\/www.europesays.com\/fr\/wp-json\/wp\/v2\/categories?post=415094"},{"taxonomy":"post_tag","embeddable":true,"href":"https:\/\/www.europesays.com\/fr\/wp-json\/wp\/v2\/tags?post=415094"}],"curies":[{"name":"wp","href":"https:\/\/api.w.org\/{rel}","templated":true}]}}